{"id":579469,"date":"2023-03-31T00:01:16","date_gmt":"2023-03-31T06:01:16","guid":{"rendered":"https:\/\/www.diarioimagen.net\/?p=579469"},"modified":"2023-03-31T02:37:17","modified_gmt":"2023-03-31T08:37:17","slug":"se-intensificara-el-operativo-de-seguridad-semana-santa-2023-en-edomex-desde-hoy","status":"publish","type":"post","link":"https:\/\/www.diarioimagen.net\/?p=579469","title":{"rendered":"Se intensificar\u00e1 el operativo de seguridad Semana Santa 2023 en Edomex, desde hoy"},"content":{"rendered":"<p>&nbsp;<\/p>\n<ul>\n<li><em><strong>Concluir\u00e1 el 14 de abril<\/strong><\/em><\/li>\n<\/ul>\n<p>&nbsp;<\/p>\n<div id=\"attachment_579586\" style=\"width: 470px\" class=\"wp-caption aligncenter\"><a href=\"https:\/\/www.diarioimagen.net\/?attachment_id=579586\" rel=\"attachment wp-att-579586\"><img loading=\"lazy\" decoding=\"async\" aria-describedby=\"caption-attachment-579586\" class=\"size-full wp-image-579586\" src=\"https:\/\/www.diarioimagen.net\/wp-content\/uploads\/2023\/03\/intensificara-operativo.jpg\" alt=\"\" width=\"460\" height=\"270\" \/><\/a><p id=\"caption-attachment-579586\" class=\"wp-caption-text\">El operativo \u201cSemana Santa 2023\u201d en Edomex se intensificar\u00e1 a partir del 31 de este mes y hasta el 14 de abril, con la participaci\u00f3n de dos mil 344 polic\u00edas.<\/p><\/div>\n<p>&nbsp;<\/p>\n<p><strong>Toluca, Estado de M\u00e9xico.\u2014<\/strong> Desde el pasado 24 de marzo, inici\u00f3 el operativo \u201cSemana Santa 2023\u201d, el cual se intensificar\u00e1 a partir del 31 de este mismo mes y hasta el 14 de abril, con dos mil 344 polic\u00edas, esto, luego del inicio del periodo vacacional, para garantizar la seguridad de turistas en el Estado de M\u00e9xico. Lo anterior, a fin de proteger el trayecto y los bienes de la ciudadan\u00eda, la Secretar\u00eda de Seguridad Estatal (SS), inici\u00f3 el despliegue operativo con motivo de esta celebraci\u00f3n; donde se llevan a cabo patrullajes inteligentes con drones t\u00e1cticos, dispositivos viales, cortes de circulaci\u00f3n y patrullajes pie a tierra.<\/p>\n<p>Las acciones ser\u00e1n reforzadas a partir del cierre de este mes en las inmediaciones de centros de culto, centros tur\u00edsticos y de esparcimiento de gran afluencia.<\/p>\n<p>Adem\u00e1s, instalaron cuatro m\u00f3dulos de atenci\u00f3n en los municipios de Toluca, Temascaltepec, Tenango del Valle y Atlacomulco, mediante el programa H\u00e9roes Paisanos para brindar asesor\u00eda y atenci\u00f3n ante cualquier situaci\u00f3n que requieran.<\/p>\n<p>Para esta causa, los uniformados est\u00e1n apoyados de 572 unidades, ocho drones t\u00e1cticos, 25 caninos y 25 equinos, estos \u00faltimos con quienes efectuar\u00e1n recorridos de proximidad.<\/p>\n<p>Este estado de fuerza se encuentra encargado de resguardar aproximadamente cuatro mil 651 centros religiosos, 228 representaciones del viacrucis, 189 procesiones del silencio y 132 centros tur\u00edsticos.<\/p>\n","protected":false},"excerpt":{"rendered":"<p>Desde el pasado 24 de marzo, inici\u00f3 el operativo \u201cSemana Santa 2023\u201d, el cual se intensificar\u00e1 a partir del 31 de este mismo mes y hasta el 14 de abril, con dos mil 344 polic\u00edas, esto, luego del inicio del periodo vacacional, para garantizar la seguridad de turistas en el Estado de M\u00e9xico. Lo anterior, a fin de proteger el trayecto y los bienes de la ciudadan\u00eda, la Secretar\u00eda de Seguridad Estatal (SS), inici\u00f3 el despliegue operativo con motivo de esta celebraci\u00f3n; donde se llevan a cabo patrullajes inteligentes con drones t\u00e1cticos, dispositivos viales, cortes de circulaci\u00f3n y patrullajes pie a tierra.<\/p>\n","protected":false},"author":3,"featured_media":579586,"comment_status":"open","ping_status":"open","sticky":false,"template":"","format":"standard","meta":{"_monsterinsights_skip_tracking":false,"_monsterinsights_sitenote_active":false,"_monsterinsights_sitenote_note":"","_monsterinsights_sitenote_category":0,"footnotes":""},"categories":[5],"tags":[43675,43677,2406,452],"class_list":["post-579469","post","type-post","status-publish","format-standard","has-post-thumbnail","hentry","category-estado-de-mexico","tag-estado-de-mexico","tag-seguridad","tag-semana-santa","tag-toluca"],"_links":{"self":[{"href":"https:\/\/www.diarioimagen.net\/index.php?rest_route=\/wp\/v2\/posts\/579469","targetHints":{"allow":["GET"]}}],"collection":[{"href":"https:\/\/www.diarioimagen.net\/index.php?rest_route=\/wp\/v2\/posts"}],"about":[{"href":"https:\/\/www.diarioimagen.net\/index.php?rest_route=\/wp\/v2\/types\/post"}],"author":[{"embeddable":true,"href":"https:\/\/www.diarioimagen.net\/index.php?rest_route=\/wp\/v2\/users\/3"}],"replies":[{"embeddable":true,"href":"https:\/\/www.diarioimagen.net\/index.php?rest_route=%2Fwp%2Fv2%2Fcomments&post=579469"}],"version-history":[{"count":0,"href":"https:\/\/www.diarioimagen.net\/index.php?rest_route=\/wp\/v2\/posts\/579469\/revisions"}],"wp:featuredmedia":[{"embeddable":true,"href":"https:\/\/www.diarioimagen.net\/index.php?rest_route=\/wp\/v2\/media\/579586"}],"wp:attachment":[{"href":"https:\/\/www.diarioimagen.net\/index.php?rest_route=%2Fwp%2Fv2%2Fmedia&parent=579469"}],"wp:term":[{"taxonomy":"category","embeddable":true,"href":"https:\/\/www.diarioimagen.net\/index.php?rest_route=%2Fwp%2Fv2%2Fcategories&post=579469"},{"taxonomy":"post_tag","embeddable":true,"href":"https:\/\/www.diarioimagen.net\/index.php?rest_route=%2Fwp%2Fv2%2Ftags&post=579469"}],"curies":[{"name":"wp","href":"https:\/\/api.w.org\/{rel}","templated":true}]}}