{"id":579472,"date":"2023-03-31T00:03:41","date_gmt":"2023-03-31T06:03:41","guid":{"rendered":"https:\/\/www.diarioimagen.net\/?p=579472"},"modified":"2023-03-31T02:35:22","modified_gmt":"2023-03-31T08:35:22","slug":"entrega-secretario-del-suteym-pliego-petitorio-2023-al-gobierno-mexiquense","status":"publish","type":"post","link":"https:\/\/www.diarioimagen.net\/?p=579472","title":{"rendered":"Entrega secretario del SUTEyM Pliego Petitorio 2023 al gobierno mexiquense"},"content":{"rendered":"<p>&nbsp;<\/p>\n<ul>\n<li><em><strong>Reconoce disposici\u00f3n de autoridades<\/strong><\/em><\/li>\n<\/ul>\n<p>&nbsp;<\/p>\n<div id=\"attachment_579580\" style=\"width: 470px\" class=\"wp-caption aligncenter\"><a href=\"https:\/\/www.diarioimagen.net\/?attachment_id=579580\" rel=\"attachment wp-att-579580\"><img loading=\"lazy\" decoding=\"async\" aria-describedby=\"caption-attachment-579580\" class=\"size-full wp-image-579580\" src=\"https:\/\/www.diarioimagen.net\/wp-content\/uploads\/2023\/03\/entrega-secretario.jpg\" alt=\"\" width=\"460\" height=\"270\" \/><\/a><p id=\"caption-attachment-579580\" class=\"wp-caption-text\">El secretario del SUTEyM, Herminio Cahue Calder\u00f3n, entreg\u00f3 al secretario de Finanzas del gobierno mexiquense, Rodrigo Jarque Lira, el Pliego Petitorio 2023.<\/p><\/div>\n<p>&nbsp;<\/p>\n<p><strong>Toluca, Estado de M\u00e9xico.\u2014<\/strong> Herminio Cahue Calder\u00f3n, secretario del Sindicato \u00danico de Trabajadores del Estado y Municipios (SUTEyM), entreg\u00f3 al gobierno mexiquense el Pliego Petitorio 2023.\u00a0 \u201cSeguro estoy de que el resultado de este convenio ser\u00e1 en beneficio de la familia suteymistas y del fortalecimiento de la instituci\u00f3n que es el estado de M\u00e9xico\u201d, manifest\u00f3.<\/p>\n<p>El secretario de Finanzas, Rodrigo Jarque Lira, recibi\u00f3 el documento. Acto en el que tambi\u00e9n se cont\u00f3 con la presencia de \u00d3scar Guzm\u00e1n Arag\u00f3n, subsecretario de Administraci\u00f3n; y de Rodolfo L\u00f3pez Videz, director general de personal.<\/p>\n<p>Herminio Cahue dijo que todas las peticiones son con base en las necesidades que tienen los agremiados. Asegur\u00f3 que se ha tenido entendimiento en las aspiraciones, cuyo prop\u00f3sito primordial es el fortalecimiento de la econom\u00eda de la familia suteymistas.<\/p>\n<p>\u201cSigamos estando unidos. Tengan plena confianza en su dirigencia, porque siempre estaremos buscando beneficios para cada una de las prestaciones que se tienen signadas en convenio. Sigamos resaltando el orgullo de ser suteymistas haciendo bien nuestro trabajo, atendiendo a las y los mexiquenses como realmente se lo merecen\u201d, a\u00f1adi\u00f3.<\/p>\n<p>Reconoci\u00f3 el actuar y disposici\u00f3n de las autoridades gubernamentales presentes para con los agremiados y sus familias. Subray\u00f3 que la calidad y calidez humana los incentivan a coadyuvar para entregar los resultados que requiere la poblaci\u00f3n.<\/p>\n<p>Jarque Lira dijo que existe el compromiso de revisar, analizar y atender los requerimientos establecidos en el pliego petitorio. Manifest\u00f3 que pese a las dificultades econ\u00f3micas se tiene como prioridad cuidar y proteger a los trabajadores del gobierno del estado.<\/p>\n","protected":false},"excerpt":{"rendered":"<p>Herminio Cahue Calder\u00f3n, secretario del Sindicato \u00danico de Trabajadores del Estado y Municipios (SUTEyM), entreg\u00f3 al gobierno mexiquense el Pliego Petitorio 2023.\u00a0 \u201cSeguro estoy de que el resultado de este convenio ser\u00e1 en beneficio de la familia suteymistas y del fortalecimiento de la instituci\u00f3n que es el estado de M\u00e9xico\u201d, manifest\u00f3.<\/p>\n","protected":false},"author":3,"featured_media":579580,"comment_status":"open","ping_status":"open","sticky":false,"template":"","format":"standard","meta":{"_monsterinsights_skip_tracking":false,"_monsterinsights_sitenote_active":false,"_monsterinsights_sitenote_note":"","_monsterinsights_sitenote_category":0,"footnotes":""},"categories":[5],"tags":[43675,2572,452],"class_list":["post-579472","post","type-post","status-publish","format-standard","has-post-thumbnail","hentry","category-estado-de-mexico","tag-estado-de-mexico","tag-suteym","tag-toluca"],"_links":{"self":[{"href":"https:\/\/www.diarioimagen.net\/index.php?rest_route=\/wp\/v2\/posts\/579472","targetHints":{"allow":["GET"]}}],"collection":[{"href":"https:\/\/www.diarioimagen.net\/index.php?rest_route=\/wp\/v2\/posts"}],"about":[{"href":"https:\/\/www.diarioimagen.net\/index.php?rest_route=\/wp\/v2\/types\/post"}],"author":[{"embeddable":true,"href":"https:\/\/www.diarioimagen.net\/index.php?rest_route=\/wp\/v2\/users\/3"}],"replies":[{"embeddable":true,"href":"https:\/\/www.diarioimagen.net\/index.php?rest_route=%2Fwp%2Fv2%2Fcomments&post=579472"}],"version-history":[{"count":0,"href":"https:\/\/www.diarioimagen.net\/index.php?rest_route=\/wp\/v2\/posts\/579472\/revisions"}],"wp:featuredmedia":[{"embeddable":true,"href":"https:\/\/www.diarioimagen.net\/index.php?rest_route=\/wp\/v2\/media\/579580"}],"wp:attachment":[{"href":"https:\/\/www.diarioimagen.net\/index.php?rest_route=%2Fwp%2Fv2%2Fmedia&parent=579472"}],"wp:term":[{"taxonomy":"category","embeddable":true,"href":"https:\/\/www.diarioimagen.net\/index.php?rest_route=%2Fwp%2Fv2%2Fcategories&post=579472"},{"taxonomy":"post_tag","embeddable":true,"href":"https:\/\/www.diarioimagen.net\/index.php?rest_route=%2Fwp%2Fv2%2Ftags&post=579472"}],"curies":[{"name":"wp","href":"https:\/\/api.w.org\/{rel}","templated":true}]}}