{"id":579474,"date":"2023-03-31T00:02:17","date_gmt":"2023-03-31T06:02:17","guid":{"rendered":"https:\/\/www.diarioimagen.net\/?p=579474"},"modified":"2023-03-31T02:36:01","modified_gmt":"2023-03-31T08:36:01","slug":"la-violencia-se-combate-con-las-leyes-no-con-abrazos-senala-david-parra-sanchez","status":"publish","type":"post","link":"https:\/\/www.diarioimagen.net\/?p=579474","title":{"rendered":"La violencia se combate con las leyes, no con abrazos, se\u00f1ala David Parra S\u00e1nchez"},"content":{"rendered":"<p>&nbsp;<\/p>\n<ul>\n<li><em><strong>Lamenta nivel de violencia e inseguridad en el pa\u00eds<\/strong><\/em><\/li>\n<\/ul>\n<p><strong>\u00a0<\/strong><\/p>\n<h6>Arturo Baena<\/h6>\n<p>&nbsp;<\/p>\n<div id=\"attachment_579582\" style=\"width: 470px\" class=\"wp-caption aligncenter\"><a href=\"https:\/\/www.diarioimagen.net\/?attachment_id=579582\" rel=\"attachment wp-att-579582\"><img loading=\"lazy\" decoding=\"async\" aria-describedby=\"caption-attachment-579582\" class=\"size-full wp-image-579582\" src=\"https:\/\/www.diarioimagen.net\/wp-content\/uploads\/2023\/03\/violencia-se-combate.jpg\" alt=\"\" width=\"460\" height=\"270\" \/><\/a><p id=\"caption-attachment-579582\" class=\"wp-caption-text\">El diputado David Parra asegur\u00f3 que es \u201ccon las leyes y no con abrazos, como se combate a la delincuencia\u201d, durante la entrega de aparatos ortop\u00e9dicos a elementos y familiares de la Polic\u00eda Estatal.<\/p><\/div>\n<p>&nbsp;<\/p>\n<p><strong>Naucalpan, Estado de M\u00e9xico.\u2014<\/strong> Al lamentar el nivel de violencia e inseguridad que se vive en el pa\u00eds, en donde incluso se ha perdido el respeto a la investidura de los elementos de la Guardia Nacional, que han sido atacados; el diputado local David Parra S\u00e1nchez asegur\u00f3 que es \u201ccon las leyes y no con abrazos, como se combate a la delincuencia\u201d.<\/p>\n<p>Durante su intervenci\u00f3n como invitado especial en la entrega de aparatos ortop\u00e9dicos a elementos y familiares de la Polic\u00eda Estatal por parte de la Asociaci\u00f3n de Empresarios y Ciudadanos de M\u00e9xico (ASECEM), presidida por Ra\u00fal Chaparro Romero,\u00a0 el legislador naucalpense fue claro al manifestar su reconocimiento a la labor que realizan los elementos de esa y todas las corporaciones que en ocasiones, dan su vida por cuidar la integridad de la poblaci\u00f3n.<\/p>\n<p>\u201cDesafortunadamente, vivimos una \u00e9poca en la que tibieza en el actuar de nuestra m\u00e1xima autoridad, aumenta los \u00edndices de violencia en contra de la polic\u00eda\u201d; enfatiz\u00f3.<\/p>\n<p>En ese sentido, el diputado coment\u00f3 que en fecha reciente estuvo presente acompa\u00f1ando a m\u00e1s de 12 mil elementos del Ej\u00e9rcito, Guardia Nacional y sus familiares, quienes se manifestaron en el Z\u00f3calo capitalino para exigir al Presidente mano firme contra quienes ataquen a las instituciones encargadas de la seguridad de los mexicanos.<\/p>\n<p>Ya en entrevista posterior, el diputado por el distrito XXXII del Estado de M\u00e9xico, reiter\u00f3 la urgencia de hacer algo; toda vez que es preocupante el grado de impunidad que se gesta en el pa\u00eds a favor de los delincuentes, que siguen haciendo de las suyas.<\/p>\n<p>Finalmente, el legislador local\u00a0 hizo un reconocimiento al oficial Alarc\u00f3n, qui\u00e9n perdi\u00f3 una pierna en cumplimiento de su deber y recuperar cinco millones de pesos.<\/p>\n","protected":false},"excerpt":{"rendered":"<p>Al lamentar el nivel de violencia e inseguridad que se vive en el pa\u00eds, en donde incluso se ha perdido el respeto a la investidura de los elementos de la Guardia Nacional, que han sido atacados; el diputado local David Parra S\u00e1nchez asegur\u00f3 que es \u201ccon las leyes y no con abrazos, como se combate a la delincuencia\u201d.<\/p>\n","protected":false},"author":3,"featured_media":579582,"comment_status":"open","ping_status":"open","sticky":false,"template":"","format":"standard","meta":{"_monsterinsights_skip_tracking":false,"_monsterinsights_sitenote_active":false,"_monsterinsights_sitenote_note":"","_monsterinsights_sitenote_category":0,"footnotes":""},"categories":[5],"tags":[29035,8654,43675,970],"class_list":["post-579474","post","type-post","status-publish","format-standard","has-post-thumbnail","hentry","category-estado-de-mexico","tag-david-parra-sanchez","tag-delincuencia","tag-estado-de-mexico","tag-naucalpan"],"_links":{"self":[{"href":"https:\/\/www.diarioimagen.net\/index.php?rest_route=\/wp\/v2\/posts\/579474","targetHints":{"allow":["GET"]}}],"collection":[{"href":"https:\/\/www.diarioimagen.net\/index.php?rest_route=\/wp\/v2\/posts"}],"about":[{"href":"https:\/\/www.diarioimagen.net\/index.php?rest_route=\/wp\/v2\/types\/post"}],"author":[{"embeddable":true,"href":"https:\/\/www.diarioimagen.net\/index.php?rest_route=\/wp\/v2\/users\/3"}],"replies":[{"embeddable":true,"href":"https:\/\/www.diarioimagen.net\/index.php?rest_route=%2Fwp%2Fv2%2Fcomments&post=579474"}],"version-history":[{"count":0,"href":"https:\/\/www.diarioimagen.net\/index.php?rest_route=\/wp\/v2\/posts\/579474\/revisions"}],"wp:featuredmedia":[{"embeddable":true,"href":"https:\/\/www.diarioimagen.net\/index.php?rest_route=\/wp\/v2\/media\/579582"}],"wp:attachment":[{"href":"https:\/\/www.diarioimagen.net\/index.php?rest_route=%2Fwp%2Fv2%2Fmedia&parent=579474"}],"wp:term":[{"taxonomy":"category","embeddable":true,"href":"https:\/\/www.diarioimagen.net\/index.php?rest_route=%2Fwp%2Fv2%2Fcategories&post=579474"},{"taxonomy":"post_tag","embeddable":true,"href":"https:\/\/www.diarioimagen.net\/index.php?rest_route=%2Fwp%2Fv2%2Ftags&post=579474"}],"curies":[{"name":"wp","href":"https:\/\/api.w.org\/{rel}","templated":true}]}}