{"id":579511,"date":"2023-03-31T00:01:36","date_gmt":"2023-03-31T06:01:36","guid":{"rendered":"https:\/\/www.diarioimagen.net\/?p=579511"},"modified":"2023-04-02T23:57:17","modified_gmt":"2023-04-03T05:57:17","slug":"ante-el-rotundo-exito-de-la-47-version-del-tianguis-turistico-en-la-cdmx-no-se-hicieron-esperar-especulaciones-que-podrian-ser","status":"publish","type":"post","link":"https:\/\/www.diarioimagen.net\/?p=579511","title":{"rendered":"Ante el rotundo \u00e9xito de la 47 versi\u00f3n del Tianguis Tur\u00edstico en la CDMX no se hicieron esperar especulaciones que, \u00bfpodr\u00edan ser?"},"content":{"rendered":"<h2>De cinco estrellas<\/h2>\n<h5>Victoria Gonz\u00e1lez Prado<\/h5>\n<p>&nbsp;<\/p>\n<ul>\n<li><strong><em>La Metro firma distintos acuerdos con Tlaxcala y Yucat\u00e1n para promover ambos destinos<\/em><\/strong><\/li>\n<li><strong><em>Delegaci\u00f3n de la ciudad de Puebla promueve la Angel\u00f3polis como destino para eventos y reuniones<\/em><\/strong><\/li>\n<\/ul>\n<p>&nbsp;<\/p>\n<div id=\"attachment_579577\" style=\"width: 470px\" class=\"wp-caption aligncenter\"><a href=\"https:\/\/www.diarioimagen.net\/?attachment_id=579577\" rel=\"attachment wp-att-579577\"><img loading=\"lazy\" decoding=\"async\" aria-describedby=\"caption-attachment-579577\" class=\"size-full wp-image-579577\" src=\"https:\/\/www.diarioimagen.net\/wp-content\/uploads\/2023\/03\/turismo-11.jpg\" alt=\"\" width=\"460\" height=\"270\" \/><\/a><p id=\"caption-attachment-579577\" class=\"wp-caption-text\">Dan a conocer los resultados preliminares del Tianguis Tur\u00edstico en la CDMX.<\/p><\/div>\n<p>&nbsp;<\/p>\n<p>Ante el rotundo \u00e9xito de la 47 versi\u00f3n del Tianguis Tur\u00edstico en la Ciudad de M\u00e9xico hubo muchos comentarios, dimes y diretes, suposiciones, especulaciones y tambi\u00e9n quienes aseguran de forma tajante, que Acapulco ser\u00e1 \u00faltimo Tianguis itinerante y, a partir de 2025 el Tianguis Tur\u00edstico de M\u00e9xico tendr\u00e1 como sede permanente la Ciudad de M\u00e9xico. \u00bfEl argumento?, no habr\u00e1 ning\u00fan estado en el pa\u00eds que logre superar las cifras que se dieron en la capital.<\/p>\n<p>Recuerdo que <strong>Silvinia Garc\u00eda Fillol<\/strong>, <em>Country manager<\/em> del <em>Universal Assistance, <\/em>en reuni\u00f3n con miembros de GMA, agrupaci\u00f3n que preside <strong>Judith Guerra<\/strong>, sugiri\u00f3 que el Tianguis Tur\u00edstico de M\u00e9xico deber\u00eda realizarse en la capital de pa\u00eds, como lo hacen otros pa\u00edses: Fitur en Madrid, ITB en Berl\u00edn, <em>World Travel Market <\/em>en Londres, la Vitrina Tur\u00edstica ANATO en Bogot\u00e1 o la FIT en Argentina.<\/p>\n<p>Desde luego, que el pr\u00f3ximo Tianguis en Acapulco sea el \u00faltimo itinerante lo comentaron esas \u201cvocecitas\u201d que a muy bajo volumen y \u2018en secreto\u2019 lo parafraseaban por los pasillos del Tianguis que, debo decir, en esta versi\u00f3n, s\u00ed recibi\u00f3 mucha gente que iba y ven\u00eda, y, se deten\u00eda donde estaban sus intereses.<\/p>\n<p>Debo destacar que nada de lo anterior es oficial, pero no pod\u00eda dejarlo pasar, siempre es bueno comentar lo que dicen quienes de la industria sin chimeneas saben.<\/p>\n<p>Ahora s\u00ed, aqu\u00ed, las cifras oficiales con las que cerr\u00f3 la 47 edici\u00f3n del Tianguis Tur\u00edstico 2023 en la Ciudad de M\u00e9xico, y a decir de <strong>Miguel Torruco Marqu\u00e9s<\/strong>, el volumen preliminar de ventas consolidadas alcanz\u00f3 mil 240 millones de pesos<\/p>\n<p>\u201cLas ventas alcanzadas este a\u00f1o son 87 por ciento superiores a las reportadas en la edici\u00f3n 46 del Tianguis Tur\u00edstico; sin embargo, esos mil 240 millones de pesos podr\u00edan ser m\u00e1s porque s\u00f3lo estamos reportando las ventas del 23 por ciento de las empresas participantes, estamos respetando la confidencialidad de las empresas que pidieron mantener el anonimato\u201d, asegur\u00f3 el secretario federal.<\/p>\n<p>Aunado a este crecimiento, explic\u00f3 que en los \u201ccuatro d\u00edas\u201d \u2014\u2013en realidad fueron dos y medio\u2014 que dur\u00f3 el evento, se concretaron\u00a088 mil 432 citas de negocios, 36 por ciento m\u00e1s respecto a la edici\u00f3n del a\u00f1o pasado.<\/p>\n<p>\u201cSi los resultados se miden en t\u00e9rminos de citas de negocio, participaci\u00f3n de compradores y participaci\u00f3n de naciones, el Tianguis Tur\u00edstico 2023 que se organiz\u00f3 en la capital del pa\u00eds ha tenido alcance hist\u00f3rico y es un hito en la historia de turismo y de nuestra gran feria tur\u00edstica\u201d, agreg\u00f3.<\/p>\n<p>Entre los productos m\u00e1s solicitados destaca el turismo de cultura, 51 por ciento; de naturaleza, 42 por ciento; de aventura, 35 por ciento; sol y playa, 35 por ciento;\u00a0el turismo gastron\u00f3mico, 32 por ciento y el turismo de negocios, 31 por ciento.<\/p>\n<p>De acuerdo con datos de la Secretar\u00eda de Turismo, para la edici\u00f3n 47 se registr\u00f3 la participaci\u00f3n de 90 pa\u00edses y de mil 383 empresas. Tambi\u00e9n se registraron alrededor de 2 mil 338 compradores, lo que super\u00f3 34 por ciento a los mil 745 reportados durante 2022.<\/p>\n<p>De igual forma, <strong>Torruco Marqu\u00e9s<\/strong>,\u00a0indic\u00f3 que ser\u00e1 al final del a\u00f1o cuando sean tangibles los resultados de la\u00a0edici\u00f3n 47 del Tianguis Tur\u00edstico de la CDMX.<\/p>\n<p>\u201cEsta edici\u00f3n ha sido hist\u00f3rica y estoy seguro que, al cierre de este a\u00f1o, estaremos reportando cifras superiores a los 31 mil millones de d\u00f3lares, alrededor de 560 mil millones de pesos en captaci\u00f3n de divisas, cifra importante para la actividad tur\u00edstica del pa\u00eds\u201d, agreg\u00f3.<\/p>\n<p>Finalmente, el funcionario federal adelant\u00f3 que la pr\u00f3xima edici\u00f3n del Tianguis Tur\u00edstico, que tendr\u00e1 lugar en el puerto de Acapulco, Guerrero, se llevar\u00e1 a cabo del lunes 11 al viernes 15 de marzo de 2024.<\/p>\n<p>\u2730\u2730\u2730\u2730\u2730 La Asociaci\u00f3n Metropolitana de Viajes, que preside <strong>Jos\u00e9 Luis Medina<\/strong> y est\u00e1 conformada por m\u00e1s de 200 socios, firm\u00f3 convenio de colaboraci\u00f3n con el estado de Tlaxcala, representado por <strong>Josefina Rodr\u00edguez Zamora<\/strong>, secretaria de Turismo. Con la firma se acuerda la participaci\u00f3n en los eventos de la Metro de este a\u00f1o y se har\u00e1 un viaje de familiarizaci\u00f3n de los socios a la entidad federativa.<\/p>\n<p>Tambi\u00e9n con una carta de intenci\u00f3n signada entre <strong>Michelle Fridman<\/strong>, titular de Turismo de Yucat\u00e1n y el presidente de La Metro, los agremiados promoveran al estado; y se le nombr\u00f3 \u201cproveedor preferente\u201d a esa asociaci\u00f3n.<\/p>\n<p>De igual forma, como resultado de la importancia que da la asociaci\u00f3n a los temas de desarrollo sostenible, se mantuvieron reuniones con <strong>Fernando Mandri Bellot<\/strong>, presidente del <em>Sustainable &amp; Social Tourism Summit, A.C<\/em>. y su equipo; con la finalidad de trabajar en conjunto durante este a\u00f1o 2023 en la integraci\u00f3n para la colaboraci\u00f3n, tema central del <em>Summit<\/em> a realizarse en Le\u00f3n, Guanajuato, del 30 de agosto al 2 de septiembre pr\u00f3ximo; y al cual la Metro se suma en lo referente a turismo y medio ambiente, turismo social, turismo y sector privado, y turismo y cultura.<\/p>\n<p>\u2730\u2730\u2730\u2730\u2730 La delegaci\u00f3n de la Secretar\u00eda de Econom\u00eda y Turismo de la ciudad de Puebla que encabeza <strong>Alejandro Ca\u00f1edo Priesca<\/strong>, junto con el Ayuntamiento de Puebla promovieron la ciudad como destino para eventos y reuniones ante agencias de viajes, representantes de otras entidades del pa\u00eds y medios especializados.<\/p>\n<p>Destacaron el reciente nombramiento de la ciudad de Puebla como Capital Iberoamericana de la Cultura Gastron\u00f3mica, adem\u00e1s que se dieron a conocer los atractivos del municipio.<\/p>\n<p>Tambi\u00e9n se expuso que Puebla capital fue reconocida como mejor destino culinario por <em>Forbes;<\/em> mejor ciudad del mundo para visitar por <em>Cond\u00e9 Nast Travel;<\/em> la regi\u00f3n m\u00e1s acogedora para viajar por <em>Booking <\/em>y como uno de los 10 destinos preferidos por los n\u00f3madas digitales por <em>Travel off Path.<\/em><\/p>\n<p>Cabe destacar que Puebla cuenta con seis inscripciones en la lista de Patrimonio Mundial de la Unesco: Centro Hist\u00f3rico, Cocina Tradicional Mexicana, Archivo Hist\u00f3rico Municipal, Memoria del mundo, Procesos Artesanales de la Talavera y es miembro de la Red de Ciudades Creativas.<\/p>\n<p>De esta forma, se aprovecha la ubicaci\u00f3n estrat\u00e9gica del municipio que lo conecta de manera r\u00e1pida con la capital del pa\u00eds, la cantidad de museos que posiciona a Puebla como la segunda ciudad a nivel nacional con la mayor nu\u0301mero de dichos recintos y que se tiene capacidad de recibir a m\u00e1s de 50 mil personas, lo que ha permitido que m\u00e1s de tres millones de turistas hayan visitado la angel\u00f3pilis sobresaliendo el crecimiento en turismo de reuniones.<\/p>\n<p>&nbsp;<\/p>\n<blockquote>\n<p style=\"text-align: right;\">\u201c<strong>El<\/strong> <strong>\u00e1ngel de la fama tiene sus alas hechas de papel&#8230; peri\u00f3dico\u201d.<br \/>\n<\/strong><\/p>\n<\/blockquote>\n<p>&nbsp;<\/p>\n<p><em><span class=\"Apple-converted-space\"><a href=\"mailto:victoriagprado@gmail.com\" target=\"_blank\" rel=\"noopener noreferrer\">victoriagprado@gmail.com<\/a><br \/>\nTwitter: <a href=\"https:\/\/twitter.com\/victoriagprado\" target=\"_blank\" rel=\"noopener noreferrer\">@victoriagprado<\/a><\/span><\/em><\/p>\n","protected":false},"excerpt":{"rendered":"<p>Ante el rotundo \u00e9xito de la 47 versi\u00f3n del Tianguis Tur\u00edstico en la Ciudad de M\u00e9xico hubo muchos comentarios, dimes y diretes, suposiciones, especulaciones y tambi\u00e9n quienes aseguran de forma tajante, que Acapulco ser\u00e1 \u00faltimo Tianguis itinerante y, a partir de 2025 el Tianguis Tur\u00edstico de M\u00e9xico tendr\u00e1 como sede permanente la Ciudad de M\u00e9xico. \u00bfEl argumento?, no habr\u00e1 ning\u00fan estado en el pa\u00eds que logre superar las cifras que se dieron en la capital.<\/p>\n","protected":false},"author":3,"featured_media":579577,"comment_status":"open","ping_status":"open","sticky":false,"template":"","format":"standard","meta":{"_monsterinsights_skip_tracking":false,"_monsterinsights_sitenote_active":false,"_monsterinsights_sitenote_note":"","_monsterinsights_sitenote_category":0,"footnotes":""},"categories":[11],"tags":[107,43681,106],"class_list":["post-579511","post","type-post","status-publish","format-standard","has-post-thumbnail","hentry","category-turismo","tag-de-cinco-estrellas","tag-turismo","tag-victoria-gonzalez-prado"],"_links":{"self":[{"href":"https:\/\/www.diarioimagen.net\/index.php?rest_route=\/wp\/v2\/posts\/579511","targetHints":{"allow":["GET"]}}],"collection":[{"href":"https:\/\/www.diarioimagen.net\/index.php?rest_route=\/wp\/v2\/posts"}],"about":[{"href":"https:\/\/www.diarioimagen.net\/index.php?rest_route=\/wp\/v2\/types\/post"}],"author":[{"embeddable":true,"href":"https:\/\/www.diarioimagen.net\/index.php?rest_route=\/wp\/v2\/users\/3"}],"replies":[{"embeddable":true,"href":"https:\/\/www.diarioimagen.net\/index.php?rest_route=%2Fwp%2Fv2%2Fcomments&post=579511"}],"version-history":[{"count":0,"href":"https:\/\/www.diarioimagen.net\/index.php?rest_route=\/wp\/v2\/posts\/579511\/revisions"}],"wp:featuredmedia":[{"embeddable":true,"href":"https:\/\/www.diarioimagen.net\/index.php?rest_route=\/wp\/v2\/media\/579577"}],"wp:attachment":[{"href":"https:\/\/www.diarioimagen.net\/index.php?rest_route=%2Fwp%2Fv2%2Fmedia&parent=579511"}],"wp:term":[{"taxonomy":"category","embeddable":true,"href":"https:\/\/www.diarioimagen.net\/index.php?rest_route=%2Fwp%2Fv2%2Fcategories&post=579511"},{"taxonomy":"post_tag","embeddable":true,"href":"https:\/\/www.diarioimagen.net\/index.php?rest_route=%2Fwp%2Fv2%2Ftags&post=579511"}],"curies":[{"name":"wp","href":"https:\/\/api.w.org\/{rel}","templated":true}]}}