{"id":579518,"date":"2023-03-31T00:05:12","date_gmt":"2023-03-31T06:05:12","guid":{"rendered":"https:\/\/www.diarioimagen.net\/?p=579518"},"modified":"2023-03-31T00:51:19","modified_gmt":"2023-03-31T06:51:19","slug":"cuanto-debemos-a-eu","status":"publish","type":"post","link":"https:\/\/www.diarioimagen.net\/?p=579518","title":{"rendered":"\u00bfCu\u00e1nto debemos a EU?"},"content":{"rendered":"<h2>Perfil de M\u00e9xico<\/h2>\n<h5>Armando R\u00edos Ruiz<\/h5>\n<p>&nbsp;<\/p>\n<p>La deuda de nuestro pa\u00eds con Estados Unidos debe ser demasiado alta. Se nota adem\u00e1s, que ya cobraron alguna parte de la misma, en alg\u00fan momento de las continuas visitas de los funcionarios de Biden a la oficina del presidente L\u00f3pez, de donde luego aparecen sonrientes y nuestro mandatario, diciendo siempre que se establecieron lazos de cooperaci\u00f3n mutua para continuar la amistad durante todo su ejercicio, porque la relaci\u00f3n entre ambos pa\u00edses es muy buena.<\/p>\n<p>Como nunca, su oficina se ha visto asediada por funcionarios de diferentes ocupaciones del gabinete lim\u00edtrofe, situaci\u00f3n que hace suponer que las cosas en M\u00e9xico est\u00e1n demasiado mal o que est\u00e1n tan peores, que han afectado la vecindad, amenazada por muchos males que, igual que los migrantes, viajan a la Uni\u00f3n Americana para causarle alg\u00fan tipo de da\u00f1o\u00a0 y adem\u00e1s, miedo.<\/p>\n<p>Uno de los cobros impuestos por Estados Unidos y aceptado por M\u00e9xico, es que hayamos aceptado recibir nada menos que a 30 mil migrantes cada mes, provenientes de Centroam\u00e9rica principalmente. Aun cuando nuestra capacidad para darles una atenci\u00f3n medianamente buena, no existe.<\/p>\n<p>Situaci\u00f3n parecida vivimos cuando gobernaba Trump, quien, ya fuera de la Presidencia, se ufan\u00f3 de haber \u201cdoblado\u201d a M\u00e9xico sin que le costara un centavo. S\u00f3lo con amenazar que impondr\u00eda un arancel de cinco por ciento a todos los productos que importara de M\u00e9xico. Esto, a pesar de confesar que nuestro mandatario le ca\u00eda muy bien. Su amenaza le permiti\u00f3 conseguir la muralla que prometiera en campa\u00f1a, pero conformada con efectivos mexicanos.<\/p>\n<p>La migraci\u00f3n ha crecido desproporcionadamente y se ha convertido en una ola humana, en la que convergen personas de toda clase. Desde las que buenamente buscan una nueva forma de vida que les permita subsanar las necesidades m\u00e1s apremiantes, de las que carecen en sus tierras originarias, hasta los delincuentes que se suman a las nutridas caravanas, porque sus gobernantes decidieron perseguirlos hasta el exterminio. Verbigracia: El Salvador.<\/p>\n<p>Desde hace muchos a\u00f1os, se ha conocido que los centros de Migraci\u00f3n se hab\u00edan convertido en nidos de corrupci\u00f3n, por estar lejos de la vista de los que de todos modos mal gobiernan. Hoy, tambi\u00e9n se sabe que esas maldiciones han aumentado severamente y que los centros migratorios se convirtieron en centros de detenci\u00f3n, en donde los migrantes pasan algunas horas para no arreglar nada.<\/p>\n<p>El trato que reciben es inhumano. Duermen en colchones muy delgados, tirados al azar en cualquier parte, cuando hay. Comen alimentos de p\u00e9sima calidad y a veces tampoco y, en suma, son tratados como mandan los funcionarios corruptos, quienes primero se aseguran de que lleven alguna cantidad de dinero y luego les dan una atenci\u00f3n que desde luego, es la \u00ednfima.<\/p>\n<p>El martes, un grupo de migrantes que se encontraba en el Centro de Detenci\u00f3n de Ciudad Ju\u00e1rez, quemaron colchones en protesta porque supieron que los iban a deportar. Se produjo un incendio que calcin\u00f3 a 39 personas, hasta donde hasta hoy se sabe y comenz\u00f3 el reparto de culpas entre los funcionarios que como siempre, fueron omisos. Aunque tambi\u00e9n como siempre, no lo acepten.<\/p>\n<p>Otros empleados de esta \u201cc\u00e1rcel\u201d se percataron de los hechos y lejos de abrir la puerta a los atrapados, simplemente se fueron del lugar.<\/p>\n<p>Pero aqu\u00ed tambi\u00e9n cabe preguntar: \u00bfpor qu\u00e9 el gobierno de M\u00e9xico tiene que cargar con toda la responsabilidad? Los migrantes van de paso a Estados Unidos. No a quedarse aqu\u00ed. En el otro lado, el gobierno enfrenta un severo problema por esa causa y sin embargo, no comparte los aprietos que esta origina.<\/p>\n<p>Al contrario, descarga en M\u00e9xico una obligaci\u00f3n que por lo menos, deber\u00eda ser compartida. M\u00e1xime que no contamos con los recursos necesarios para dar cauce medianamente satisfactorio a semejante conflicto.<\/p>\n<p>Por si fuera poco, nuestro mandatario tuvo a bien recortar el presupuesto para este importante sector en 23 por ciento, por razones de austeridad. Ahora tiene que cargar con este asunto absolutamente solo. \u00bfCu\u00e1nto debemos a EU?<\/p>\n<p><a href=\"mailto:ariosruiz@gmail.com\" target=\"_blank\" rel=\"noopener noreferrer\"><em>ariosruiz@gmail.com<\/em><\/a><\/p>\n","protected":false},"excerpt":{"rendered":"<p><span style=\"color: #005497;\"><strong>Armando R\u00edos Ruiz<\/strong><\/span><\/p>\n","protected":false},"author":3,"featured_media":0,"comment_status":"open","ping_status":"open","sticky":false,"template":"","format":"standard","meta":{"_monsterinsights_skip_tracking":false,"_monsterinsights_sitenote_active":false,"_monsterinsights_sitenote_note":"","_monsterinsights_sitenote_category":0,"footnotes":""},"categories":[88405],"tags":[88407,43674,91193],"class_list":["post-579518","post","type-post","status-publish","format-standard","hentry","category-armando-rios-ruiz","tag-armando-rios-ruiz","tag-opinion","tag-perfil-de-mexico"],"_links":{"self":[{"href":"https:\/\/www.diarioimagen.net\/index.php?rest_route=\/wp\/v2\/posts\/579518","targetHints":{"allow":["GET"]}}],"collection":[{"href":"https:\/\/www.diarioimagen.net\/index.php?rest_route=\/wp\/v2\/posts"}],"about":[{"href":"https:\/\/www.diarioimagen.net\/index.php?rest_route=\/wp\/v2\/types\/post"}],"author":[{"embeddable":true,"href":"https:\/\/www.diarioimagen.net\/index.php?rest_route=\/wp\/v2\/users\/3"}],"replies":[{"embeddable":true,"href":"https:\/\/www.diarioimagen.net\/index.php?rest_route=%2Fwp%2Fv2%2Fcomments&post=579518"}],"version-history":[{"count":0,"href":"https:\/\/www.diarioimagen.net\/index.php?rest_route=\/wp\/v2\/posts\/579518\/revisions"}],"wp:attachment":[{"href":"https:\/\/www.diarioimagen.net\/index.php?rest_route=%2Fwp%2Fv2%2Fmedia&parent=579518"}],"wp:term":[{"taxonomy":"category","embeddable":true,"href":"https:\/\/www.diarioimagen.net\/index.php?rest_route=%2Fwp%2Fv2%2Fcategories&post=579518"},{"taxonomy":"post_tag","embeddable":true,"href":"https:\/\/www.diarioimagen.net\/index.php?rest_route=%2Fwp%2Fv2%2Ftags&post=579518"}],"curies":[{"name":"wp","href":"https:\/\/api.w.org\/{rel}","templated":true}]}}