{"id":579521,"date":"2023-03-31T00:03:12","date_gmt":"2023-03-31T06:03:12","guid":{"rendered":"https:\/\/www.diarioimagen.net\/?p=579521"},"modified":"2023-03-31T00:53:09","modified_gmt":"2023-03-31T06:53:09","slug":"garduno-ofrece-colaborar","status":"publish","type":"post","link":"https:\/\/www.diarioimagen.net\/?p=579521","title":{"rendered":"Gardu\u00f1o ofrece colaborar"},"content":{"rendered":"<h2>Centro..!<\/h2>\n<h5>Arturo R\u00edos Ruiz<\/h5>\n<p>&nbsp;<\/p>\n<ul>\n<li><strong><em>No le queda otra, es de ley<\/em><\/strong><\/li>\n<li><strong><em>Los 39 muertos lo exigen<\/em><\/strong><\/li>\n<\/ul>\n<p>&nbsp;<\/p>\n<p>Francisco Gardu\u00f1o, titular de INM, ofreci\u00f3 a la FGR una colaboraci\u00f3n institucional, que incluye \u201cel plano de la estaci\u00f3n migratoria\u201d y \u201cel organigrama del personal\u201d para entregar \u201ctoda prueba documental o circunstancial, testimonial, pericial\u201d. Hace noticia de una obligaci\u00f3n ineludible, es de ley.<\/p>\n<p>Argumentos en contrario del albergue tr\u00e1gico, ya calificado como c\u00e1rcel clandestina, arrancan reclamos convertidos en acusaciones severas como: \u201cNo murieron, los mataron\u201d, \u201cNo son albergues, son c\u00e1rceles\u201d y \u201c\u00a1La detenci\u00f3n migratoria mata!\u201d.<\/p>\n<p>Fueron algunas de las consignas en carteles por parte de activistas que se manifestaron frente alas instalaciones malditas para pedir justicia por la muerte de 39 migrantes en Ciudad Ju\u00e1rez.<\/p>\n<p>Francisco Gardu\u00f1o Y\u00e1\u00f1ez se dijo abierto a declarar ante la Fiscal\u00eda General de la Rep\u00fablica, FGR, para que \u201cse encuentren los responsables\u201d; \u00e9l es uno de ellos, debe responder por las condiciones en que se ha manejado esa \u00e1rea de su incumbencia.<\/p>\n<p>Por ejemplo, el por qu\u00e9 el inmueble de la muerte contaba con guardias de la empresa Servicios Especializados de Investigaci\u00f3n y Custodia que vigilaban la estaci\u00f3n migratoria de Ciudad Ju\u00e1rez el d\u00eda del incendio que provoc\u00f3 la muerte de 39 migrantes.<\/p>\n<p>Dicha empresa es propiedad de El\u00edas Gerardo Vald\u00e9s Cabrera, c\u00f3nsul honorario de Nicaragua en Coahuila y Nuevo Le\u00f3n, que a trav\u00e9s de esta empresa ha obtenido contratos por m\u00e1s de 3 mil millones de pesos del gobierno del presidente Andr\u00e9s Manuel L\u00f3pez Obrador. Por ah\u00ed debe comenzar Gardu\u00f1o.<\/p>\n<p>Semejante tragedia, que a trav\u00e9s de videos, ha dejado pasmados a miles y miles de personas testigos del desconcierto y frialdad de los elementos que en tanto el fuego avivaba pasaban como zombies frente al fugo que robaba las vidas de los migrantes.<\/p>\n<p>Como es costumbre de todos los que gobiernan, ofrecen contundentemente que nadie va a escapar a la justicia, que la ley no se infringe y mil palabras que se lleva el viento y en esta ocasi\u00f3n no hay excepci\u00f3n.<\/p>\n<p>El INM; de Gardu\u00f1o, ha recibido muchas recomendaciones de la Comisi\u00f3n Nacional de los Derechos Humanos, CNDH y de organismos internacionales por las p\u00e9simas condiciones de detenci\u00f3n en los centros de la instituci\u00f3n y todo lo que aflorado a trav\u00e9s de los siniestros acontecimientos que robaron la vida de 39 personas.<\/p>\n<p>Si sumamos todos los males en la c\u00e1rcel llamada \u201calbergue de Migraci\u00f3n\u201d, se descubre una cloaca maldita que oprime a los migrantes a base de actos de corrupci\u00f3n; negocios oscuros que afloran y el maltrato a quienes caen en esas garras de olvido y malestar.<\/p>\n<p><em><a href=\"mailto:rrrart2000@hotmail.com\" target=\"_blank\" rel=\"noopener noreferrer\">rrrart2000@hotmail.com<\/a><\/em><\/p>\n","protected":false},"excerpt":{"rendered":"<p><span style=\"color: #005497;\"><strong>Arturo R\u00edos Ruiz<\/strong><\/span><\/p>\n","protected":false},"author":3,"featured_media":0,"comment_status":"open","ping_status":"open","sticky":false,"template":"","format":"standard","meta":{"_monsterinsights_skip_tracking":false,"_monsterinsights_sitenote_active":false,"_monsterinsights_sitenote_note":"","_monsterinsights_sitenote_category":0,"footnotes":""},"categories":[82265],"tags":[82266,10806,43674],"class_list":["post-579521","post","type-post","status-publish","format-standard","hentry","category-arturo-rios-ruiz","tag-arturo-rios-ruiz","tag-centro","tag-opinion"],"_links":{"self":[{"href":"https:\/\/www.diarioimagen.net\/index.php?rest_route=\/wp\/v2\/posts\/579521","targetHints":{"allow":["GET"]}}],"collection":[{"href":"https:\/\/www.diarioimagen.net\/index.php?rest_route=\/wp\/v2\/posts"}],"about":[{"href":"https:\/\/www.diarioimagen.net\/index.php?rest_route=\/wp\/v2\/types\/post"}],"author":[{"embeddable":true,"href":"https:\/\/www.diarioimagen.net\/index.php?rest_route=\/wp\/v2\/users\/3"}],"replies":[{"embeddable":true,"href":"https:\/\/www.diarioimagen.net\/index.php?rest_route=%2Fwp%2Fv2%2Fcomments&post=579521"}],"version-history":[{"count":0,"href":"https:\/\/www.diarioimagen.net\/index.php?rest_route=\/wp\/v2\/posts\/579521\/revisions"}],"wp:attachment":[{"href":"https:\/\/www.diarioimagen.net\/index.php?rest_route=%2Fwp%2Fv2%2Fmedia&parent=579521"}],"wp:term":[{"taxonomy":"category","embeddable":true,"href":"https:\/\/www.diarioimagen.net\/index.php?rest_route=%2Fwp%2Fv2%2Fcategories&post=579521"},{"taxonomy":"post_tag","embeddable":true,"href":"https:\/\/www.diarioimagen.net\/index.php?rest_route=%2Fwp%2Fv2%2Ftags&post=579521"}],"curies":[{"name":"wp","href":"https:\/\/api.w.org\/{rel}","templated":true}]}}