{"id":579721,"date":"2023-04-03T00:01:49","date_gmt":"2023-04-03T06:01:49","guid":{"rendered":"https:\/\/www.diarioimagen.net\/?p=579721"},"modified":"2023-04-05T04:08:41","modified_gmt":"2023-04-05T10:08:41","slug":"ecos-del-tianguis-turistico-2023","status":"publish","type":"post","link":"https:\/\/www.diarioimagen.net\/?p=579721","title":{"rendered":"Ecos del Tianguis Tur\u00edstico 2023 \u2022 I"},"content":{"rendered":"<h2>De cinco estrellas<\/h2>\n<h5>Victoria Gonz\u00e1lez Prado<\/h5>\n<p>&nbsp;<\/p>\n<ul>\n<li><strong><em>Firman convenio GMA y los titulares de Turismo federal y capitalino y Fundaci\u00f3n Infantia<\/em><\/strong><\/li>\n<li><strong><em>Anuncia Viva Aerobus siete nuevas rutas y la reanudaci\u00f3n de otras<\/em><\/strong><\/li>\n<\/ul>\n<div id=\"attachment_579765\" style=\"width: 470px\" class=\"wp-caption aligncenter\"><a href=\"https:\/\/www.diarioimagen.net\/?attachment_id=579765\" rel=\"attachment wp-att-579765\"><img loading=\"lazy\" decoding=\"async\" aria-describedby=\"caption-attachment-579765\" class=\"size-full wp-image-579765\" src=\"https:\/\/www.diarioimagen.net\/wp-content\/uploads\/2023\/04\/turismo.jpg\" alt=\"\" width=\"460\" height=\"270\" \/><\/a><p id=\"caption-attachment-579765\" class=\"wp-caption-text\">Nathalie Desplas, Judith Guerra, Miguel Torruco y Rosa Martha Brown.<\/p><\/div>\n<p>&nbsp;<\/p>\n<p>En el a\u00f1o 2014 fue reconocido por la Organizaci\u00f3n Mundial del Turismo (OMT) el \u2018C\u00f3digo de Conducta Nacional para la Protecci\u00f3n de Ni\u00f1as, Ni\u00f1os y Adolescentes` (CCN), como una de las 16 mejores pr\u00e1cticas a nivel mundial en la protecci\u00f3n de ni\u00f1as, ni\u00f1os y adolescentes.<\/p>\n<p>Fue <strong>Rosa Martha Brown<\/strong>, con importante trayectoria en la industria tur\u00edstica, quien fund\u00f3 hace 25 a\u00f1os <em>Infantia<\/em> A.C., que trabaja en la defensa de las ni\u00f1as y ni\u00f1os contra la explotaci\u00f3n sexual y laboral en los viajes y turismo, tema en el que fue pionera.<\/p>\n<p>Con esta iniciativa, <strong>Judith Guerra Aguijosa<\/strong>, presidente de la Asociaci\u00f3n de Agencias de Viajes y Empresas Tur\u00edsticas (GMA) convierte a la asociaci\u00f3n en la primera organizaci\u00f3n en su categor\u00eda que firma el \u201cC\u00f3digo de Conducta Nacional para la Protecci\u00f3n de Ni\u00f1as, Ni\u00f1os y Adolescentes\u201d (CCN), instrumento de autorregulaci\u00f3n de la Secretar\u00eda de Turismo federal (Sectur).<\/p>\n<p>La firma del acuerdo se realiz\u00f3 en el estand de GMA, durante la 47 versi\u00f3n del Tianguis Tur\u00edstico donde <strong>Miguel Torruco Marqu\u00e9s<\/strong> y <strong>Nathalie Desplas<\/strong>, titulares de las secretar\u00edas de turismo federal y de la CDMX, respectivamente, junto con <strong>Judith Guerra Aguijosa<\/strong>, presidente de GMA, firmaron el documento con el que se comprometen a trabajar de cerca por un turismo libre de explotaci\u00f3n y protecci\u00f3n a ni\u00f1as y ni\u00f1os.<\/p>\n<p>Fungi\u00f3 como testigo y firm\u00f3 tambi\u00e9n el acuerdo <strong>Rosa Martha Brown<\/strong>, quien durante a\u00f1os ha promovido diversas acciones para la prevenci\u00f3n y combate del trabajo infantil y la trata de personas con fines de explotaci\u00f3n sexual y laboral, representando a <em>Infantia<\/em>.<\/p>\n<p>De esta forma, el compromiso hecho tiene como principal finalidad mejorar la calidad de vida de las comunidades, protegiendo los derechos de los menores de edad, contra la explotaci\u00f3n sexual y laboral, as\u00ed como a crear conciencia en los turistas para fomentar responsabilidades y compromisos que a su vez proyecten la imagen del turismo seguro en M\u00e9xico.<\/p>\n<p>Cabe destacar que, la GMA participa por primera vez en el Tianguis Tur\u00edstico y con la firma del acuerdo se trabajar\u00e1 en el desarrollo y fortalecimiento de sus pol\u00edticas de responsabilidad social orientadas al tema, sensibilizaci\u00f3n y capacitaci\u00f3n de sus plantillas laborales, dise\u00f1o de protocolos de actuaci\u00f3n ante posibles casos de riesgo, establecimiento de redes de colaboraci\u00f3n con organizaciones e instituciones de gobierno, e incluso, involucrar clientes y actores de la cadena de valor para lograr cero tolerancia ante la problem\u00e1tica del trabajo infantil y los delitos de explotaci\u00f3n sexual y laboral en el sector de los viajes y el turismo.<\/p>\n<p>La presidente de la GMA agradeci\u00f3 el compromiso de <strong>Miguel Torruco<\/strong> y reconoci\u00f3 la labor de <strong>Nathalie Desplas<\/strong>; asimismo explic\u00f3 que, por la s\u00f3lida representaci\u00f3n y la dimensi\u00f3n de sus redes operativas en nuestro pa\u00eds y el mundo, el compromiso de la GMA constituye, con el C\u00f3digo de Conducta Nacional, parteaguas en el posicionamiento y movilizaci\u00f3n del sector privado en M\u00e9xico de la mano del gobierno federal.<\/p>\n<p>Por \u00faltimo, <strong>Judith Guerra<\/strong>, destac\u00f3 la trayectoria de m\u00e1s de 50 a\u00f1os de <strong>Rosa Martha Brown<\/strong> en la industria tur\u00edstica y su gran iniciativa al fundar hace 25 a\u00f1os Infantia con la intenci\u00f3n de trabajar en la defensa de los menores contra la explotaci\u00f3n sexual, tema del que fue pionera.<\/p>\n<p>El acuerdo es un importante avance en el cumplimiento de los Objetivos de Desarrollo Sostenible (ODS) de la Agenda 2030 de las Naciones Unidas, en su objetivo n\u00famero cinco con las metas de: poner fin a todas las formas de discriminaci\u00f3n contra las mujeres y las ni\u00f1as en todo el mundo. Eliminar todas las formas de violencia contra las mujeres y las ni\u00f1as en los \u00e1mbitos p\u00fablico y privado, incluidas la trata y la explotaci\u00f3n sexual y otros tipos de explotaci\u00f3n.<\/p>\n<p>Cabe recordar que en el ejercicio de la responsabilidad social empresarial que ha caracterizado a GMA, sus socios y representantes implementar\u00e1n con la asesor\u00eda de Fundaci\u00f3n <em>Infantia<\/em> A.C., las seis directrices que componen este instrumento de autorregulaci\u00f3n.<\/p>\n<p>\u2730\u2730\u2730\u2730\u2730 En el marco del Tianguis Tur\u00edstico 2023, Viva Aerobus anunci\u00f3 siete nuevas rutas, el reinicio de tres, increment\u00f3 de tres operaciones y firm\u00f3 seis convenios de colaboraci\u00f3n con autoridades de turismo estatal para promover distintas entidades.<\/p>\n<p>Las nuevas rutas son: CDMX (Felipe \u00c1ngeles)-Tijuana que inici\u00f3 el pasado 30 de marzo con un vuelo diario; Canc\u00fan-Quito, 16 de junio con tres vuelos a la semana; Los Cabos-Canc\u00fan, 18 de mayo, un vuelo diario; Los Cabos-Quer\u00e9taro, el 1 de julio, tres vuelos a la semana.<\/p>\n<p>Tambi\u00e9n, Los Cabos-Toluca, 18 de mayo, un vuelo diario; Mazatl\u00e1n-La Paz, 1 de julio, dos vuelos a la semana; Monterrey-Bogot\u00e1, 8 de junio, dos vuelos a la semana.<\/p>\n<p>De igual forma, se reanudar\u00e1n las rutas de temporada Monterrey-Cozumel [junio\/agosto] con dos vuelos a la semana; Monterrey-Ixtapa Zihuatanejo [julio\/agosto], dos vuelos a la semana y el regreso de la ruta Monterrey-Mexicali, el 1 de junio con seis vuelos a la semana.<\/p>\n<p>Los incrementos de vuelos son: Toluca-Canc\u00fan que se incrementa de tres a cuatro frecuencias diarias a partir del 18 de mayo y, Toluca-M\u00e9rida, de una a dos frecuencias diarias a partir del 18 de mayo.<\/p>\n<p>Asimismo, se firmaron convenios de colaboraci\u00f3n para promover distintos destinos: con la Secretar\u00eda de Turismo de Baja California, Secretar\u00eda de Turismo de Guerrero, Fideicomiso de Turismo de Ixtapa-Zihuatanejo; Fideicomiso de Turismo de La Paz y, la Secretar\u00eda de Turismo de Quer\u00e9taro, Secretar\u00eda de Turismo de Sinaloa, Secretar\u00eda de Fomento Tur\u00edstico de Yucat\u00e1n y la Secretar\u00eda de Turismo de Guanajuato.<\/p>\n<p>De igual forma directivos de Viva Aerobus sostuvieron reuniones de trabajo con la Secretar\u00eda de Turismo de Nuevo Le\u00f3n, Grupo Aeroportuario Centro Norte (OMA), Instituto Distrital de Turismo de Bogot\u00e1 y el Aeropuerto El Dorado para continuar fortaleciendo la conectividad a\u00e9rea y promoci\u00f3n de Monterrey ya que el pr\u00f3ximo este destino ser\u00e1 el pr\u00f3ximo inicio de operaciones hacia Bogot\u00e1.<\/p>\n<p>No faltaron reuniones de trabajo con la Secretar\u00eda de Turismo de Quintana Roo, ProColombia y el Instituto Distrital de Turismo de Bogot\u00e1 para fortalecer la conectividad a\u00e9rea internacional de Quintana Roo, que desde hace m\u00e1s de un a\u00f1o inaugur\u00f3 la ruta Canc\u00fan-Bogot\u00e1.<\/p>\n<p>&nbsp;<\/p>\n<blockquote>\n<p style=\"text-align: right;\">\u201c<strong>El<\/strong> <strong>\u00e1ngel de la fama tiene sus alas hechas de papel&#8230; peri\u00f3dico\u201d.<br \/>\n<\/strong><\/p>\n<\/blockquote>\n<p>&nbsp;<\/p>\n<p><em><span class=\"Apple-converted-space\"><a href=\"mailto:victoriagprado@gmail.com\" target=\"_blank\" rel=\"noopener noreferrer\">victoriagprado@gmail.com<\/a><br \/>\nTwitter: <a href=\"https:\/\/twitter.com\/victoriagprado\" target=\"_blank\" rel=\"noopener noreferrer\">@victoriagprado<\/a><\/span><\/em><\/p>\n","protected":false},"excerpt":{"rendered":"<p>En el a\u00f1o 2014 fue reconocido por la Organizaci\u00f3n Mundial del Turismo (OMT) el \u2018C\u00f3digo de Conducta Nacional para la Protecci\u00f3n de Ni\u00f1as, Ni\u00f1os y Adolescentes` (CCN), como una de las 16 mejores pr\u00e1cticas a nivel mundial en la protecci\u00f3n de ni\u00f1as, ni\u00f1os y adolescentes.<\/p>\n","protected":false},"author":3,"featured_media":579765,"comment_status":"open","ping_status":"open","sticky":false,"template":"","format":"standard","meta":{"_monsterinsights_skip_tracking":false,"_monsterinsights_sitenote_active":false,"_monsterinsights_sitenote_note":"","_monsterinsights_sitenote_category":0,"footnotes":""},"categories":[11],"tags":[107,43674,43681,106],"class_list":["post-579721","post","type-post","status-publish","format-standard","has-post-thumbnail","hentry","category-turismo","tag-de-cinco-estrellas","tag-opinion","tag-turismo","tag-victoria-gonzalez-prado"],"_links":{"self":[{"href":"https:\/\/www.diarioimagen.net\/index.php?rest_route=\/wp\/v2\/posts\/579721","targetHints":{"allow":["GET"]}}],"collection":[{"href":"https:\/\/www.diarioimagen.net\/index.php?rest_route=\/wp\/v2\/posts"}],"about":[{"href":"https:\/\/www.diarioimagen.net\/index.php?rest_route=\/wp\/v2\/types\/post"}],"author":[{"embeddable":true,"href":"https:\/\/www.diarioimagen.net\/index.php?rest_route=\/wp\/v2\/users\/3"}],"replies":[{"embeddable":true,"href":"https:\/\/www.diarioimagen.net\/index.php?rest_route=%2Fwp%2Fv2%2Fcomments&post=579721"}],"version-history":[{"count":0,"href":"https:\/\/www.diarioimagen.net\/index.php?rest_route=\/wp\/v2\/posts\/579721\/revisions"}],"wp:featuredmedia":[{"embeddable":true,"href":"https:\/\/www.diarioimagen.net\/index.php?rest_route=\/wp\/v2\/media\/579765"}],"wp:attachment":[{"href":"https:\/\/www.diarioimagen.net\/index.php?rest_route=%2Fwp%2Fv2%2Fmedia&parent=579721"}],"wp:term":[{"taxonomy":"category","embeddable":true,"href":"https:\/\/www.diarioimagen.net\/index.php?rest_route=%2Fwp%2Fv2%2Fcategories&post=579721"},{"taxonomy":"post_tag","embeddable":true,"href":"https:\/\/www.diarioimagen.net\/index.php?rest_route=%2Fwp%2Fv2%2Ftags&post=579721"}],"curies":[{"name":"wp","href":"https:\/\/api.w.org\/{rel}","templated":true}]}}