{"id":579813,"date":"2023-04-04T00:04:56","date_gmt":"2023-04-04T06:04:56","guid":{"rendered":"https:\/\/www.diarioimagen.net\/?p=579813"},"modified":"2023-04-04T02:16:20","modified_gmt":"2023-04-04T08:16:20","slug":"jazmin-priego-nueva-dirigente-del-partido-nueva-alianza-en-naucalpan","status":"publish","type":"post","link":"https:\/\/www.diarioimagen.net\/?p=579813","title":{"rendered":"Jazm\u00edn Priego, nueva dirigente del Partido Nueva Alianza en Naucalpan"},"content":{"rendered":"<p>&nbsp;<\/p>\n<p><a href=\"https:\/\/www.diarioimagen.net\/?attachment_id=579883\" rel=\"attachment wp-att-579883\"><img loading=\"lazy\" decoding=\"async\" class=\"aligncenter size-full wp-image-579883\" src=\"https:\/\/www.diarioimagen.net\/wp-content\/uploads\/2023\/04\/jazmin-priego.jpg\" alt=\"\" width=\"460\" height=\"270\" \/><\/a><\/p>\n<p>&nbsp;<\/p>\n<p><strong>Naucalpan, Estado de M\u00e9xico.\u2014 <\/strong>Mario Alberto Cervantes Palomino, presidente estatal del Partido Nueva Alianza en el Estado de M\u00e9xico, tom\u00f3 protesta a la maestra Jazm\u00edn Priego Ruiz, como nueva dirigente municipal en esta localidad de ese instituto pol\u00edtico.<\/p>\n<p>En el auditorio \u201cIsidro Fabela\u201d, Cervantes Palomino exhort\u00f3 a la nueva dirigente municipal entregar lo mejor de s\u00ed, siempre viendo por el bien del Estado de M\u00e9xico y de quienes en \u00e9l viven.\u00a0 \u201cMaestro Mario Alberto, aqu\u00ed est\u00e1 reunida parte de la estatura que trabaja arduamente todos los d\u00edas para consolidar nuestro proyecto en el municipio, sabemos que no es tarea f\u00e1cil, pero tampoco imposible, nos respaldan nuestros liderazgos\u201d, dijo Jazm\u00edn Priego.<\/p>\n<p>Ante cientos de invitados, Jazm\u00edn Priego Ruiz, como nueva dirigente de Nueva Alianza en Naucalpan, se comprometi\u00f3 a trabajar en cuerpo y alma por el empoderamiento de NA siempre viendo por rescatar las causas justas de las familias naucalpenses.<\/p>\n","protected":false},"excerpt":{"rendered":"<p>Mario Alberto Cervantes Palomino, presidente estatal del Partido Nueva Alianza en el Estado de M\u00e9xico, tom\u00f3 protesta a la maestra Jazm\u00edn Priego Ruiz, como nueva dirigente municipal en esta localidad de ese instituto pol\u00edtico.<\/p>\n","protected":false},"author":3,"featured_media":579883,"comment_status":"open","ping_status":"open","sticky":false,"template":"","format":"standard","meta":{"_monsterinsights_skip_tracking":false,"_monsterinsights_sitenote_active":false,"_monsterinsights_sitenote_note":"","_monsterinsights_sitenote_category":0,"footnotes":""},"categories":[5],"tags":[66569,2308],"class_list":["post-579813","post","type-post","status-publish","format-standard","has-post-thumbnail","hentry","category-estado-de-mexico","tag-dirigente","tag-partido-nueva-alianza"],"_links":{"self":[{"href":"https:\/\/www.diarioimagen.net\/index.php?rest_route=\/wp\/v2\/posts\/579813","targetHints":{"allow":["GET"]}}],"collection":[{"href":"https:\/\/www.diarioimagen.net\/index.php?rest_route=\/wp\/v2\/posts"}],"about":[{"href":"https:\/\/www.diarioimagen.net\/index.php?rest_route=\/wp\/v2\/types\/post"}],"author":[{"embeddable":true,"href":"https:\/\/www.diarioimagen.net\/index.php?rest_route=\/wp\/v2\/users\/3"}],"replies":[{"embeddable":true,"href":"https:\/\/www.diarioimagen.net\/index.php?rest_route=%2Fwp%2Fv2%2Fcomments&post=579813"}],"version-history":[{"count":0,"href":"https:\/\/www.diarioimagen.net\/index.php?rest_route=\/wp\/v2\/posts\/579813\/revisions"}],"wp:featuredmedia":[{"embeddable":true,"href":"https:\/\/www.diarioimagen.net\/index.php?rest_route=\/wp\/v2\/media\/579883"}],"wp:attachment":[{"href":"https:\/\/www.diarioimagen.net\/index.php?rest_route=%2Fwp%2Fv2%2Fmedia&parent=579813"}],"wp:term":[{"taxonomy":"category","embeddable":true,"href":"https:\/\/www.diarioimagen.net\/index.php?rest_route=%2Fwp%2Fv2%2Fcategories&post=579813"},{"taxonomy":"post_tag","embeddable":true,"href":"https:\/\/www.diarioimagen.net\/index.php?rest_route=%2Fwp%2Fv2%2Ftags&post=579813"}],"curies":[{"name":"wp","href":"https:\/\/api.w.org\/{rel}","templated":true}]}}