{"id":579840,"date":"2023-04-04T00:01:58","date_gmt":"2023-04-04T06:01:58","guid":{"rendered":"https:\/\/www.diarioimagen.net\/?p=579840"},"modified":"2023-04-04T23:24:15","modified_gmt":"2023-04-05T05:24:15","slug":"en-operacion-relampago-caen-dos-participantes-de-balacera-en-cancun","status":"publish","type":"post","link":"https:\/\/www.diarioimagen.net\/?p=579840","title":{"rendered":"En operaci\u00f3n rel\u00e1mpago caen dos participantes de balacera en Canc\u00fan"},"content":{"rendered":"<h2>Derecho de r\u00e9plica<\/h2>\n<h5>Jos\u00e9 Luis Monta\u00f1ez<\/h5>\n<p>&nbsp;<\/p>\n<ul>\n<li><strong><em>Autoridades aclaran que las v\u00edctimas no eran empleados ni turistas<\/em><\/strong><\/li>\n<\/ul>\n<p>&nbsp;<\/p>\n<div id=\"attachment_579870\" style=\"width: 470px\" class=\"wp-caption aligncenter\"><a href=\"https:\/\/www.diarioimagen.net\/?attachment_id=579870\" rel=\"attachment wp-att-579870\"><img loading=\"lazy\" decoding=\"async\" aria-describedby=\"caption-attachment-579870\" class=\"size-full wp-image-579870\" src=\"https:\/\/www.diarioimagen.net\/wp-content\/uploads\/2023\/04\/derecho.jpg\" alt=\"\" width=\"460\" height=\"270\" \/><\/a><p id=\"caption-attachment-579870\" class=\"wp-caption-text\">La balacera se registr\u00f3 en un predio aleda\u00f1o a un hotel ubicado en el kil\u00f3metro 16.5 del Boulevard Kukulc\u00e1n, lo que gener\u00f3 una r\u00e1pida\u00a0 movilizaci\u00f3n de elementos de seguridad.<\/p><\/div>\n<p>&nbsp;<\/p>\n<p>En un operativo rel\u00e1mpago de la Fiscal\u00eda General del Estado de Quintana Roo (FGE), a cargo de \u00d3scar Montes de Oca, en coordinaci\u00f3n con elementos de la Polic\u00eda Estatal, la Sedena, la Marina y de la Guardia Nacional, se detuvo a dos presuntos sicarios que participaron en la balacera de este lunes por la ma\u00f1ana, que dej\u00f3 un saldo de cuatro personas muertas.<\/p>\n<p>Gracias a la rapidez con que se implement\u00f3 el operativo y a la ayuda de las c\u00e1maras del C5 de Canc\u00fan se logr\u00f3 capturar a dos de los implicados en el ataque registrado en el kil\u00f3metro 16.5 del Boulevard Kukulc\u00e1n, a la altura del hotel Fiesta Americana Condesa.<\/p>\n<p>Tras el reporte de los hechos, autoridades de los 3 \u00f3rdenes de gobierno se trasladaron a la zona, en donde al arribar encontraron a cuatro personas sin vida, por lo que se implement\u00f3 un operativo de b\u00fasqueda y localizaci\u00f3n con el apoyo de unidades terrestres, a\u00e9reas y mediante las c\u00e1maras de videovigilancia.<\/p>\n<p>Se inform\u00f3 que hay dos presuntos involucrados en los hechos referidos, quienes est\u00e1n siendo interrogados por la Fiscal\u00eda General del Estado para el deslinde de las responsabilidades.<\/p>\n<p>Al parecer, los occisos se encuentran relacionados con actividades de narcomenudeo, descartando que sean trabajadores de alg\u00fan hotel o que sean turistas, aclar\u00f3 la Secretar\u00eda de Seguridad P\u00fablica de Quintana Roo.<\/p>\n<p>\u201cAl momento, se encuentra un despliegue de fuerzas en la zona para dar con los presuntos responsables; hay dos presuntos involucrados en los hechos asegurados, adem\u00e1s de personal de seguridad privada, quienes est\u00e1n siendo interrogados por la FGE para el deslinde de las responsabilidades. Los occisos al parecer se encuentran relacionados con actividades de narcomenudeo, descartando que sean trabajadores o turistas\u201d, dijeron las autoridades en un video compartido ayer por la tarde.<\/p>\n<p>Las primeras tres v\u00edctimas fueron encontradas en la playa a un costado del hotel Fiesta Americana Condesa, ubicado en el kil\u00f3metro 16.5 del Boulevard Kukulc\u00e1n, poco antes de las 10:00 horas del lunes, donde momentos antes se hab\u00edan reportado detonaciones de arma de fuego. Debido a ello, se dio aviso al 911 para que arribaran los servicios de emergencia y la zona fuera acordonada. El cuarto cad\u00e1ver fue hallado entre la maleza.<\/p>\n<p>Al lugar llegaron elementos de la FGE, de la Polic\u00eda de Quintana Roo, de la Secretar\u00eda de Marina y la Guardia Nacional. Sin embargo, los param\u00e9dicos determinaron que las tres v\u00edctimas ya no contaban con signos vitales.<\/p>\n<p>Ante este suceso, la FGE Quintana Roo dio a conocer que inici\u00f3 una carpeta de investigaci\u00f3n por el hallazgo de los cuatro cuerpos sin vida. \u201cLas autoridades trabajan para esclarecer los hechos y dar con el paradero del o de los responsables\u201d, informaron.<\/p>\n<p>Se desconoce si se trat\u00f3 de un ataque directo o hubo un intercambio de balas, pues medios locales indicaron que antes de la llegada de los elementos de seguridad, pobladores de la zona escucharon varios disparos.<\/p>\n<p>De manera extraoficial se indic\u00f3 que las personas ejecutadas eran de nacionalidad mexicana, quienes presuntamente estar\u00edan relacionadas con la venta de droga.<\/p>\n<p style=\"text-align: center;\"><strong>Piden mayor inclusi\u00f3n en playas<\/strong><\/p>\n<p>A decir de las autoridades, ninguna de las playas de Canc\u00fan es inclusivas al ciento por ciento para recibir adecuadamente a las personas con alguna discapacidad, por lo que reconocen que se deben redoblar los esfuerzos en esa que es una materia pendiente.<\/p>\n<p>El jefe de Asuntos Interinstitucionales para la Direcci\u00f3n de Inclusi\u00f3n de personas con discapacidad del municipio de Benito Ju\u00e1rez, Erick Maffassanti, declar\u00f3 que a pesar de que hay playas con rampas o barandales, que bien pueden de utilidad para las personas con discapacidad motriz; en ninguna se van a encontrar elementos c\u00f3mo barandales en braille, sillas anfibias, se\u00f1al\u00e9tica, ni ba\u00f1os inclusivos, lo que termina por segregar a este segmento de la poblaci\u00f3n y visitantes.<\/p>\n<p>\u201cEn este momento playa las Perlas ya cuenta con algunas condiciones de accesibilidad universal, como estacionamiento para personas con discapacidad, rampas, ba\u00f1os accesibles, y cuenta con palapas donde se puedan colocar personas con discapacidad. Pero no es 100% inclusiva\u201d, reconoci\u00f3.<\/p>\n<p>Agreg\u00f3 que no hay un conteo de las personas con discapacidad que visitan las playas de Canc\u00fan a\u00f1o con a\u00f1o, lo que es primordial para saber en qu\u00e9 medida deben aplicarse los aditamentos para asistirlos en su llegada.<\/p>\n<p>Los \u00faltimos datos de la Direcci\u00f3n de Zona Federal Mar\u00edtimo Terrestre (Zofemat) refiere que durante 2022 visitaron las siete playas manejadas por el Ayuntamiento de Benito Ju\u00e1rez, un promedio mensual de entre seis mil 985 y 17 mil 053 personas, lo que significa que son un importante mercado, que incluso, podr\u00eda hacerse crecer.<\/p>\n<p>El funcionario adelant\u00f3 que ya est\u00e1n trabajando en un proyecto de adecuaci\u00f3n de accesibilidad universal en playa Las Perlas, \u201clo que se plantea es que el muelle que llega hoy hasta la mitad de la playa, tenga continuaci\u00f3n directa hasta el mar, cosa que una persona con cualquier discapacidad pueda seguir y llegar directamente hacia el agua\u201d, asever\u00f3.<\/p>\n<p>De tal manera, que entre otras adecuaciones, se van a instalar por lo menos dos sillas anfibias, para el ingreso de personas con discapacidad motriz al agua con las medidas de seguridad y resguardo \u201cTambi\u00e9n contaremos con un mapa h\u00e1ptico que est\u00e9 a la altura de personas en sillas de ruedas o de talla baja, se\u00f1al\u00e9tica para sordos en las \u00e1reas de las playas, y la construcci\u00f3n de un ba\u00f1o inclusivo familiar para el ingreso de cualquier persona que requiera asistencia de otro acompa\u00f1ante\u201d.<\/p>\n<p>Y concluy\u00f3 aclar\u00f3 que este proyecto est\u00e1 en desarrollo por la Zofemat y la Secretar\u00eda Municipal de Obras P\u00fablicas y Servicios; por lo que ya se ingres\u00f3 para la asignaci\u00f3n del presupuesto, y se espera la licitaci\u00f3n para poder hacer realidad la resoluci\u00f3n a esta necesidad.<\/p>\n<p><em>Escr\u00edbame a mi mail: <a href=\"mailto:montanezaguilar@gmail.com\" target=\"_blank\" rel=\"noopener noreferrer\">montanezaguilar@gmail.com<\/a><\/em><\/p>\n","protected":false},"excerpt":{"rendered":"<p><span style=\"color: #005497;\"><strong>Jos\u00e9 Luis Monta\u00f1ez<\/strong><\/span><br \/>\n<br \/>\nEn un operativo rel\u00e1mpago de la Fiscal\u00eda General del Estado de Quintana Roo (FGE), a cargo de \u00d3scar Montes de Oca, en coordinaci\u00f3n con elementos de la Polic\u00eda Estatal, la Sedena, la Marina y de la Guardia Nacional, se detuvo a dos presuntos sicarios que participaron en la balacera de este lunes por la ma\u00f1ana, que dej\u00f3 un saldo de cuatro personas muertas.<\/p>\n","protected":false},"author":3,"featured_media":579870,"comment_status":"open","ping_status":"open","sticky":false,"template":"","format":"standard","meta":{"_monsterinsights_skip_tracking":false,"_monsterinsights_sitenote_active":false,"_monsterinsights_sitenote_note":"","_monsterinsights_sitenote_category":0,"footnotes":""},"categories":[11622,25512],"tags":[47840,54579,43674],"class_list":["post-579840","post","type-post","status-publish","format-standard","has-post-thumbnail","hentry","category-jose-luis-montanez-aguilar","category-nacional-nacional","tag-derecho-de-replica","tag-jose-luis-montanez","tag-opinion"],"_links":{"self":[{"href":"https:\/\/www.diarioimagen.net\/index.php?rest_route=\/wp\/v2\/posts\/579840","targetHints":{"allow":["GET"]}}],"collection":[{"href":"https:\/\/www.diarioimagen.net\/index.php?rest_route=\/wp\/v2\/posts"}],"about":[{"href":"https:\/\/www.diarioimagen.net\/index.php?rest_route=\/wp\/v2\/types\/post"}],"author":[{"embeddable":true,"href":"https:\/\/www.diarioimagen.net\/index.php?rest_route=\/wp\/v2\/users\/3"}],"replies":[{"embeddable":true,"href":"https:\/\/www.diarioimagen.net\/index.php?rest_route=%2Fwp%2Fv2%2Fcomments&post=579840"}],"version-history":[{"count":0,"href":"https:\/\/www.diarioimagen.net\/index.php?rest_route=\/wp\/v2\/posts\/579840\/revisions"}],"wp:featuredmedia":[{"embeddable":true,"href":"https:\/\/www.diarioimagen.net\/index.php?rest_route=\/wp\/v2\/media\/579870"}],"wp:attachment":[{"href":"https:\/\/www.diarioimagen.net\/index.php?rest_route=%2Fwp%2Fv2%2Fmedia&parent=579840"}],"wp:term":[{"taxonomy":"category","embeddable":true,"href":"https:\/\/www.diarioimagen.net\/index.php?rest_route=%2Fwp%2Fv2%2Fcategories&post=579840"},{"taxonomy":"post_tag","embeddable":true,"href":"https:\/\/www.diarioimagen.net\/index.php?rest_route=%2Fwp%2Fv2%2Ftags&post=579840"}],"curies":[{"name":"wp","href":"https:\/\/api.w.org\/{rel}","templated":true}]}}