{"id":580173,"date":"2023-04-10T00:01:37","date_gmt":"2023-04-10T06:01:37","guid":{"rendered":"https:\/\/www.diarioimagen.net\/?p=580173"},"modified":"2023-04-10T01:07:33","modified_gmt":"2023-04-10T07:07:33","slug":"alejandra-del-moral-vela-sabra-cumplirle-a-los-millones-de-mexiquenses-david-parra-sanchez","status":"publish","type":"post","link":"https:\/\/www.diarioimagen.net\/?p=580173","title":{"rendered":"Alejandra Del Moral Vela sabr\u00e1 cumplirle a los millones de\u00a0 mexiquenses: David Parra S\u00e1nchez"},"content":{"rendered":"<p>&nbsp;<\/p>\n<ul>\n<li><em><strong>Est\u00e1 en marcha la ruta de la reconciliaci\u00f3n<\/strong><\/em><\/li>\n<\/ul>\n<p><strong>\u00a0<\/strong><\/p>\n<h6>Arturo Baena<\/h6>\n<p>&nbsp;<\/p>\n<div id=\"attachment_580252\" style=\"width: 470px\" class=\"wp-caption aligncenter\"><a href=\"https:\/\/www.diarioimagen.net\/?attachment_id=580252\" rel=\"attachment wp-att-580252\"><img loading=\"lazy\" decoding=\"async\" aria-describedby=\"caption-attachment-580252\" class=\"size-full wp-image-580252\" src=\"https:\/\/www.diarioimagen.net\/wp-content\/uploads\/2023\/04\/alejandra-del-moral.jpg\" alt=\"\" width=\"460\" height=\"270\" \/><\/a><p id=\"caption-attachment-580252\" class=\"wp-caption-text\">David Parra destac\u00f3 que a unos d\u00edas del inicio de la campa\u00f1a, Alejandra Del Moral Vela avanza con paso firme para ganar la gubernatura de la mano de los mexiquenses.<\/p><\/div>\n<p>&nbsp;<\/p>\n<p><strong>Valle de M\u00e9xico.\u2014<\/strong> La ruta de la reconciliaci\u00f3n est\u00e1 en marcha. Los eventos masivos de Alejandra Del Moral Vela no son una simulaci\u00f3n, son una realidad. En Cuautitl\u00e1n Izcalli, en Atizap\u00e1n, en Acolman, en Ecatepec, las y los mexiquenses le abren los brazos, la apoyan, la quieren, Saben que Ale, es una mujer, madre, esposa y profesionista valiente, que sabr\u00e1 cumplirle a los millones de ciudadanos que vivimos en el Estado de M\u00e9xico.<\/p>\n<p>Afirm\u00f3 lo anterior el diputado David Parra S\u00e1nchez luego de destacar que, \u201cd\u00eda a d\u00eda se suman al proyecto ganador las mujeres, los hombres, los j\u00f3venes, abuelitas, abuelitos, ni\u00f1as y ni\u00f1os que saben que trabajando unidos y en equipo, somos y seremos invencibles\u201d, dijo.<\/p>\n<p>El legislador por el distrito 32 de Naucalpan, destac\u00f3 que \u201ca unos d\u00edas del inicio de la campa\u00f1a, Del Moral Vela, avanza con paso firme para ganar la gubernatura de la mano de los mexiquenses y, desde luego, con el PAN, PRD, Nueva Alianza y el PRI. Ale, ha demostrado ser una mujer de palabra y de hechos.<\/p>\n<p>Parra S\u00e1nchez destac\u00f3 que en el Estado de M\u00e9xico ya se siente el \u00e1nimo, fuerza y compromiso de los valientes para unirnos y hacer cambios para todos y todas. \u201cCon uni\u00f3n y trabajando de la mano vamos a ganar para resolver juntos los problemas de nuestro estado\u201d, abund\u00f3.<\/p>\n<p>Finalmente, el diputado priista destac\u00f3: \u201csomos millones de mexiquenses que estamos listos para defender nuestro a nuestro Estado de M\u00e9xico este 4 de junio. \u00a1Vamos unidos con Alejandra Del Moral Vela!\u201d, concluy\u00f3.<\/p>\n","protected":false},"excerpt":{"rendered":"<p>La ruta de la reconciliaci\u00f3n est\u00e1 en marcha. Los eventos masivos de Alejandra Del Moral Vela no son una simulaci\u00f3n, son una realidad. En Cuautitl\u00e1n Izcalli, en Atizap\u00e1n, en Acolman, en Ecatepec, las y los mexiquenses le abren los brazos, la apoyan, la quieren, Saben que Ale, es una mujer, madre, esposa y profesionista valiente, que sabr\u00e1 cumplirle a los millones de ciudadanos que vivimos en el Estado de M\u00e9xico.<\/p>\n","protected":false},"author":3,"featured_media":580252,"comment_status":"open","ping_status":"open","sticky":false,"template":"","format":"standard","meta":{"_monsterinsights_skip_tracking":false,"_monsterinsights_sitenote_active":false,"_monsterinsights_sitenote_note":"","_monsterinsights_sitenote_category":0,"footnotes":""},"categories":[5],"tags":[29035,34],"class_list":["post-580173","post","type-post","status-publish","format-standard","has-post-thumbnail","hentry","category-estado-de-mexico","tag-david-parra-sanchez","tag-valle-de-mexico"],"_links":{"self":[{"href":"https:\/\/www.diarioimagen.net\/index.php?rest_route=\/wp\/v2\/posts\/580173","targetHints":{"allow":["GET"]}}],"collection":[{"href":"https:\/\/www.diarioimagen.net\/index.php?rest_route=\/wp\/v2\/posts"}],"about":[{"href":"https:\/\/www.diarioimagen.net\/index.php?rest_route=\/wp\/v2\/types\/post"}],"author":[{"embeddable":true,"href":"https:\/\/www.diarioimagen.net\/index.php?rest_route=\/wp\/v2\/users\/3"}],"replies":[{"embeddable":true,"href":"https:\/\/www.diarioimagen.net\/index.php?rest_route=%2Fwp%2Fv2%2Fcomments&post=580173"}],"version-history":[{"count":0,"href":"https:\/\/www.diarioimagen.net\/index.php?rest_route=\/wp\/v2\/posts\/580173\/revisions"}],"wp:featuredmedia":[{"embeddable":true,"href":"https:\/\/www.diarioimagen.net\/index.php?rest_route=\/wp\/v2\/media\/580252"}],"wp:attachment":[{"href":"https:\/\/www.diarioimagen.net\/index.php?rest_route=%2Fwp%2Fv2%2Fmedia&parent=580173"}],"wp:term":[{"taxonomy":"category","embeddable":true,"href":"https:\/\/www.diarioimagen.net\/index.php?rest_route=%2Fwp%2Fv2%2Fcategories&post=580173"},{"taxonomy":"post_tag","embeddable":true,"href":"https:\/\/www.diarioimagen.net\/index.php?rest_route=%2Fwp%2Fv2%2Ftags&post=580173"}],"curies":[{"name":"wp","href":"https:\/\/api.w.org\/{rel}","templated":true}]}}