{"id":580466,"date":"2023-04-12T00:03:49","date_gmt":"2023-04-12T06:03:49","guid":{"rendered":"https:\/\/www.diarioimagen.net\/?p=580466"},"modified":"2023-04-12T23:08:52","modified_gmt":"2023-04-13T05:08:52","slug":"esperan-respuesta-a-solicitudes-de-asilo-mas-de-117-mil-personas-en-mexico","status":"publish","type":"post","link":"https:\/\/www.diarioimagen.net\/?p=580466","title":{"rendered":"Esperan respuesta a solicitudes de asilo m\u00e1s de 117 mil personas en M\u00e9xico"},"content":{"rendered":"<p>&nbsp;<\/p>\n<ul>\n<li><strong><em>Han aumentado desde el inicio de la pandemia<\/em><\/strong><\/li>\n<\/ul>\n<p>&nbsp;<\/p>\n<div id=\"attachment_580549\" style=\"width: 470px\" class=\"wp-caption aligncenter\"><a href=\"https:\/\/www.diarioimagen.net\/?attachment_id=580549\" rel=\"attachment wp-att-580549\"><img loading=\"lazy\" decoding=\"async\" aria-describedby=\"caption-attachment-580549\" class=\"size-full wp-image-580549\" src=\"https:\/\/www.diarioimagen.net\/wp-content\/uploads\/2023\/04\/REZAGO-EN-COMAR.jpg\" alt=\"\" width=\"460\" height=\"270\" \/><\/a><p id=\"caption-attachment-580549\" class=\"wp-caption-text\">La Comisi\u00f3n Mexicana de Ayuda a Refugiados (Comar) enfrenta un rezago en sus respuestas, ante solicitudes de asilo, que han venido en aumento desde el inicio de la pandemia.<\/p><\/div>\n<p>&nbsp;<\/p>\n<p>Permanecen pendientes de resoluci\u00f3n en la Comisi\u00f3n Mexicana de Ayuda a Refugiados (Comar) m\u00e1s de 117 mil solicitudes de asilo; de ellas, poco m\u00e1s de 13 mil 500 corresponden a las que quedaron rezagadas del periodo anterior al inicio de la pandemia de Covid-19 y el resto es posterior, inform\u00f3 la dependencia.<\/p>\n<p>En febrero pasado, el coordinador de la Comar, Andr\u00e9s Ram\u00edrez, explic\u00f3 que, inicialmente, la distinci\u00f3n entre casos pendientes y rezagados consist\u00eda en que los segundos eran los que exced\u00edan el t\u00e9rmino estipulado por la ley, es decir, 45 d\u00edas a los que de ser necesario se suman otros 45 para un total de 90. Mientras, los pendientes eran los no resueltos pero a\u00fan dentro del plazo legal.<\/p>\n<p>\u201cSin embargo, desde que inici\u00f3 la pandemia y la declaraci\u00f3n de la jornada de sana distancia, la Secretar\u00eda de Gobernaci\u00f3n emiti\u00f3 un comunicado a trav\u00e9s del cual, por el tema de las aglomeraciones y las firmas, que generaba mucho riesgo de contagio, se suspendieron los plazos, por lo que los rezagos son aquellos que hayan llegado antes de la declaraci\u00f3n de marzo de 2020, y los pendientes son aquellos que est\u00e1n no solamente rezagados, sino que todav\u00eda no les damos respuesta\u201d, dijo Ram\u00edrez.<\/p>\n<p>Aunque en ese momento no se especific\u00f3 la cifra, posteriormente la dependencia inform\u00f3 que se trata de un total de 117 mil 478 casos, de los cuales 103 mil 932 se clasificaron como pendientes y 13 mil 546 como rezagados. En ambos casos, son personas que a\u00fan est\u00e1n a la espera de resoluci\u00f3n de su solicitud de asilo en M\u00e9xico. En la \u00faltima actualizaci\u00f3n de sus estad\u00edsticas, al 14 de marzo, la Comar report\u00f3 que las tres principales nacionalidades solicitantes son personas de origen haitiano, hondure\u00f1o y venezolano. De acuerdo con la versi\u00f3n m\u00e1s reciente de esas cifras, donde s\u00f3olo se informan los casos resueltos -positivo, negativo o protecci\u00f3n complementaria-, en los \u00faltimos 10 a\u00f1os (2013-2023) han sumado 148 mil 650; de ellos, 96 mil 402 han sido reconocidos como refugiados, 9 mil 121 han recibido protecci\u00f3n complementaria y 43 mil han sido rechazados.<\/p>\n<p>Las personas beneficiarias de protecci\u00f3n complementaria son aquellas que, ante una resoluci\u00f3n negativa, reciben una protecci\u00f3n m\u00e1s amplia seg\u00fan lo previsto por la ley. \u201cNo se les rechaza de forma autom\u00e1tica, sino que puede haber un sector de estos que fueron negados que puede analizarse, examinarse, y ver si esta persona podr\u00eda correr riesgo su vida en caso de que lo retornaran a su pa\u00eds de origen.<\/p>\n<p>En el caso de que este an\u00e1lisis concluya eso, no se le reconoce como refugiado, pero se le da el beneficio de la protecci\u00f3n complementaria\u201d, explic\u00f3 Ram\u00edrez.<\/p>\n<p>Durante la \u00faltima d\u00e9cada, los tres pa\u00edses que han recibido el mayor n\u00famero de casos positivos son Honduras (43 mil 944), Venezuela (22 mil 758) y El Salvador (14 mil 186), mientras que Hait\u00ed -con un incremento creciente en solicitudes- se ubica en el sexto puesto con solo 2 mil 931 positivos, 2 mil 030 de protecci\u00f3n complementaria y 12 mil 700 negativos, el primer lugar en n\u00famero de rechazados. Mientras Venezuela ha tenido una tasa de positividad del 96%, Honduras del 76% y El Salvador del 65%, la de Hait\u00ed es de apenas 16%.<\/p>\n<p>En tanto, apenas este 6 de abril el Instituto Nacional de Migraci\u00f3n (INM) inform\u00f3 que entre el 17 de marzo y el 5 de abril otorg\u00f3 2 mil 320 tarjetas por razones humanitarias a migrantes extranjeros que acampaban en las inmediaciones de la Comar en la Plaza Giordano Bruno de la alcald\u00eda Cuauht\u00e9moc de la capital del pa\u00eds; 539 eran mujeres, mil 189 hombres y 592 menores de edad de Hait\u00ed, Chile, Venezuela, Brasil, Ecuador, Honduras, Colombia, Cuba, Nicaragua, Rep\u00fablica Dominicana, El Salvador, Per\u00fa, Bolivia, Pakist\u00e1n, Ir\u00e1n, India, Afganist\u00e1n, Angola, Rep\u00fablica Democr\u00e1tica del Congo, Nigeria, Senegal, Camer\u00fan, Guinea, Mauritania y Francia.<\/p>\n<p>De ellos, seg\u00fan el INM, mil 190 se trasladaron voluntariamente al albergue del Bosque de Tl\u00e1huac para recibir las tarjetas, mientras que el resto fueron trasladados a las ciudades de Pachuca, Cuernavaca, Quer\u00e9taro, Tlaxcala y Toluca. El viernes 7 de abril, personas en situaci\u00f3n de movilidad a\u00fan segu\u00edan arribando a la Plaza Giordano Bruno, y este lunes 10, 450 fueron llevadas al albergue de Tl\u00e1huac, con lo que la plaza qued\u00f3 despejada, informaron autoridades de la Ciudad de M\u00e9xico.<\/p>\n","protected":false},"excerpt":{"rendered":"<p>Permanecen pendientes de resoluci\u00f3n en la Comisi\u00f3n Mexicana de Ayuda a Refugiados (Comar) m\u00e1s de 117 mil solicitudes de asilo; de ellas, poco m\u00e1s de 13 mil 500 corresponden a las que quedaron rezagadas del periodo anterior al inicio de la pandemia de Covid-19 y el resto es posterior, inform\u00f3 la dependencia.<\/p>\n","protected":false},"author":3,"featured_media":580549,"comment_status":"open","ping_status":"open","sticky":false,"template":"","format":"standard","meta":{"_monsterinsights_skip_tracking":false,"_monsterinsights_sitenote_active":false,"_monsterinsights_sitenote_note":"","_monsterinsights_sitenote_category":0,"footnotes":""},"categories":[3],"tags":[82711,97697],"class_list":["post-580466","post","type-post","status-publish","format-standard","has-post-thumbnail","hentry","category-nacional","tag-asilo","tag-conar"],"_links":{"self":[{"href":"https:\/\/www.diarioimagen.net\/index.php?rest_route=\/wp\/v2\/posts\/580466","targetHints":{"allow":["GET"]}}],"collection":[{"href":"https:\/\/www.diarioimagen.net\/index.php?rest_route=\/wp\/v2\/posts"}],"about":[{"href":"https:\/\/www.diarioimagen.net\/index.php?rest_route=\/wp\/v2\/types\/post"}],"author":[{"embeddable":true,"href":"https:\/\/www.diarioimagen.net\/index.php?rest_route=\/wp\/v2\/users\/3"}],"replies":[{"embeddable":true,"href":"https:\/\/www.diarioimagen.net\/index.php?rest_route=%2Fwp%2Fv2%2Fcomments&post=580466"}],"version-history":[{"count":0,"href":"https:\/\/www.diarioimagen.net\/index.php?rest_route=\/wp\/v2\/posts\/580466\/revisions"}],"wp:featuredmedia":[{"embeddable":true,"href":"https:\/\/www.diarioimagen.net\/index.php?rest_route=\/wp\/v2\/media\/580549"}],"wp:attachment":[{"href":"https:\/\/www.diarioimagen.net\/index.php?rest_route=%2Fwp%2Fv2%2Fmedia&parent=580466"}],"wp:term":[{"taxonomy":"category","embeddable":true,"href":"https:\/\/www.diarioimagen.net\/index.php?rest_route=%2Fwp%2Fv2%2Fcategories&post=580466"},{"taxonomy":"post_tag","embeddable":true,"href":"https:\/\/www.diarioimagen.net\/index.php?rest_route=%2Fwp%2Fv2%2Ftags&post=580466"}],"curies":[{"name":"wp","href":"https:\/\/api.w.org\/{rel}","templated":true}]}}