{"id":580576,"date":"2023-04-13T00:05:08","date_gmt":"2023-04-13T06:05:08","guid":{"rendered":"https:\/\/www.diarioimagen.net\/?p=580576"},"modified":"2023-04-13T23:00:58","modified_gmt":"2023-04-14T05:00:58","slug":"inicia-fiesta-literaria-en-la-uaemex-abril-mes-de-la-lectura-2023","status":"publish","type":"post","link":"https:\/\/www.diarioimagen.net\/?p=580576","title":{"rendered":"Inicia fiesta literaria en la UAEM\u00e9x: \u201cAbril, mes de la lectura\u201d 2023"},"content":{"rendered":"<p>&nbsp;<\/p>\n<div id=\"attachment_580671\" style=\"width: 470px\" class=\"wp-caption aligncenter\"><a href=\"https:\/\/www.diarioimagen.net\/?attachment_id=580671\" rel=\"attachment wp-att-580671\"><img loading=\"lazy\" decoding=\"async\" aria-describedby=\"caption-attachment-580671\" class=\"size-full wp-image-580671\" src=\"https:\/\/www.diarioimagen.net\/wp-content\/uploads\/2023\/04\/uaem-inicia-fiesta.jpg\" alt=\"\" width=\"460\" height=\"270\" \/><\/a><p id=\"caption-attachment-580671\" class=\"wp-caption-text\">Como parte del acto inaugural, el escritor Alberto Chimal imparti\u00f3 la conferencia magistral \u201cLa aventura de lectura\u201d y present\u00f3 su obra m\u00e1s reciente, La visitante.<\/p><\/div>\n<p>&nbsp;<\/p>\n<p><strong>Toluca, Estado de M\u00e9xico.\u2013<\/strong> Con la participaci\u00f3n de todos los espacios acad\u00e9micos y un programa amplio y variado que suma 285 actividades para audiencias de todas las edades, la Universidad Aut\u00f3noma del Estado de M\u00e9xico (UAEM\u00e9x) inici\u00f3 su fiesta literaria \u201cAbril, mes de la lectura\u201d 2023, que en esta edici\u00f3n est\u00e1 dedicada al 195 Aniversario de la Fundaci\u00f3n del Instituto Literario del Estado de M\u00e9xico, antecedente directo de lo que hoy es esta casa de estudios.<\/p>\n<p>En la Sala \u201cLic. Benito Ju\u00e1rez Garc\u00eda\u201d, en el Edificio de Rector\u00eda, el secretario de Docencia de la UAEM\u00e9x, Jos\u00e9 Raymundo Marcial Romero, acompa\u00f1ado del conferencista magistral, el escritor mexiquense Alberto Chimal, de las secretarias de Investigaci\u00f3n y Estudios Avanzados, Martha Patricia Zarza Delgado; de Difusi\u00f3n Cultural, Mar\u00eda de las Mercedes Portilla Luja, y del director de Infraestructura acad\u00e9mica, Hugo Esquinca Farrera, inaugur\u00f3 el festival literario.<\/p>\n<p>Marcial Romero expres\u00f3 que ante el reto de los bajos \u00edndices de lectura de la poblaci\u00f3n adulta mexicana que, de acuerdo con el Instituto Nacional de Estad\u00edstica y Geograf\u00eda (INEGI), en 2022 ley\u00f3 en promedio 3.9 libros al a\u00f1o, actividades como \u201cAbril, mes de la lectura\u201d cobran especial importancia, por su prop\u00f3sito de fomentar, promover e inculcar el invaluable h\u00e1bito de la lectura entre la comunidad universitaria y sociedad en general.<\/p>\n<p>\u201cSe ha demostrado que la lectura como actividad intelectual contribuye al conocimiento, fomenta la creatividad y estimula la imaginaci\u00f3n, lo que, a su vez, se traduce en mejores capacidades para expresarse, comunicarse, aprender y comprender el mundo que nos rodea\u201d, dijo.<\/p>\n<p>Como parte del acto inaugural, el escritor mexicano, originario de Toluca, Alberto Chimal, imparti\u00f3 la conferencia magistral \u201cLa aventura de la lectura\u201d y present\u00f3 su obra m\u00e1s reciente, <em>La visitante<\/em>.<\/p>\n<p>El tambi\u00e9n considerado como uno de los principales exponentes de la literatura fant\u00e1stica iberoamericana comparti\u00f3 c\u00f3mo fue su acercamiento a la lectura desde la ni\u00f1ez y su actividad de escribir. Explic\u00f3 que los libros que ten\u00eda a su alcance, principalmente en casa de su mam\u00e1, los le\u00eda sin discriminar, por lo que pudo disfrutar a autores como William Shakespeare, Octavio Paz y Jos\u00e9 Emilio Pacheco, entre otros.<\/p>\n<p>\u201cNadie me ense\u00f1\u00f3 que la literatura fuera prescriptiva u obligatoria y tampoco nadie me ense\u00f1\u00f3 que hubiera marcas de clase en la literatura, nadie me dijo esta obra s\u00ed, esta obra no, nadie me dijo esta obra es inferior, esta obra es superior y la tienes que leer, lo que estaba ah\u00ed, estaba a mi alcance, venturosamente, y yo lo le\u00eda todo\u201d, record\u00f3.<\/p>\n<p>Sobre su libro <em>La visitante<\/em> indic\u00f3 que es una historia que se desarrolla en 1972 en la Ciudad de M\u00e9xico, cuya protagonista, Gabriela, inicia su carrera universitaria y se une al grupo teatral de su universidad, en un contexto social represivo hacia los estudiantes y las artes como conciertos de rock o contenido cinematogr\u00e1fico, as\u00ed como de violencia hacia la mujer.<\/p>\n<p>El programa de \u201cAbril, mes de la lectura\u201d 2023 contempla 285 actividades, 69 presentaciones de libro, 85 conferencias, la tradicional liturgia literaria, la Feria del Libro Universitario, presentaciones art\u00edsticas como el concierto de la Orquesta Sinf\u00f3nica Juvenil de la UAEM\u00e9x con un ensamble preparado de rock y Broadway, as\u00ed como la participaci\u00f3n de varios autores como Alberto Zuckermann, la tik-toker Ale, el Hada de los Libros, entre otros.<\/p>\n<p>\u201cAbril, mes de la lectura\u201d se ha desarrollado ininterrumpidamente desde hace 26 a\u00f1os y para la edici\u00f3n 2023 tendr\u00e1 sede en los 50 espacios acad\u00e9micos de la UAEM\u00e9x. El programa se puede consultar en <em>www.abrilmesdelalectura.uaemex.mx<\/em><\/p>\n","protected":false},"excerpt":{"rendered":"<p>Con la participaci\u00f3n de todos los espacios acad\u00e9micos y un programa amplio y variado que suma 285 actividades para audiencias de todas las edades, la Universidad Aut\u00f3noma del Estado de M\u00e9xico (UAEM\u00e9x) inici\u00f3 su fiesta literaria \u201cAbril, mes de la lectura\u201d 2023, que en esta edici\u00f3n est\u00e1 dedicada al 195 Aniversario de la Fundaci\u00f3n del Instituto Literario del Estado de M\u00e9xico, antecedente directo de lo que hoy es esta casa de estudios.<\/p>\n","protected":false},"author":3,"featured_media":580671,"comment_status":"open","ping_status":"open","sticky":false,"template":"","format":"standard","meta":{"_monsterinsights_skip_tracking":false,"_monsterinsights_sitenote_active":false,"_monsterinsights_sitenote_note":"","_monsterinsights_sitenote_category":0,"footnotes":""},"categories":[5],"tags":[97701,97702,67878],"class_list":["post-580576","post","type-post","status-publish","format-standard","has-post-thumbnail","hentry","category-estado-de-mexico","tag-abril","tag-mes-de-la-lectura","tag-uaemex"],"_links":{"self":[{"href":"https:\/\/www.diarioimagen.net\/index.php?rest_route=\/wp\/v2\/posts\/580576","targetHints":{"allow":["GET"]}}],"collection":[{"href":"https:\/\/www.diarioimagen.net\/index.php?rest_route=\/wp\/v2\/posts"}],"about":[{"href":"https:\/\/www.diarioimagen.net\/index.php?rest_route=\/wp\/v2\/types\/post"}],"author":[{"embeddable":true,"href":"https:\/\/www.diarioimagen.net\/index.php?rest_route=\/wp\/v2\/users\/3"}],"replies":[{"embeddable":true,"href":"https:\/\/www.diarioimagen.net\/index.php?rest_route=%2Fwp%2Fv2%2Fcomments&post=580576"}],"version-history":[{"count":0,"href":"https:\/\/www.diarioimagen.net\/index.php?rest_route=\/wp\/v2\/posts\/580576\/revisions"}],"wp:featuredmedia":[{"embeddable":true,"href":"https:\/\/www.diarioimagen.net\/index.php?rest_route=\/wp\/v2\/media\/580671"}],"wp:attachment":[{"href":"https:\/\/www.diarioimagen.net\/index.php?rest_route=%2Fwp%2Fv2%2Fmedia&parent=580576"}],"wp:term":[{"taxonomy":"category","embeddable":true,"href":"https:\/\/www.diarioimagen.net\/index.php?rest_route=%2Fwp%2Fv2%2Fcategories&post=580576"},{"taxonomy":"post_tag","embeddable":true,"href":"https:\/\/www.diarioimagen.net\/index.php?rest_route=%2Fwp%2Fv2%2Ftags&post=580576"}],"curies":[{"name":"wp","href":"https:\/\/api.w.org\/{rel}","templated":true}]}}