{"id":580581,"date":"2023-04-13T00:01:54","date_gmt":"2023-04-13T06:01:54","guid":{"rendered":"https:\/\/www.diarioimagen.net\/?p=580581"},"modified":"2023-04-13T01:55:13","modified_gmt":"2023-04-13T07:55:13","slug":"crea-mexico-coordinacion-nacional-para-combatir-trafico-de-fentanilo","status":"publish","type":"post","link":"https:\/\/www.diarioimagen.net\/?p=580581","title":{"rendered":"Crea M\u00e9xico coordinaci\u00f3n nacional para combatir tr\u00e1fico de fentanilo"},"content":{"rendered":"<p>&nbsp;<\/p>\n<ul>\n<li><em><strong>La preside Rosa Icela Rodr\u00edguez<\/strong><\/em><\/li>\n<\/ul>\n<p>&nbsp;<\/p>\n<div id=\"attachment_580681\" style=\"width: 470px\" class=\"wp-caption aligncenter\"><a href=\"https:\/\/www.diarioimagen.net\/?attachment_id=580681\" rel=\"attachment wp-att-580681\"><img loading=\"lazy\" decoding=\"async\" aria-describedby=\"caption-attachment-580681\" class=\"size-full wp-image-580681\" src=\"https:\/\/www.diarioimagen.net\/wp-content\/uploads\/2023\/04\/fentanilo.jpg\" alt=\"\" width=\"460\" height=\"270\" \/><\/a><p id=\"caption-attachment-580681\" class=\"wp-caption-text\">Se crea la Coordinaci\u00f3n nacional para combatir el tr\u00e1fico il\u00edcito de drogas sint\u00e9ticas, como el fentanilo, y la preside la titular de la SSPC, Rosa Icela Rodr\u00edguez.<\/p><\/div>\n<p>&nbsp;<\/p>\n<p>M\u00e9xico cre\u00f3 la Coordinaci\u00f3n nacional para combatir el tr\u00e1fico il\u00edcito de drogas sint\u00e9ticas, y armas de fuego y sus municiones, que se encargar\u00e1 de \u201cdise\u00f1ar y promover acciones estrat\u00e9gicas contra el tr\u00e1fico il\u00edcito de drogas sint\u00e9ticas, y armas de fuego y sus municiones, con el fin de preservar la Seguridad Nacional\u201d.<\/p>\n<p>Seg\u00fan un acuerdo publicado este mi\u00e9rcoles por la Secretar\u00eda de Seguridad y Protecci\u00f3n Ciudadana (SSPC) en el Diario Oficial de la Federaci\u00f3n (DOF), se trata de un grupo de trabajo especial para el seguimiento de las acciones que realicen las dependencias y entidades del gobierno federal, en el \u00e1mbito de su competencia, contra el tr\u00e1fico il\u00edcito de las drogas sint\u00e9ticas, que ser\u00e1 presidida por Rosa Icela Rodr\u00edguez.<\/p>\n<p>Este anuncio se dio a conocer previo al encuentro, en Washington, de M\u00e9xico, Estados Unidos y Canad\u00e1 sobre el tr\u00e1fico ilegal de fentanilo.<\/p>\n<p style=\"text-align: center;\"><strong>Depender\u00e1 directamente del Presidente<\/strong><\/p>\n<p>La Coordinaci\u00f3n nacional para combatir el tr\u00e1fico il\u00edcito de drogas sint\u00e9ticas depende directamente del presidente Andr\u00e9s Manuel L\u00f3pez Obrador y la preside la secretaria de Seguridad y Protecci\u00f3n Ciudadana, Rosa Icela Rodr\u00edguez Vel\u00e1zquez.<\/p>\n<p>La integrar\u00e1n los secretarios de Gobernaci\u00f3n, Ad\u00e1n Augusto L\u00f3pez; Relaciones Exteriores, Marcelo Ebrard; Defensa Nacional, general Luis Cresencio Sandoval Gonz\u00e1lez; Marina, almirante Jos\u00e9 Rafael Ojeda Dur\u00e1n; Salud, Jorge Alcocer; y los titulares de la Unidad de Inteligencia Financiera y de la Procuradur\u00eda Fiscal de la Federaci\u00f3n, ambas de la Secretar\u00eda de Hacienda y Cr\u00e9dito P\u00fablico; del Centro Nacional de Inteligencia de la Secretar\u00eda de Seguridad y Protecci\u00f3n Ciudadana, Audomaro Zapata; y el titular de la Guardia Nacional, David C\u00f3rdoba Campos.<\/p>\n<p>\u201cLa Fiscal\u00eda General de la Rep\u00fablica es invitado permanente con voz, pero sin voto y, cuando as\u00ed lo requiera la naturaleza de los asuntos a tratar, a propuesta o solicitud de cualquiera de sus integrantes, la Comisi\u00f3n podr\u00e1 invitar a las personas servidoras p\u00fablicas de los tres \u00f3rdenes de gobierno o de cualquier otro organismo p\u00fablico o privado, quienes participar\u00e1n en las sesiones con voz, pero sin voto\u201d.<\/p>\n<p>Entre otras acciones, la Comisi\u00f3n propondr\u00e1 a las autoridades competentes las acciones que resulten necesarias para celebrar convenios internacionales en relaci\u00f3n al tr\u00e1fico il\u00edcito de drogas sint\u00e9ticas, y armas de fuego y sus municiones.<\/p>\n<p>Esta comisi\u00f3n deber\u00e1 instalarse dentro de los diez d\u00edas h\u00e1biles siguientes a la entrada en vigor del presente decreto.<\/p>\n<p>En el acuerdo publicado y firmado por el presidente Andr\u00e9s Manuel L\u00f3pez Obrador, la Secretar\u00eda de Seguridad y Protecci\u00f3n Ciudadana se\u00f1ala que el \u201cuso del fentanilo con fines no m\u00e9dicos, como adulterante de la hero\u00edna y de otras drogas, y para falsificar f\u00e1rmacos opioides implica un alto riesgo de sobredosis y muerte por depresi\u00f3n respiratoria, el cual es un efecto secundario habitual de los opioides y obedece a la imprevisibilidad de la potencia de las sustancias que se encuentran en los mercados il\u00edcitos en diferentes formas\u201d.<\/p>\n<p>La dependencia se\u00f1ala que del 6 al 20 de febrero de 2023, se aseguraron 35.2 millones de dosis de fentanilo con un peso de 65 kilos, es decir, el n\u00famero de dosis de fentanilo aseguradas en el pa\u00eds aument\u00f3 casi nueve veces en comparaci\u00f3n con lo decomisado en el periodo anterior, al incrementarse de 35.2 millones de dosis a 302 millones, un aproximado de 857 por ciento.<\/p>\n","protected":false},"excerpt":{"rendered":"<p>M\u00e9xico cre\u00f3 la Coordinaci\u00f3n nacional para combatir el tr\u00e1fico il\u00edcito de drogas sint\u00e9ticas, y armas de fuego y sus municiones, que se encargar\u00e1 de \u201cdise\u00f1ar y promover acciones estrat\u00e9gicas contra el tr\u00e1fico il\u00edcito de drogas sint\u00e9ticas, y armas de fuego y sus municiones, con el fin de preservar la Seguridad Nacional\u201d.<\/p>\n","protected":false},"author":3,"featured_media":580681,"comment_status":"open","ping_status":"open","sticky":false,"template":"","format":"standard","meta":{"_monsterinsights_skip_tracking":false,"_monsterinsights_sitenote_active":false,"_monsterinsights_sitenote_note":"","_monsterinsights_sitenote_category":0,"footnotes":""},"categories":[7],"tags":[95454,28195,86872],"class_list":["post-580581","post","type-post","status-publish","format-standard","has-post-thumbnail","hentry","category-seguridad","tag-fentanilo","tag-rosa-icela-rodriguez","tag-sspc"],"_links":{"self":[{"href":"https:\/\/www.diarioimagen.net\/index.php?rest_route=\/wp\/v2\/posts\/580581","targetHints":{"allow":["GET"]}}],"collection":[{"href":"https:\/\/www.diarioimagen.net\/index.php?rest_route=\/wp\/v2\/posts"}],"about":[{"href":"https:\/\/www.diarioimagen.net\/index.php?rest_route=\/wp\/v2\/types\/post"}],"author":[{"embeddable":true,"href":"https:\/\/www.diarioimagen.net\/index.php?rest_route=\/wp\/v2\/users\/3"}],"replies":[{"embeddable":true,"href":"https:\/\/www.diarioimagen.net\/index.php?rest_route=%2Fwp%2Fv2%2Fcomments&post=580581"}],"version-history":[{"count":0,"href":"https:\/\/www.diarioimagen.net\/index.php?rest_route=\/wp\/v2\/posts\/580581\/revisions"}],"wp:featuredmedia":[{"embeddable":true,"href":"https:\/\/www.diarioimagen.net\/index.php?rest_route=\/wp\/v2\/media\/580681"}],"wp:attachment":[{"href":"https:\/\/www.diarioimagen.net\/index.php?rest_route=%2Fwp%2Fv2%2Fmedia&parent=580581"}],"wp:term":[{"taxonomy":"category","embeddable":true,"href":"https:\/\/www.diarioimagen.net\/index.php?rest_route=%2Fwp%2Fv2%2Fcategories&post=580581"},{"taxonomy":"post_tag","embeddable":true,"href":"https:\/\/www.diarioimagen.net\/index.php?rest_route=%2Fwp%2Fv2%2Ftags&post=580581"}],"curies":[{"name":"wp","href":"https:\/\/api.w.org\/{rel}","templated":true}]}}