{"id":580590,"date":"2023-04-13T00:04:35","date_gmt":"2023-04-13T06:04:35","guid":{"rendered":"https:\/\/www.diarioimagen.net\/?p=580590"},"modified":"2023-04-13T02:04:31","modified_gmt":"2023-04-13T08:04:31","slug":"oapas-intensifica-acciones-para-promover-la-cultura-del-agua","status":"publish","type":"post","link":"https:\/\/www.diarioimagen.net\/?p=580590","title":{"rendered":"OAPAS intensifica acciones para promover la cultura del agua"},"content":{"rendered":"<p>&nbsp;<\/p>\n<p><a href=\"https:\/\/www.diarioimagen.net\/?attachment_id=580690\" rel=\"attachment wp-att-580690\"><img loading=\"lazy\" decoding=\"async\" class=\"aligncenter size-full wp-image-580690\" src=\"https:\/\/www.diarioimagen.net\/wp-content\/uploads\/2023\/04\/oapas.jpg\" alt=\"\" width=\"460\" height=\"270\" \/><\/a><\/p>\n<p>&nbsp;<\/p>\n<p><strong>Naucalpan, Estado de M\u00e9xico.\u2014 <\/strong>En la actualidad, Naucalpan enfrenta dif\u00edciles condiciones de disponibilidad de aguapotable, por lo que se han intensificado las acciones para promover la cultura del agua para influir en diversos grupos sociales para establecer una relaci\u00f3n de respeto, cuidado, preservaci\u00f3n y uso sustentable del vital l\u00edquido.<\/p>\n<p>Alejandro Vences Mej\u00eda, director de OAPAS en coordinaci\u00f3n con la jefa de Cultura del Agua, Edith Granados, tienen la certeza de qu\u00e9 a trav\u00e9s de diversas actividades en planteles educativos, zonas industriales y con agrupaciones vecinales se podr\u00e1 proporcionar a la sociedad valores, actitudes y h\u00e1bitos responsables sobre el manejo del recurso h\u00eddrico.<\/p>\n","protected":false},"excerpt":{"rendered":"<p>En la actualidad, Naucalpan enfrenta dif\u00edciles condiciones de disponibilidad de aguapotable, por lo que se han intensificado las acciones para promover la cultura del agua para influir en diversos grupos sociales para establecer una relaci\u00f3n de respeto, cuidado, preservaci\u00f3n y uso sustentable del vital l\u00edquido.<\/p>\n","protected":false},"author":3,"featured_media":580690,"comment_status":"open","ping_status":"open","sticky":false,"template":"","format":"standard","meta":{"_monsterinsights_skip_tracking":false,"_monsterinsights_sitenote_active":false,"_monsterinsights_sitenote_note":"","_monsterinsights_sitenote_category":0,"footnotes":""},"categories":[5],"tags":[162,45759,83440],"class_list":["post-580590","post","type-post","status-publish","format-standard","has-post-thumbnail","hentry","category-estado-de-mexico","tag-agua","tag-oapas","tag-promover"],"_links":{"self":[{"href":"https:\/\/www.diarioimagen.net\/index.php?rest_route=\/wp\/v2\/posts\/580590","targetHints":{"allow":["GET"]}}],"collection":[{"href":"https:\/\/www.diarioimagen.net\/index.php?rest_route=\/wp\/v2\/posts"}],"about":[{"href":"https:\/\/www.diarioimagen.net\/index.php?rest_route=\/wp\/v2\/types\/post"}],"author":[{"embeddable":true,"href":"https:\/\/www.diarioimagen.net\/index.php?rest_route=\/wp\/v2\/users\/3"}],"replies":[{"embeddable":true,"href":"https:\/\/www.diarioimagen.net\/index.php?rest_route=%2Fwp%2Fv2%2Fcomments&post=580590"}],"version-history":[{"count":0,"href":"https:\/\/www.diarioimagen.net\/index.php?rest_route=\/wp\/v2\/posts\/580590\/revisions"}],"wp:featuredmedia":[{"embeddable":true,"href":"https:\/\/www.diarioimagen.net\/index.php?rest_route=\/wp\/v2\/media\/580690"}],"wp:attachment":[{"href":"https:\/\/www.diarioimagen.net\/index.php?rest_route=%2Fwp%2Fv2%2Fmedia&parent=580590"}],"wp:term":[{"taxonomy":"category","embeddable":true,"href":"https:\/\/www.diarioimagen.net\/index.php?rest_route=%2Fwp%2Fv2%2Fcategories&post=580590"},{"taxonomy":"post_tag","embeddable":true,"href":"https:\/\/www.diarioimagen.net\/index.php?rest_route=%2Fwp%2Fv2%2Ftags&post=580590"}],"curies":[{"name":"wp","href":"https:\/\/api.w.org\/{rel}","templated":true}]}}