{"id":580592,"date":"2023-04-13T00:02:47","date_gmt":"2023-04-13T06:02:47","guid":{"rendered":"https:\/\/www.diarioimagen.net\/?p=580592"},"modified":"2023-04-13T02:05:07","modified_gmt":"2023-04-13T08:05:07","slug":"la-seguridad-de-mexiquenses-sera-una-prioridad-promete-alejandra-del-moral","status":"publish","type":"post","link":"https:\/\/www.diarioimagen.net\/?p=580592","title":{"rendered":"La seguridad de mexiquenses ser\u00e1 una prioridad, promete Alejandra Del Moral"},"content":{"rendered":"<p>&nbsp;<\/p>\n<ul>\n<li><strong><em>Conf\u00eda en el voto ciudadano<\/em> <\/strong><\/li>\n<\/ul>\n<p><strong>\u00a0<\/strong><\/p>\n<h6>Arturo Baena<\/h6>\n<p>&nbsp;<\/p>\n<div id=\"attachment_580692\" style=\"width: 470px\" class=\"wp-caption aligncenter\"><a href=\"https:\/\/www.diarioimagen.net\/?attachment_id=580692\" rel=\"attachment wp-att-580692\"><img loading=\"lazy\" decoding=\"async\" aria-describedby=\"caption-attachment-580692\" class=\"size-full wp-image-580692\" src=\"https:\/\/www.diarioimagen.net\/wp-content\/uploads\/2023\/04\/seguridad-mexiquenses.jpg\" alt=\"\" width=\"460\" height=\"270\" \/><\/a><p id=\"caption-attachment-580692\" class=\"wp-caption-text\">La aliancista Alejandra Del Moral dijo que nada est\u00e1 escrito y ser\u00e1n las y los ciudadanos quienes decidan con su voto el futuro de la entidad.<\/p><\/div>\n<p>&nbsp;<\/p>\n<p><strong>Valle de M\u00e9xico.\u2014<\/strong> Alejandra Del Moral Vela, candidata de la coalici\u00f3n Va por el Estado de M\u00e9xico al gobierno del Estado de M\u00e9xico, sostuvo que la seguridad de los mexiquenses ser\u00e1 su prioridad, para que las familias puedan vivir y desarrollar sus actividades en paz y tranquilidad.<\/p>\n<p>\u201cEn materia de seguridad, no voy a voltear a ning\u00fan lado\u201d, porque estoy convencida que los abrazos no funcionan, extern\u00f3 ante simpatizantes y militantes del PRI, PAN, PRD y Nueva Alianza del municipio de Tenancingo, quienes ondeaban banderas y aventaban confeti al paso de la abanderada aliancista.<\/p>\n<p>Dej\u00f3 en claro que intensificar\u00e1 la coordinaci\u00f3n interinstitucional en todos los municipios, ya que se debe poner orden y reconciliar el trabajo del Ej\u00e9rcito, de la Guardia Nacional, de las polic\u00edas estatal y municipal para hacer equipo con toda la sociedad.<\/p>\n<p>La seguridad, la tranquilidad y la paz son mi prioridad, extern\u00f3 Del Moral Vela, quien estuvo acompa\u00f1ada del dirigente estatal del PRI, Eric Sevilla; del delegado del PRD en la entidad, Agust\u00edn \u00c1ngel Barrera, y del l\u00edder de Nueva Alianza en el estado, Mario Cervantes Palomino.<\/p>\n<p>A los trabajadores del campo, la abanderada se comprometi\u00f3 a elevar la productividad del agro mexiquense y mejorar los ingresos de sus agricultores a trav\u00e9s de 10 acciones que incluyen fertilizante gratuito, tecnolog\u00eda, seguros y mayor presupuesto p\u00fablico, entre otras acciones.<\/p>\n<p>De igual manera, la candidata aliancista dijo que revisar\u00e1 y ayudar\u00e1 a mejorar los procesos de comercializaci\u00f3n de los productos del sector primario \u201cy para eso, voy a reconciliar la ganancia de los productores con la ganancia de los comercializadores, mediante la integraci\u00f3n de cadenas de producci\u00f3n y la agricultura por contrato\u201d.<\/p>\n<p>Alejandra Del Moral dijo que nada est\u00e1 escrito y ser\u00e1n las y los ciudadanos quienes decidan con su voto el futuro de la entidad e incluso del pa\u00eds.<\/p>\n<p>Al acto de campa\u00f1a asistieron tambi\u00e9n Ver\u00f3nica Becerril Maya, secretaria general del Sindicato Nacional de Trabajadores del Seguro Social (SNTSS) del Hospital General de Tenancingo, \u00d3scar P\u00e9rez M\u00e9ndez, empresario especialista en c\u00e1rnicos, y Esther L\u00f3pez Saro, presidenta de Grupo Tenancingo A.C, entre otros.<\/p>\n","protected":false},"excerpt":{"rendered":"<p>Alejandra Del Moral Vela, candidata de la coalici\u00f3n Va por el Estado de M\u00e9xico al gobierno del Estado de M\u00e9xico, sostuvo que la seguridad de los mexiquenses ser\u00e1 su prioridad, para que las familias puedan vivir y desarrollar sus actividades en paz y tranquilidad.<\/p>\n","protected":false},"author":3,"featured_media":580692,"comment_status":"open","ping_status":"open","sticky":false,"template":"","format":"standard","meta":{"_monsterinsights_skip_tracking":false,"_monsterinsights_sitenote_active":false,"_monsterinsights_sitenote_note":"","_monsterinsights_sitenote_category":0,"footnotes":""},"categories":[5],"tags":[2833,34],"class_list":["post-580592","post","type-post","status-publish","format-standard","has-post-thumbnail","hentry","category-estado-de-mexico","tag-alejandra-del-moral-vela","tag-valle-de-mexico"],"_links":{"self":[{"href":"https:\/\/www.diarioimagen.net\/index.php?rest_route=\/wp\/v2\/posts\/580592","targetHints":{"allow":["GET"]}}],"collection":[{"href":"https:\/\/www.diarioimagen.net\/index.php?rest_route=\/wp\/v2\/posts"}],"about":[{"href":"https:\/\/www.diarioimagen.net\/index.php?rest_route=\/wp\/v2\/types\/post"}],"author":[{"embeddable":true,"href":"https:\/\/www.diarioimagen.net\/index.php?rest_route=\/wp\/v2\/users\/3"}],"replies":[{"embeddable":true,"href":"https:\/\/www.diarioimagen.net\/index.php?rest_route=%2Fwp%2Fv2%2Fcomments&post=580592"}],"version-history":[{"count":0,"href":"https:\/\/www.diarioimagen.net\/index.php?rest_route=\/wp\/v2\/posts\/580592\/revisions"}],"wp:featuredmedia":[{"embeddable":true,"href":"https:\/\/www.diarioimagen.net\/index.php?rest_route=\/wp\/v2\/media\/580692"}],"wp:attachment":[{"href":"https:\/\/www.diarioimagen.net\/index.php?rest_route=%2Fwp%2Fv2%2Fmedia&parent=580592"}],"wp:term":[{"taxonomy":"category","embeddable":true,"href":"https:\/\/www.diarioimagen.net\/index.php?rest_route=%2Fwp%2Fv2%2Fcategories&post=580592"},{"taxonomy":"post_tag","embeddable":true,"href":"https:\/\/www.diarioimagen.net\/index.php?rest_route=%2Fwp%2Fv2%2Ftags&post=580592"}],"curies":[{"name":"wp","href":"https:\/\/api.w.org\/{rel}","templated":true}]}}