{"id":580594,"date":"2023-04-13T00:01:09","date_gmt":"2023-04-13T06:01:09","guid":{"rendered":"https:\/\/www.diarioimagen.net\/?p=580594"},"modified":"2023-04-13T02:05:47","modified_gmt":"2023-04-13T08:05:47","slug":"mario-delgado-carrillo-no-es-intocable-debe-dejar-la-dirigencia-de-morena-exigen-consejeros","status":"publish","type":"post","link":"https:\/\/www.diarioimagen.net\/?p=580594","title":{"rendered":"\u201cMario Delgado Carrillo no es intocable\u201d; debe dejar la dirigencia de Morena, exigen consejeros"},"content":{"rendered":"<p>&nbsp;<\/p>\n<ul>\n<li><strong><em>Que ha utilizado el movimiento en su beneficio<\/em> <\/strong><\/li>\n<\/ul>\n<p><strong>\u00a0<\/strong><\/p>\n<h6>Arturo Baena<\/h6>\n<p>&nbsp;<\/p>\n<div id=\"attachment_580694\" style=\"width: 470px\" class=\"wp-caption aligncenter\"><a href=\"https:\/\/www.diarioimagen.net\/?attachment_id=580694\" rel=\"attachment wp-att-580694\"><img loading=\"lazy\" decoding=\"async\" aria-describedby=\"caption-attachment-580694\" class=\"size-full wp-image-580694\" src=\"https:\/\/www.diarioimagen.net\/wp-content\/uploads\/2023\/04\/mario-delgado.jpg\" alt=\"\" width=\"460\" height=\"270\" \/><\/a><p id=\"caption-attachment-580694\" class=\"wp-caption-text\">Consejeros pol\u00edticos del Estado de M\u00e9xico y simpatizantes de Morena\u00a0 exigen la salida de Mario Delgado Carrillo de la dirigencia del partido guinda.<\/p><\/div>\n<p>&nbsp;<\/p>\n<p><strong>Valle de M\u00e9xico.\u2014<\/strong> No es posible que el gobierno federal (AMLO) no se d\u00e9 cuenta de que Mario Delgado Carrillo ser\u00e1 el responsable de la debacle de Morena, no s\u00f3lo en el Estado de M\u00e9xico, sino en el pa\u00eds, pues est\u00e1 demostrado que s\u00f3lo ha utilizado al movimiento para beneficios personales. Mario Delgado es un peligro por su ambici\u00f3n de poder pol\u00edtico y econ\u00f3mico para Morena.<\/p>\n<p>As\u00ed lo aseguraron, por separado, consejeros pol\u00edticos del Estado de M\u00e9xico, militantes y simpatizantes de Morena en voz de la ex diputada morenista Olvita Palomeque Pineda, de Abigail Cruz y del ex secretario de Estado, Javier Lozano, quienes llamaron a Delgado Carrillo \u201chablar con la verdad y reconocer que miente, enga\u00f1a y roba\u201d.<\/p>\n<p>Los consejeros de Morena y l\u00edderes sociales afirmaron que durante la asamblea de ese instituto pol\u00edtico le pedir\u00e1n a Mario Delgado que se aclare \u201cde d\u00f3nde salen todos los recursos, que se dan con nuestras cuotas e impuestos,\u00a0 y obviamente, no de su bolsa. Cree que con sus lambisconer\u00edas al Presidente ser\u00e1 intocable y no es as\u00ed\u201d, aseguraron.<\/p>\n<p>Por otra parte, los quejosos expresaron que \u201cMario Delgado, es doble cara, pues con unos habla mal de Claudia Sheinbaum, de Marcelo Ebrard\u00a0 y de Ricardo Monreal; porque seg\u00fan \u00e9l, ellos van en la misma l\u00ednea y con el mismo equipo, es decir van en contra del propio L\u00f3pez Obrador\u201d.<\/p>\n<p>Finalmente, demandaron que el dirigente nacional de Morena, justifique sus ingresos, ya que no podr\u00e1, pero todos sabemos que los obtuvo y tiene, gracias a la venta de candidaturas. \u201cMario Delgado no es intocable y eso se ver\u00e1 durante la asamblea\u201d, concluyeron.<\/p>\n","protected":false},"excerpt":{"rendered":"<p>No es posible que el gobierno federal (AMLO) no se d\u00e9 cuenta de que Mario Delgado Carrillo ser\u00e1 el responsable de la debacle de Morena, no s\u00f3lo en el Estado de M\u00e9xico, sino en el pa\u00eds, pues est\u00e1 demostrado que s\u00f3lo ha utilizado al movimiento para beneficios personales. Mario Delgado es un peligro por su ambici\u00f3n de poder pol\u00edtico y econ\u00f3mico para Morena.<\/p>\n","protected":false},"author":3,"featured_media":580694,"comment_status":"open","ping_status":"open","sticky":false,"template":"","format":"standard","meta":{"_monsterinsights_skip_tracking":false,"_monsterinsights_sitenote_active":false,"_monsterinsights_sitenote_note":"","_monsterinsights_sitenote_category":0,"footnotes":""},"categories":[5],"tags":[6995,34],"class_list":["post-580594","post","type-post","status-publish","format-standard","has-post-thumbnail","hentry","category-estado-de-mexico","tag-mario-delgado-carrillo","tag-valle-de-mexico"],"_links":{"self":[{"href":"https:\/\/www.diarioimagen.net\/index.php?rest_route=\/wp\/v2\/posts\/580594","targetHints":{"allow":["GET"]}}],"collection":[{"href":"https:\/\/www.diarioimagen.net\/index.php?rest_route=\/wp\/v2\/posts"}],"about":[{"href":"https:\/\/www.diarioimagen.net\/index.php?rest_route=\/wp\/v2\/types\/post"}],"author":[{"embeddable":true,"href":"https:\/\/www.diarioimagen.net\/index.php?rest_route=\/wp\/v2\/users\/3"}],"replies":[{"embeddable":true,"href":"https:\/\/www.diarioimagen.net\/index.php?rest_route=%2Fwp%2Fv2%2Fcomments&post=580594"}],"version-history":[{"count":0,"href":"https:\/\/www.diarioimagen.net\/index.php?rest_route=\/wp\/v2\/posts\/580594\/revisions"}],"wp:featuredmedia":[{"embeddable":true,"href":"https:\/\/www.diarioimagen.net\/index.php?rest_route=\/wp\/v2\/media\/580694"}],"wp:attachment":[{"href":"https:\/\/www.diarioimagen.net\/index.php?rest_route=%2Fwp%2Fv2%2Fmedia&parent=580594"}],"wp:term":[{"taxonomy":"category","embeddable":true,"href":"https:\/\/www.diarioimagen.net\/index.php?rest_route=%2Fwp%2Fv2%2Fcategories&post=580594"},{"taxonomy":"post_tag","embeddable":true,"href":"https:\/\/www.diarioimagen.net\/index.php?rest_route=%2Fwp%2Fv2%2Ftags&post=580594"}],"curies":[{"name":"wp","href":"https:\/\/api.w.org\/{rel}","templated":true}]}}