{"id":580724,"date":"2023-04-14T00:05:58","date_gmt":"2023-04-14T06:05:58","guid":{"rendered":"https:\/\/www.diarioimagen.net\/?p=580724"},"modified":"2023-04-16T22:09:33","modified_gmt":"2023-04-17T04:09:33","slug":"uaemex-sede-de-etapa-regional-rumbo-a-la-universiada-2023","status":"publish","type":"post","link":"https:\/\/www.diarioimagen.net\/?p=580724","title":{"rendered":"UAEM\u00e9x, sede de etapa regional rumbo a la Universiada 2023"},"content":{"rendered":"<p>&nbsp;<\/p>\n<div id=\"attachment_580818\" style=\"width: 470px\" class=\"wp-caption aligncenter\"><a href=\"https:\/\/www.diarioimagen.net\/?attachment_id=580818\" rel=\"attachment wp-att-580818\"><img loading=\"lazy\" decoding=\"async\" aria-describedby=\"caption-attachment-580818\" class=\"size-full wp-image-580818\" src=\"https:\/\/www.diarioimagen.net\/wp-content\/uploads\/2023\/04\/uaem-sede-universiada.jpg\" alt=\"\" width=\"460\" height=\"270\" \/><\/a><p id=\"caption-attachment-580818\" class=\"wp-caption-text\">Deportistas de cuatro disciplinas buscar\u00e1n obtener sus pases a la m\u00e1xima competencia deportiva universitaria, que se realizar\u00e1 en Hermosillo, Sonora, el pr\u00f3ximo mes de mayo.<\/p><\/div>\n<p>&nbsp;<\/p>\n<p><strong>Toluca, Estado de M\u00ebxico.\u2014 <\/strong>La Universidad Aut\u00f3noma del Estado de M\u00e9xico (UAEM\u00e9x) ser\u00e1 sede de la etapa regional Zona VI que organiza el Consejo Nacional del Deporte de la Educaci\u00f3n (CONDDE), donde deportistas de cuatro disciplinas buscar\u00e1n obtener sus pases a la Universiada Nacional 2023, que se realizar\u00e1 en Hermosillo, Sonora, el pr\u00f3ximo mes de mayo.<\/p>\n<p>La primera actividad tendr\u00e1 lugar del 21 al 23 de abril en el macro regional Regi\u00f3n V y Regi\u00f3n VI de atletismo, en el Estadio \u201cAlberto \u2018Chivo\u2019 C\u00f3rdoba\u201d, donde atletas de distintas instituciones de educaci\u00f3n superior buscar\u00e1n avanzar a la fase nacional.<\/p>\n<p>Del 28 al 30 de abril, en la Unidad Deportiva \u201cAdolfo L\u00f3pez Mateos\u201d y en San Antonio Buenavista tendr\u00e1 lugar la competencia de los equipos de tocho bandera, as\u00ed como de voleibol de sala; en tanto que, en los gimnasios universitarios se realizar\u00e1n las competencias de Tae Kwon Do, modalidad combate, del 25 al 27 de abril.<\/p>\n<p>Cabe destacar que la UAEM\u00e9x ha sido sede de tres universiadas nacionales, en 2005, 2011 y 2018, lo que le permite formar parte de la organizaci\u00f3n de estos eventos deportivos que convocan a atletas de todo el pa\u00eds, tanto de universidades p\u00fablicas como privadas.<\/p>\n","protected":false},"excerpt":{"rendered":"<p>La Universidad Aut\u00f3noma del Estado de M\u00e9xico (UAEM\u00e9x) ser\u00e1 sede de la etapa regional Zona VI que organiza el Consejo Nacional del Deporte de la Educaci\u00f3n (CONDDE), donde deportistas de cuatro disciplinas buscar\u00e1n obtener sus pases a la Universiada Nacional 2023, que se realizar\u00e1 en Hermosillo, Sonora, el pr\u00f3ximo mes de mayo.<\/p>\n","protected":false},"author":3,"featured_media":580818,"comment_status":"open","ping_status":"open","sticky":false,"template":"","format":"standard","meta":{"_monsterinsights_skip_tracking":false,"_monsterinsights_sitenote_active":false,"_monsterinsights_sitenote_note":"","_monsterinsights_sitenote_category":0,"footnotes":""},"categories":[5],"tags":[45306,67878],"class_list":["post-580724","post","type-post","status-publish","format-standard","has-post-thumbnail","hentry","category-estado-de-mexico","tag-sede","tag-uaemex"],"_links":{"self":[{"href":"https:\/\/www.diarioimagen.net\/index.php?rest_route=\/wp\/v2\/posts\/580724","targetHints":{"allow":["GET"]}}],"collection":[{"href":"https:\/\/www.diarioimagen.net\/index.php?rest_route=\/wp\/v2\/posts"}],"about":[{"href":"https:\/\/www.diarioimagen.net\/index.php?rest_route=\/wp\/v2\/types\/post"}],"author":[{"embeddable":true,"href":"https:\/\/www.diarioimagen.net\/index.php?rest_route=\/wp\/v2\/users\/3"}],"replies":[{"embeddable":true,"href":"https:\/\/www.diarioimagen.net\/index.php?rest_route=%2Fwp%2Fv2%2Fcomments&post=580724"}],"version-history":[{"count":0,"href":"https:\/\/www.diarioimagen.net\/index.php?rest_route=\/wp\/v2\/posts\/580724\/revisions"}],"wp:featuredmedia":[{"embeddable":true,"href":"https:\/\/www.diarioimagen.net\/index.php?rest_route=\/wp\/v2\/media\/580818"}],"wp:attachment":[{"href":"https:\/\/www.diarioimagen.net\/index.php?rest_route=%2Fwp%2Fv2%2Fmedia&parent=580724"}],"wp:term":[{"taxonomy":"category","embeddable":true,"href":"https:\/\/www.diarioimagen.net\/index.php?rest_route=%2Fwp%2Fv2%2Fcategories&post=580724"},{"taxonomy":"post_tag","embeddable":true,"href":"https:\/\/www.diarioimagen.net\/index.php?rest_route=%2Fwp%2Fv2%2Ftags&post=580724"}],"curies":[{"name":"wp","href":"https:\/\/api.w.org\/{rel}","templated":true}]}}