{"id":580729,"date":"2023-04-14T00:01:43","date_gmt":"2023-04-14T06:01:43","guid":{"rendered":"https:\/\/www.diarioimagen.net\/?p=580729"},"modified":"2023-04-14T02:01:14","modified_gmt":"2023-04-14T08:01:14","slug":"el-4-de-junio-estara-en-juego-nuestro-futuro-diputado-eduardo-villasenor","status":"publish","type":"post","link":"https:\/\/www.diarioimagen.net\/?p=580729","title":{"rendered":"El 4 de junio estar\u00e1 en juego nuestro futuro: diputado Eduardo Villase\u00f1or"},"content":{"rendered":"<p>&nbsp;<\/p>\n<ul>\n<li><em><strong>\u201cMorena no es invencible\u201d<\/strong><\/em><\/li>\n<\/ul>\n<p><strong>\u00a0<\/strong><\/p>\n<h6>Arturo Baena<\/h6>\n<p>&nbsp;<\/p>\n<div id=\"attachment_580830\" style=\"width: 470px\" class=\"wp-caption aligncenter\"><a href=\"https:\/\/www.diarioimagen.net\/?attachment_id=580830\" rel=\"attachment wp-att-580830\"><img loading=\"lazy\" decoding=\"async\" aria-describedby=\"caption-attachment-580830\" class=\"size-full wp-image-580830\" src=\"https:\/\/www.diarioimagen.net\/wp-content\/uploads\/2023\/04\/4-de-junio.jpg\" alt=\"\" width=\"460\" height=\"270\" \/><\/a><p id=\"caption-attachment-580830\" class=\"wp-caption-text\">Eduardo Villase\u00f1or pidi\u00f3 tomar en consideraci\u00f3n que en la elecci\u00f3n del 4 de junio no solamente estar\u00e1 en juego la gubernatura, sino el futuro de las pr\u00f3ximas generaciones.<\/p><\/div>\n<p>&nbsp;<\/p>\n<p><strong>Naucalpan, Estado de M\u00e9xico.\u2014<\/strong> En la pr\u00f3xima elecci\u00f3n del 4 de junio estar\u00e1 en juego el futuro de las familias y se decidir\u00e1 qu\u00e9 pa\u00eds y entidad se quiere para los pr\u00f3ximos a\u00f1os, es por ello que Alejandra Del Moral es y ser\u00e1 la mejor opci\u00f3n para las y los mexiquenses.<\/p>\n<p>Asegur\u00f3 en entrevista el diputado de Acci\u00f3n Nacional, Eduardo Villase\u00f1or, al tiempo de asegurar que \u201cno hay la menor duda de que la abanderada del PRI, PAN, PRD y NA, es la que tiene las mejores propuestas y no reh\u00faye a los debates como lo hace Delfina G\u00f3mez\u201d, dijo.<\/p>\n<p>Por otra parte, el tambi\u00e9n empresario asegur\u00f3 que el 4 de junio se volver\u00e1 a demostrar que Morena no es invencible, y con propuestas, mas no descalificaciones, Alejandra del Moral saldr\u00e1 avante, reiter\u00f3.<\/p>\n<p>Eduardo Villase\u00f1or pidi\u00f3 a los mexiquenses tomar en consideraci\u00f3n que el d\u00eda de las elecciones no solamente estar\u00e1 en juego la gubernatura, sino el futuro de las pr\u00f3ximas generaciones.<\/p>\n<p>\u201cComo quiera nosotros ya la libramos, pero ellos no y no tienen por qu\u00e9 pagar los platos que no rompieron. Lo que vamos a defender es el Estado de M\u00e9xico, y hoy nuestra entidad vuelve a ser protagonista\u201d, abund\u00f3.<\/p>\n<p>Finalmente, el diputado de Acci\u00f3n Nacional hizo un respetuoso llamado a la oposici\u00f3n a \u201crespetar las reglas que marca la autoridad electoral para realizar una campa\u00f1a de altura y no de descalificaciones\u201d, concluy\u00f3.<\/p>\n","protected":false},"excerpt":{"rendered":"<p>En la pr\u00f3xima elecci\u00f3n del 4 de junio estar\u00e1 en juego el futuro de las familias y se decidir\u00e1 qu\u00e9 pa\u00eds y entidad se quiere para los pr\u00f3ximos a\u00f1os, es por ello que Alejandra Del Moral es y ser\u00e1 la mejor opci\u00f3n para las y los mexiquenses.<\/p>\n","protected":false},"author":3,"featured_media":580830,"comment_status":"open","ping_status":"open","sticky":false,"template":"","format":"standard","meta":{"_monsterinsights_skip_tracking":false,"_monsterinsights_sitenote_active":false,"_monsterinsights_sitenote_note":"","_monsterinsights_sitenote_category":0,"footnotes":""},"categories":[5],"tags":[96418,43675,970],"class_list":["post-580729","post","type-post","status-publish","format-standard","has-post-thumbnail","hentry","category-estado-de-mexico","tag-eduardo-villasenor","tag-estado-de-mexico","tag-naucalpan"],"_links":{"self":[{"href":"https:\/\/www.diarioimagen.net\/index.php?rest_route=\/wp\/v2\/posts\/580729","targetHints":{"allow":["GET"]}}],"collection":[{"href":"https:\/\/www.diarioimagen.net\/index.php?rest_route=\/wp\/v2\/posts"}],"about":[{"href":"https:\/\/www.diarioimagen.net\/index.php?rest_route=\/wp\/v2\/types\/post"}],"author":[{"embeddable":true,"href":"https:\/\/www.diarioimagen.net\/index.php?rest_route=\/wp\/v2\/users\/3"}],"replies":[{"embeddable":true,"href":"https:\/\/www.diarioimagen.net\/index.php?rest_route=%2Fwp%2Fv2%2Fcomments&post=580729"}],"version-history":[{"count":0,"href":"https:\/\/www.diarioimagen.net\/index.php?rest_route=\/wp\/v2\/posts\/580729\/revisions"}],"wp:featuredmedia":[{"embeddable":true,"href":"https:\/\/www.diarioimagen.net\/index.php?rest_route=\/wp\/v2\/media\/580830"}],"wp:attachment":[{"href":"https:\/\/www.diarioimagen.net\/index.php?rest_route=%2Fwp%2Fv2%2Fmedia&parent=580729"}],"wp:term":[{"taxonomy":"category","embeddable":true,"href":"https:\/\/www.diarioimagen.net\/index.php?rest_route=%2Fwp%2Fv2%2Fcategories&post=580729"},{"taxonomy":"post_tag","embeddable":true,"href":"https:\/\/www.diarioimagen.net\/index.php?rest_route=%2Fwp%2Fv2%2Ftags&post=580729"}],"curies":[{"name":"wp","href":"https:\/\/api.w.org\/{rel}","templated":true}]}}