{"id":580731,"date":"2023-04-14T00:02:23","date_gmt":"2023-04-14T06:02:23","guid":{"rendered":"https:\/\/www.diarioimagen.net\/?p=580731"},"modified":"2023-04-14T02:01:56","modified_gmt":"2023-04-14T08:01:56","slug":"rehuir-al-debate-es-no-respetar-a-la-ciudadania-alejandra-del-moral-vela","status":"publish","type":"post","link":"https:\/\/www.diarioimagen.net\/?p=580731","title":{"rendered":"Rehuir al debate es no respetar a la ciudadan\u00eda: Alejandra Del Moral Vela"},"content":{"rendered":"<p>&nbsp;<\/p>\n<ul>\n<li><em><strong>Critica renuencia de la candidata morenista<\/strong><\/em><\/li>\n<\/ul>\n<p>&nbsp;<\/p>\n<h6>Arturo Baena<\/h6>\n<p>&nbsp;<\/p>\n<div id=\"attachment_580832\" style=\"width: 470px\" class=\"wp-caption aligncenter\"><a href=\"https:\/\/www.diarioimagen.net\/?attachment_id=580832\" rel=\"attachment wp-att-580832\"><img loading=\"lazy\" decoding=\"async\" aria-describedby=\"caption-attachment-580832\" class=\"size-full wp-image-580832\" src=\"https:\/\/www.diarioimagen.net\/wp-content\/uploads\/2023\/04\/rehuir-al-debate.jpg\" alt=\"\" width=\"460\" height=\"270\" \/><\/a><p id=\"caption-attachment-580832\" class=\"wp-caption-text\">La priista Alejandra Del Moral Vela se\u00f1ala que esta elecci\u00f3n no se trata de una coalici\u00f3n contra otra, se trata de qui\u00e9n tiene la capacidad para gobernar el Estado de M\u00e9xico.<\/p><\/div>\n<p>&nbsp;<\/p>\n<p><strong>Valle de M\u00e9xico.\u2014<\/strong> Ante la renuencia a debatir por parte de la morenista Delfina G\u00f3mez \u00c1lvarez, la candidata de la alianza Va por el Estado de M\u00e9xico a la gubernatura, Alejandra Del Moral Vela, le propuso debatir \u201cdonde quiera, como quiera y cuando quiera\u201d.<\/p>\n<p>Desde el municipio de Chalco, la abanderada priista dej\u00f3 en claro que \u201crehuir al debate es no respetar a la ciudadan\u00eda\u201d y adem\u00e1s, lo m\u00e1s grave, es que ni siquiera Delfina G\u00f3mez tenga propia voz para poder decidir y hablen \u201clos hombres de su campa\u00f1a\u201d.<\/p>\n<p>En una cancha de futbol completamente abarrotada por militantes y simpatizantes del PRI, PAN, PRD y Nueva Alianza, as\u00ed como vecinos interesados en sus propuestas, Del Moral Vela sostuvo que esta elecci\u00f3n no se trata de una coalici\u00f3n contra otra, o de un partido contra otro, se trata de qui\u00e9n tiene la capacidad para gobernar la entidad.<\/p>\n<p>\u201cSe trata de ver qui\u00e9n tiene la capacidad para resolver los problemas de esta tierra y querer esta tierra, es trabajarla, caminarla y sufrirla, pero tambi\u00e9n escucharla, esta elecci\u00f3n se trata de qui\u00e9n tiene la capacidad de escuchar a sus mexiquenses\u201d, enfatiz\u00f3.<\/p>\n<p>Ante vivas y porras, Alejandra Del Moral present\u00f3 su plan de seguridad, basado en la cero tolerancia contra los criminales. En el Estado de M\u00e9xico quien la hace la paga y \u201clo m\u00e1s importante, sabemos que la pol\u00edtica de abrazos no funciona, hay que poner orden y hay que seguir trabajando con el Ej\u00e9rcito, la Guardia Nacional, la Secretar\u00eda Estatal de Seguridad y con los municipios, por eso, queremos garantizar que cada crimen sea investigado con penas contundentes\u201d, apunt\u00f3.<\/p>\n<p>La candidata anunci\u00f3 que crear\u00e1 una Unidad Especializada para la Investigaci\u00f3n dentro de la propia Polic\u00eda Estatal, es decir, que los delitos se investiguen desde la Polic\u00eda Estatal y que se investiguen bien, para impedir que los delincuentes salgan de la c\u00e1rcel.<\/p>\n","protected":false},"excerpt":{"rendered":"<p>Ante la renuencia a debatir por parte de la morenista Delfina G\u00f3mez \u00c1lvarez, la candidata de la alianza Va por el Estado de M\u00e9xico a la gubernatura, Alejandra Del Moral Vela, le propuso debatir \u201cdonde quiera, como quiera y cuando quiera\u201d.<\/p>\n","protected":false},"author":3,"featured_media":580832,"comment_status":"open","ping_status":"open","sticky":false,"template":"","format":"standard","meta":{"_monsterinsights_skip_tracking":false,"_monsterinsights_sitenote_active":false,"_monsterinsights_sitenote_note":"","_monsterinsights_sitenote_category":0,"footnotes":""},"categories":[5],"tags":[2833,13751,97713],"class_list":["post-580731","post","type-post","status-publish","format-standard","has-post-thumbnail","hentry","category-estado-de-mexico","tag-alejandra-del-moral-vela","tag-debate","tag-rehuir"],"_links":{"self":[{"href":"https:\/\/www.diarioimagen.net\/index.php?rest_route=\/wp\/v2\/posts\/580731","targetHints":{"allow":["GET"]}}],"collection":[{"href":"https:\/\/www.diarioimagen.net\/index.php?rest_route=\/wp\/v2\/posts"}],"about":[{"href":"https:\/\/www.diarioimagen.net\/index.php?rest_route=\/wp\/v2\/types\/post"}],"author":[{"embeddable":true,"href":"https:\/\/www.diarioimagen.net\/index.php?rest_route=\/wp\/v2\/users\/3"}],"replies":[{"embeddable":true,"href":"https:\/\/www.diarioimagen.net\/index.php?rest_route=%2Fwp%2Fv2%2Fcomments&post=580731"}],"version-history":[{"count":0,"href":"https:\/\/www.diarioimagen.net\/index.php?rest_route=\/wp\/v2\/posts\/580731\/revisions"}],"wp:featuredmedia":[{"embeddable":true,"href":"https:\/\/www.diarioimagen.net\/index.php?rest_route=\/wp\/v2\/media\/580832"}],"wp:attachment":[{"href":"https:\/\/www.diarioimagen.net\/index.php?rest_route=%2Fwp%2Fv2%2Fmedia&parent=580731"}],"wp:term":[{"taxonomy":"category","embeddable":true,"href":"https:\/\/www.diarioimagen.net\/index.php?rest_route=%2Fwp%2Fv2%2Fcategories&post=580731"},{"taxonomy":"post_tag","embeddable":true,"href":"https:\/\/www.diarioimagen.net\/index.php?rest_route=%2Fwp%2Fv2%2Ftags&post=580731"}],"curies":[{"name":"wp","href":"https:\/\/api.w.org\/{rel}","templated":true}]}}