{"id":580766,"date":"2023-04-14T00:04:48","date_gmt":"2023-04-14T06:04:48","guid":{"rendered":"https:\/\/www.diarioimagen.net\/?p=580766"},"modified":"2023-04-13T23:18:24","modified_gmt":"2023-04-14T05:18:24","slug":"hacia-el-equilibrio-de-poderes","status":"publish","type":"post","link":"https:\/\/www.diarioimagen.net\/?p=580766","title":{"rendered":"Hacia el equilibrio de poderes"},"content":{"rendered":"<h2>Desde el portal<\/h2>\n<h5>\u00c1ngel Soriano<\/h5>\n<p>&nbsp;<\/p>\n<p>El senador Ricardo Monreal consider\u00f3 que no nos debe preocupar ni sorprender que la SCJN declare inconstitucional el \u201cplan B\u201d de la reforma electoral o la adhesi\u00f3n de la Guardia Nacional a la Secretar\u00eda de la Defensa Nacional, porque se trata del ejercicio de un real equilibrio de poderes importante para el pa\u00eds para vigilar o corregir decisiones trascendentes.<\/p>\n<p>Expuso lo anterior luego de reunirse con el secretario de Gobernaci\u00f3n, Ad\u00e1n Augusto L\u00f3pez Hern\u00e1ndez, con quien revis\u00f3 la agenda legislativa y se acord\u00f3 agilizar los nombramientos de los integrantes de los organismos aut\u00f3nomos pendientes de realizar y de que estos contin\u00faen su funcionamiento para los fines para los que fueron creados.<\/p>\n<p>Ambos dirigentes mantuvieron un di\u00e1logo cordial sobre los asuntos m\u00e1s importantes del pa\u00eds y que preocupan a la sociedad; por ejemplo, est\u00e1 el caso del exceso de poder y de presupuesto que se ha designado a las fuerzas armadas y aunque el presidente L\u00f3pez Obrador rechace que se trate de la militarizaci\u00f3n del pa\u00eds, la presencia de los uniformados en diversos rubros no es bien vista.<\/p>\n<p>Las impugnaciones en favor y en contra, desde la sociedad civil, los partidos o los medios, casi siempre encuentran eco en los integrantes de los poderes de la Uni\u00f3n, donde realmente se toman las decisiones y est\u00e1n facultados para ello; la decisi\u00f3n de la Corte sobre temas torales debe ser en beneficio y para la tranquilidad del pa\u00eds y en favor de la democracia.<\/p>\n<p style=\"text-align: center;\"><strong>TURBULENCIAS<br \/>\nNo se conf\u00eden, dice AMLO<\/strong><\/p>\n<p>El presidente Andr\u00e9s Manuel L\u00f3pez Obrador pidi\u00f3 a sus adversarios -que ya se frotan las manos ante la proximidad de la conclusi\u00f3n de su mandato-, pues el que lo suceda puede ser m\u00e1s radical que \u00e9l; y contrario a su dicho de que no influir\u00e1 ni opinar\u00e1 sobre pol\u00edtica a su retiro a su rancho de Palenque, Chiapas, recomend\u00f3 a su sucesor la creaci\u00f3n de un banco para el manejo de cifras millonarias de recursos p\u00fablicos toda vez que a \u00e9l ya no le dio tiempo hacerlo, y tambi\u00e9n del manejo del pago de seguros a edificios e instalaciones p\u00fablicas que son colosales. Seguramente eso le tocar\u00e1 al sucesor que lo pint\u00f3 m\u00e1s radical que \u00e9l \u00bfAd\u00e1n Augusto? \u00bfEbrard? \u00bfSheinbaum?, o \u201cel tapado\u201d\u2026 Luego de los severos cargos que le adjudic\u00f3 la FGR al titular del INM, Francisco Gardu\u00f1o Y\u00e1\u00f1ez, de omiso y de irresponsable en la custodia de los migrantes, el presidente L\u00f3pez Obrador lo exalt\u00f3 como un funcionario que ha cumplido y que incluso lo propuso como secretario de Seguridad P\u00fablica del Distrito Federal, pero Fox lo vet\u00f3 y se decidi\u00f3 por el ahora canciller, Marcelo Ebrard. Gardu\u00f1o sigue en el cargo, pese a las graves acusaciones legales y de la sociedad nacional e internacional en su contra y se espera la determinaci\u00f3n final de la FGR\u2026 Tienen sustento las acusaciones en contra del ex presidente Vicente Fox y su familia, a quien el ex presidente Enrique Pe\u00f1a Nieto entreg\u00f3 65 concesiones para la comercializaci\u00f3n de derivados del cannabis, incluso algunas tramitadas y otorgadas el mismo d\u00eda, cuando los tr\u00e1mites en casos normales son hasta de un mes, se\u00f1al\u00f3 la comisionada de Operaci\u00f3n Sanitaria de la Cofepris, Bertha Alcalde Luj\u00e1n. Habr\u00e1 que ver qu\u00e9 ocurre con este se\u00f1alamiento pues se anunci\u00f3 que el SAT y la Procuradur\u00eda Fiscal investigar\u00e1n el funcionamiento de las empresas de la familia Fox dedicadas a este jugoso rubro\u2026 Irregularidades en el manejo de las finanzas p\u00fablicas en los estados siguen detect\u00e1ndose lo mismo en el interior del pa\u00eds que en el extranjero, donde funcionarios corruptos han depositado los dineros del pueblo que se gestiona vuelvan a la Naci\u00f3n.<\/p>\n<p><u><a href=\"mailto:asorianocarrasco@yahoo.com\" target=\"_blank\" rel=\"noopener noreferrer\"><em>asorianocarrasco@yahoo.com<\/em><\/a><br \/>\n<em><a href=\"https:\/\/revistabrecha.com\" target=\"_blank\" rel=\"noopener noreferrer\">www.revistabrecha.com<\/a><br \/>\n<\/em><\/u><em>facebook oficial <a href=\"https:\/\/es-la.facebook.com\/RevistaBrecha.Oficial\" target=\"_blank\" rel=\"noopener\">@BrechaRevista<\/a><\/em><\/p>\n","protected":false},"excerpt":{"rendered":"<p><span style=\"color: #005497;\"><strong>\u00c1ngel Soriano<\/strong><\/span><\/p>\n","protected":false},"author":3,"featured_media":0,"comment_status":"open","ping_status":"open","sticky":false,"template":"","format":"standard","meta":{"_monsterinsights_skip_tracking":false,"_monsterinsights_sitenote_active":false,"_monsterinsights_sitenote_note":"","_monsterinsights_sitenote_category":0,"footnotes":""},"categories":[135],"tags":[85,86,43674],"class_list":["post-580766","post","type-post","status-publish","format-standard","hentry","category-angel-soriano-opinion","tag-angel-soriano","tag-desde-el-portal","tag-opinion"],"_links":{"self":[{"href":"https:\/\/www.diarioimagen.net\/index.php?rest_route=\/wp\/v2\/posts\/580766","targetHints":{"allow":["GET"]}}],"collection":[{"href":"https:\/\/www.diarioimagen.net\/index.php?rest_route=\/wp\/v2\/posts"}],"about":[{"href":"https:\/\/www.diarioimagen.net\/index.php?rest_route=\/wp\/v2\/types\/post"}],"author":[{"embeddable":true,"href":"https:\/\/www.diarioimagen.net\/index.php?rest_route=\/wp\/v2\/users\/3"}],"replies":[{"embeddable":true,"href":"https:\/\/www.diarioimagen.net\/index.php?rest_route=%2Fwp%2Fv2%2Fcomments&post=580766"}],"version-history":[{"count":0,"href":"https:\/\/www.diarioimagen.net\/index.php?rest_route=\/wp\/v2\/posts\/580766\/revisions"}],"wp:attachment":[{"href":"https:\/\/www.diarioimagen.net\/index.php?rest_route=%2Fwp%2Fv2%2Fmedia&parent=580766"}],"wp:term":[{"taxonomy":"category","embeddable":true,"href":"https:\/\/www.diarioimagen.net\/index.php?rest_route=%2Fwp%2Fv2%2Fcategories&post=580766"},{"taxonomy":"post_tag","embeddable":true,"href":"https:\/\/www.diarioimagen.net\/index.php?rest_route=%2Fwp%2Fv2%2Ftags&post=580766"}],"curies":[{"name":"wp","href":"https:\/\/api.w.org\/{rel}","templated":true}]}}