{"id":580795,"date":"2023-04-14T00:01:11","date_gmt":"2023-04-14T06:01:11","guid":{"rendered":"https:\/\/www.diarioimagen.net\/?p=580795"},"modified":"2023-04-14T01:53:58","modified_gmt":"2023-04-14T07:53:58","slug":"ecos-del-tianguis-turistico-2023-v","status":"publish","type":"post","link":"https:\/\/www.diarioimagen.net\/?p=580795","title":{"rendered":"Ecos del Tianguis Tur\u00edstico 2023 \u2022 V"},"content":{"rendered":"<h2>De cinco estrellas<\/h2>\n<h5>Victoria Gonz\u00e1lez Prado<\/h5>\n<p>&nbsp;<\/p>\n<ul>\n<li><strong>Arajet<em> conecta Ciudad de M\u00e9xico, Canc\u00fan, Santo Domingo y Medell\u00edn<\/em><\/strong><\/li>\n<li><strong>Skal International M\u00e9xico<em> firma acuerdo con Sustentur<\/em><\/strong><\/li>\n<li><strong><em>La industria tur\u00edstica de Quintana Roo, afectada al perder mil millones de d\u00f3lares<\/em><\/strong><\/li>\n<\/ul>\n<p>&nbsp;<\/p>\n<div id=\"attachment_580820\" style=\"width: 470px\" class=\"wp-caption aligncenter\"><a href=\"https:\/\/www.diarioimagen.net\/?attachment_id=580820\" rel=\"attachment wp-att-580820\"><img loading=\"lazy\" decoding=\"async\" aria-describedby=\"caption-attachment-580820\" class=\"size-full wp-image-580820\" src=\"https:\/\/www.diarioimagen.net\/wp-content\/uploads\/2023\/04\/turismo-4.jpg\" alt=\"\" width=\"460\" height=\"270\" \/><\/a><p id=\"caption-attachment-580820\" class=\"wp-caption-text\">V\u00edctor Pacheco M\u00e9ndez.<\/p><\/div>\n<p>&nbsp;<\/p>\n<p>Para inaugurar la nueva ruta Ciudad de M\u00e9xico-Medell\u00edn la aerol\u00ednea dominicana de bajo costo, <em>Arajet,<\/em> lanz\u00f3 una promoci\u00f3n para volar a Ciudad de M\u00e9xico y Canc\u00fan a tan s\u00f3lo cinco d\u00f3lares. Con ello, la compa\u00f1\u00eda a\u00e9rea se perfila para convertir a Rep\u00fablica Dominicana en el <em>hub<\/em> de los precios bajos de la regi\u00f3n.<\/p>\n<p><strong>V\u00edctor Pacheco M\u00e9ndez<\/strong>, CEO y fundador de la aerol\u00ednea, durante el Tianguis Tur\u00edstico M\u00e9xico 2023 en la Ciudad de M\u00e9xico, detall\u00f3 que esta aerol\u00ednea de precios bajos del Caribe lanz\u00f3 su primera conexi\u00f3n entre la Ciudad de M\u00e9xico y Medell\u00edn, con escala en Santo Domingo.<\/p>\n<p>\u201cArajet est\u00e1 escribiendo un nuevo cap\u00edtulo en la historia de la aviaci\u00f3n dominicana que habilitar\u00e1 al pa\u00eds para convertirse en el gran <em>hub<\/em> de precios bajos de las Am\u00e9ricas. El tianguis tur\u00edstico es el escenario ideal para lanzar conexiones\u201d, detall\u00f3 el directivo.<\/p>\n<p>De igual forma, <strong>Pacheco M\u00e9ndez<\/strong> dijo: \u201cnuestros pasajeros pueden volar desde la Ciudad de M\u00e9xico a la Ciudad de Medell\u00edn, Colombia, usando el Aeropuerto Internacional las Am\u00e9ricas de Santo Domingo, como punto de conexi\u00f3n, sin pasar por migraci\u00f3n, ni buscar equipaje, y con esta conexi\u00f3n damos inicio a una nueva era y nuestro <em>hub<\/em> de precios bajos en la Rep\u00fablica mexicana<\/p>\n<p>Asimismo, anunci\u00f3 una quinta frecuencia a la Ciudad de M\u00e9xico los s\u00e1bados, desde el Aeropuerto Internacional de Santo Domingo al Aeropuerto Felipe \u00c1ngeles, en el Estado de M\u00e9xico, disponible a partir del 6 de mayo que completa la oferta de la aerol\u00ednea los martes, jueves, viernes y domingos.<\/p>\n<p><em>Arajet<\/em>, por primera vez en el Tianguis Tur\u00edstico de la Ciudad de M\u00e9xico lanz\u00f3 la \u00faltima etapa de la promoci\u00f3n \u201cVuelaTon\u201d de precios bajos, con vuelos desde la Ciudad de M\u00e9xico y Canc\u00fan a Santo Domingo, a cinco d\u00f3lares americanos por tramo, sin impuestos y tasas.<\/p>\n<p>Aclar\u00f3 que la promoci\u00f3n estuvo vigente desde del 27 al 31 de marzo, y disponible para viajar del 11 de abril al 28 de octubre de 2023, excepto del 1 de julio al 15 de agosto de 2023.<\/p>\n<p>Al respecto <strong>Pacheco M\u00e9ndez<\/strong> indic\u00f3: \u201ccelebramos con el pueblo mexicano nuestro hito de haber transportado a 30 mil personas desde y hacia M\u00e9xico y nuestro liderazgo en transporte internacional de pasajeros en el Aeropuerto Internacional Felipe \u00c1ngeles (AIFA) con tarifa \u00fanica para que tanto mexicanos como dominicanos disfruten del turismo y las oportunidades comerciales de negocios entre nuestros dos pa\u00edses hermanos\u201d.<\/p>\n<p>Por \u00faltimo, el CEO y fundador de <em>Arajet<\/em>, asegur\u00f3 que M\u00e9xico es el segundo socio comercial para la Rep\u00fablica Dominicana y la aerol\u00ednea ha logrado cristalizar, a trav\u00e9s de nuestras rutas desde Santo Domingo y con conexi\u00f3n el fortalecimiento del intercambio econ\u00f3mico tur\u00edstico y comercial. La segunda fase de conexiones incluir\u00e1 vuelos desde la Ciudad de M\u00e9xico y Canc\u00fan a San Mart\u00edn, Aruba, Curazao y Jamaica en el Caribe.<\/p>\n<p>\u2730\u2730\u2730\u2730\u2730 <em>Skal International M\u00e9xico, <\/em>agrupaci\u00f3n que preside <strong>Ang\u00e9lica Arg\u00f3n<\/strong>, tambien particip\u00f3 en el Tianguis Tur\u00edstico de M\u00e9xico y firm\u00f3 distintos convenios uno de ellos con Sustentur, empresa l\u00edder en turismo sustentable en M\u00e9xico y Latinoam\u00e9rica.<\/p>\n<p>La firma tiene como finalidad impulsar acciones de sustentabilidad en el turismo, la presidente de <em>Skal<\/em> y <strong>Vicente Ferreyra<\/strong>, director de Sustentur, firmaron el convenio en presencia de miembros de <em>Skal<\/em>.<\/p>\n<p>Establecer\u00e1n mecanismos de coordinaci\u00f3n para impulsar, de manera conjunta, el turismo sustentable en M\u00e9xico, con \u00e9nfasis en el sector privado tur\u00edstico, trabajando en alianza con instancias globales y regionales, gobiernos nacionales y locales de los pa\u00edses, organizaciones multilaterales, sociedad civil y comunidades.<\/p>\n<p><em>Skal International<\/em> \u2014fundada en 1932\u2014 es una organizaci\u00f3n empresarial global, especializada en la industria tur\u00edstica que cuenta con 850 miembros en 24 clubes establecidos en 16 estados de la Rep\u00fablica Mexicana y su objetivo principal es fortalecer la colaboraci\u00f3n de la industria, que se re\u00fane a nivel local, nacional, regional e internacional para hacer negocios.<\/p>\n<p>Sustentur es iniciativa de turismo sustentable con nueve a\u00f1os de experiencia en el sector turismo, con trabajo en M\u00e9xico y Am\u00e9rica Latina. Est\u00e1 conformada por un equipo de profesionales pioneros en la implementaci\u00f3n de buenas pr\u00e1cticas en el sector turismo. Su director, <strong>Vicente Ferreyra<\/strong>, es uno de los especialistas en el tema m\u00e1s reconocidos en el pa\u00eds como conferencista y consultor en importantes proyectos para el sector p\u00fablico privado y organizaciones internacionales.<\/p>\n<p>Durante la firma del convenio ambas organizaciones definieron los alcances de la colaboraci\u00f3n: capacitaci\u00f3n y formaci\u00f3n a empresarios de la industria tur\u00edstica y de la cadena de valor en los Clubes <em>Skal<\/em> de M\u00e9xico, en temas como sustentabilidad, desarrollo regional, cambio clim\u00e1tico, buenas pr\u00e1cticas ambientales y sociales, econom\u00eda circular, conservaci\u00f3n y restauraci\u00f3n de ecosistemas, turismo regenerativo y otros.<\/p>\n<p>Desarrollo de proyectos conjuntos vinculados a los temas antes mencionados, ya sea a nivel local, nacional o internacional. Promoci\u00f3n de las iniciativas de ambas organizaciones, a trav\u00e9s de los medios presenciales o electr\u00f3nicos que tengan a su alcance como eventos, conferencias, boletines, redes sociales, <em>webinar <\/em>y otros que las partes determinen.<\/p>\n<p>Asesor\u00eda conjunta a instancias p\u00fablico, privadas y\/o sociales para el fortalecimiento del componente turismo sustentable en sus pol\u00edticas y pr\u00e1cticas. Colaboraci\u00f3n en la organizaci\u00f3n de eventos, conferencias y seminarios, con \u00e9nfasis en las asambleas mensuales y la junta nacional de <em>Skal <\/em>y el <em>Sustainable &amp; Social Tourism Summit.<\/em> Comunicaci\u00f3n conjunta y promoci\u00f3n del turismo sustentable a los actores del turismo de M\u00e9xico.<\/p>\n<p>En la firma del convenio fueron testigos <strong>Mar\u00eda de Lourdes Prieto<\/strong>, presidente ejecutiva del Consejo Nacional Empresarial Tur\u00edstico, (CNET) y <strong>Margarita Arroyo<\/strong>, vocal de sustentabilidad en <em>Skal Internacional M\u00e9xico<\/em>.<\/p>\n<p>\u2730\u2730\u2730\u2730\u2730 La Comisi\u00f3n de Relaciones Exteriores Am\u00e9rica Latina y el Caribe, que preside la senadora <strong>Beatriz Paredes Rangel<\/strong>, aprob\u00f3 un punto de acuerdo para exhortar a la Secretar\u00eda de Gobernaci\u00f3n a retomar el sistema de emisi\u00f3n de visas electr\u00f3nicas para los turistas brasile\u00f1os que decidan ingresar a nuestro pa\u00eds por v\u00eda a\u00e9rea.<\/p>\n<p>En el dictamen se solicita a esta dependencia, as\u00ed como a la Secretar\u00eda de Relaciones Exteriores, que refuercen las acciones y medidas que garanticen el \u00e1gil y respetuoso ingreso a nuestro pa\u00eds de los turistas procedentes de los pa\u00edses de Am\u00e9rica Latina y el Caribe, que cumplan con los requisitos exigidos por nuestras leyes y disposiciones migratorias.<\/p>\n<p>La senadora <strong>Marybel Villegas Canch\u00e9<\/strong>, de Morena, explic\u00f3 que el decreto de la Secretar\u00eda de Gobernaci\u00f3n emitido hace dos a\u00f1os, en el que informa que los ciudadanos brasile\u00f1os ya no pueden obtener la visa electr\u00f3nica, ha impactado de manera negativa en la industria tur\u00edstica de Quintana Roo, porque desde esa fecha alrededor del 60 por ciento de los turistas que ven\u00edan de ese pa\u00eds \u201cya no pisan tierras mexicanas\u201d.<\/p>\n<p>\u201cHay una preocupaci\u00f3n seria por parte de los hoteleros, porque todo ese turista brasile\u00f1o que llegaba a M\u00e9xico hoy ya no lo hace, lo que representa una p\u00e9rdida en la derrama econ\u00f3mica de aproximadamente mil millones de d\u00f3lares; por eso piden que se vuelva a activar el visado electr\u00f3nico\u201d, afirm\u00f3 la legisladora.<\/p>\n<p>&nbsp;<\/p>\n<blockquote>\n<p style=\"text-align: right;\">\u201c<strong>El<\/strong> <strong>\u00e1ngel de la fama tiene sus alas hechas de papel&#8230; peri\u00f3dico\u201d.<br \/>\n<\/strong><\/p>\n<\/blockquote>\n<p>&nbsp;<\/p>\n<p><em><span class=\"Apple-converted-space\"><a href=\"mailto:victoriagprado@gmail.com\" target=\"_blank\" rel=\"noopener noreferrer\">victoriagprado@gmail.com<\/a><br \/>\nTwitter: <a href=\"https:\/\/twitter.com\/victoriagprado\" target=\"_blank\" rel=\"noopener noreferrer\">@victoriagprado<\/a><\/span><\/em><\/p>\n","protected":false},"excerpt":{"rendered":"<p>Para inaugurar la nueva ruta Ciudad de M\u00e9xico-Medell\u00edn la aerol\u00ednea dominicana de bajo costo, Arajet, lanz\u00f3 una promoci\u00f3n para volar a Ciudad de M\u00e9xico y Canc\u00fan a tan s\u00f3lo cinco d\u00f3lares. Con ello, la compa\u00f1\u00eda a\u00e9rea se perfila para convertir a Rep\u00fablica Dominicana en el hub de los precios bajos de la regi\u00f3n.<\/p>\n","protected":false},"author":3,"featured_media":580820,"comment_status":"open","ping_status":"open","sticky":false,"template":"","format":"standard","meta":{"_monsterinsights_skip_tracking":false,"_monsterinsights_sitenote_active":false,"_monsterinsights_sitenote_note":"","_monsterinsights_sitenote_category":0,"footnotes":""},"categories":[11],"tags":[107,43674,43681,106],"class_list":["post-580795","post","type-post","status-publish","format-standard","has-post-thumbnail","hentry","category-turismo","tag-de-cinco-estrellas","tag-opinion","tag-turismo","tag-victoria-gonzalez-prado"],"_links":{"self":[{"href":"https:\/\/www.diarioimagen.net\/index.php?rest_route=\/wp\/v2\/posts\/580795","targetHints":{"allow":["GET"]}}],"collection":[{"href":"https:\/\/www.diarioimagen.net\/index.php?rest_route=\/wp\/v2\/posts"}],"about":[{"href":"https:\/\/www.diarioimagen.net\/index.php?rest_route=\/wp\/v2\/types\/post"}],"author":[{"embeddable":true,"href":"https:\/\/www.diarioimagen.net\/index.php?rest_route=\/wp\/v2\/users\/3"}],"replies":[{"embeddable":true,"href":"https:\/\/www.diarioimagen.net\/index.php?rest_route=%2Fwp%2Fv2%2Fcomments&post=580795"}],"version-history":[{"count":0,"href":"https:\/\/www.diarioimagen.net\/index.php?rest_route=\/wp\/v2\/posts\/580795\/revisions"}],"wp:featuredmedia":[{"embeddable":true,"href":"https:\/\/www.diarioimagen.net\/index.php?rest_route=\/wp\/v2\/media\/580820"}],"wp:attachment":[{"href":"https:\/\/www.diarioimagen.net\/index.php?rest_route=%2Fwp%2Fv2%2Fmedia&parent=580795"}],"wp:term":[{"taxonomy":"category","embeddable":true,"href":"https:\/\/www.diarioimagen.net\/index.php?rest_route=%2Fwp%2Fv2%2Fcategories&post=580795"},{"taxonomy":"post_tag","embeddable":true,"href":"https:\/\/www.diarioimagen.net\/index.php?rest_route=%2Fwp%2Fv2%2Ftags&post=580795"}],"curies":[{"name":"wp","href":"https:\/\/api.w.org\/{rel}","templated":true}]}}