{"id":580853,"date":"2023-04-17T00:06:01","date_gmt":"2023-04-17T06:06:01","guid":{"rendered":"https:\/\/www.diarioimagen.net\/?p=580853"},"modified":"2023-04-17T22:15:02","modified_gmt":"2023-04-18T04:15:02","slug":"invita-la-uaemex-a-la-convocatoria-internacional-arte-abierto-arte-para-todos","status":"publish","type":"post","link":"https:\/\/www.diarioimagen.net\/?p=580853","title":{"rendered":"Invita la UAEM\u00e9x a la Convocatoria Internacional Arte Abierto, Arte para Todos"},"content":{"rendered":"<p><em>\u00a0<\/em><\/p>\n<ul>\n<li><em>\u00a0<strong>La directora del Museo Universitario \u201cLeopoldo Flores\u201d, Gabriela Morales San Juan, mencion\u00f3 que la gran mayor\u00eda de los ganadores de convocatorias anteriores son j\u00f3venes que van empezando su profesionalizaci\u00f3n en las artes<\/strong><\/em><\/li>\n<\/ul>\n<p><strong>\u00a0<\/strong><\/p>\n<div id=\"attachment_580949\" style=\"width: 470px\" class=\"wp-caption aligncenter\"><a href=\"https:\/\/www.diarioimagen.net\/?attachment_id=580949\" rel=\"attachment wp-att-580949\"><img loading=\"lazy\" decoding=\"async\" aria-describedby=\"caption-attachment-580949\" class=\"size-full wp-image-580949\" src=\"https:\/\/www.diarioimagen.net\/wp-content\/uploads\/2023\/04\/uaem-invita.jpg\" alt=\"\" width=\"460\" height=\"270\" \/><\/a><p id=\"caption-attachment-580949\" class=\"wp-caption-text\">Gabriela Morales San Juan mencion\u00f3 que la gran mayor\u00eda de los ganadores de convocatorias anteriores son j\u00f3venes que van empezando su profesionalizaci\u00f3n en las artes.<\/p><\/div>\n<p>&nbsp;<\/p>\n<p><strong>Toluca, Estado de M\u00e9xico.\u2014 <\/strong>Con el objetivo de promover la producci\u00f3n art\u00edstica que refleje un compromiso con los tiempos actuales, la Universidad Aut\u00f3noma del Estado de M\u00e9xico (UAEM\u00e9x), a trav\u00e9s del Museo Universitario \u201cLeopoldo Flores\u201d, invita a la comunidad art\u00edstica nacional e internacional a participar en la Convocatoria Arte Abierto, Arte para Todos, en su 17 edici\u00f3n.<\/p>\n<p>La directora del Museo Universitario, Gabriela Morales San Juan, expres\u00f3 que esta convocatoria es un legado que Leopoldo Flores dej\u00f3 a la M\u00e1xima Casa de Estudios mexiquense para abrir espacios a los artistas, as\u00ed como favorecer e incentivar su producci\u00f3n.<\/p>\n<p>Abund\u00f3 que \u00e9sta es una convocatoria \u00fanica en su tipo, ya que se escoge una exposici\u00f3n completa y no solo una pieza, por lo que se reciben proyectos que dan muestra de la madurez del artista en su producci\u00f3n y con sus discursos est\u00e9ticos.<\/p>\n<p>Morales San Juan mencion\u00f3 que la gran mayor\u00eda de los ganadores de convocatorias anteriores son j\u00f3venes que van empezando su profesionalizaci\u00f3n en las artes, lo que cumple con la intenci\u00f3n de Leopoldo Flores, ya que no se trata de la trayector\u00eda sino de que la obra hable por el artista.<\/p>\n<p>Durante su intervenci\u00f3n, Omar Jaimes Esquivel, curador del Museo Universitario \u201cLeopoldo Flores\u201d explic\u00f3 que para participar en la convocatoria los aspirantes deber\u00e1n registrarse en el sitio web de Arte Abierto con un proyecto de exposici\u00f3n bajo seud\u00f3nimo de manera colectiva o individual. Dicha convocatoria estar\u00e1 disponible hasta el 30 de abril.<\/p>\n<p>En este sentido, explic\u00f3 que una vez que se complete el proceso de registro se debe subir la carpeta de la obra, que debe contener la conceptualizaci\u00f3n de la misma, as\u00ed como un registro fotogr\u00e1fico de las piezas ya concluidas para ser montadas.<\/p>\n<p>Las y los ganadores ser\u00e1n notificados v\u00eda correo electr\u00f3nico por medio de la cuenta museolf@uaemex.mx y ser\u00e1n publicados en el sitio web de <em>http:\/\/arteabierto.uaemex.mx<\/em> el 16 de mayo de 2023 y los trabajos ser\u00e1n montados durante 2023, con una duraci\u00f3n de seis semanas en las salas \u201cD\u201d y \u201cE\u201d del Museo.<\/p>\n<p>Para m\u00e1s informaci\u00f3n, se puede consultar el sitio <em>http:\/\/arteabierto.uaemex.mx<\/em><\/p>\n","protected":false},"excerpt":{"rendered":"<p>Con el objetivo de promover la producci\u00f3n art\u00edstica que refleje un compromiso con los tiempos actuales, la Universidad Aut\u00f3noma del Estado de M\u00e9xico (UAEM\u00e9x), a trav\u00e9s del Museo Universitario \u201cLeopoldo Flores\u201d, invita a la comunidad art\u00edstica nacional e internacional a participar en la Convocatoria Arte Abierto, Arte para Todos, en su 17 edici\u00f3n.<\/p>\n","protected":false},"author":3,"featured_media":580949,"comment_status":"open","ping_status":"open","sticky":false,"template":"","format":"standard","meta":{"_monsterinsights_skip_tracking":false,"_monsterinsights_sitenote_active":false,"_monsterinsights_sitenote_note":"","_monsterinsights_sitenote_category":0,"footnotes":""},"categories":[5],"tags":[97717,43675,452,67878],"class_list":["post-580853","post","type-post","status-publish","format-standard","has-post-thumbnail","hentry","category-estado-de-mexico","tag-arte-para-todos","tag-estado-de-mexico","tag-toluca","tag-uaemex"],"_links":{"self":[{"href":"https:\/\/www.diarioimagen.net\/index.php?rest_route=\/wp\/v2\/posts\/580853","targetHints":{"allow":["GET"]}}],"collection":[{"href":"https:\/\/www.diarioimagen.net\/index.php?rest_route=\/wp\/v2\/posts"}],"about":[{"href":"https:\/\/www.diarioimagen.net\/index.php?rest_route=\/wp\/v2\/types\/post"}],"author":[{"embeddable":true,"href":"https:\/\/www.diarioimagen.net\/index.php?rest_route=\/wp\/v2\/users\/3"}],"replies":[{"embeddable":true,"href":"https:\/\/www.diarioimagen.net\/index.php?rest_route=%2Fwp%2Fv2%2Fcomments&post=580853"}],"version-history":[{"count":0,"href":"https:\/\/www.diarioimagen.net\/index.php?rest_route=\/wp\/v2\/posts\/580853\/revisions"}],"wp:featuredmedia":[{"embeddable":true,"href":"https:\/\/www.diarioimagen.net\/index.php?rest_route=\/wp\/v2\/media\/580949"}],"wp:attachment":[{"href":"https:\/\/www.diarioimagen.net\/index.php?rest_route=%2Fwp%2Fv2%2Fmedia&parent=580853"}],"wp:term":[{"taxonomy":"category","embeddable":true,"href":"https:\/\/www.diarioimagen.net\/index.php?rest_route=%2Fwp%2Fv2%2Fcategories&post=580853"},{"taxonomy":"post_tag","embeddable":true,"href":"https:\/\/www.diarioimagen.net\/index.php?rest_route=%2Fwp%2Fv2%2Ftags&post=580853"}],"curies":[{"name":"wp","href":"https:\/\/api.w.org\/{rel}","templated":true}]}}