{"id":580871,"date":"2023-04-17T00:01:01","date_gmt":"2023-04-17T06:01:01","guid":{"rendered":"https:\/\/www.diarioimagen.net\/?p=580871"},"modified":"2023-04-18T23:50:19","modified_gmt":"2023-04-19T05:50:19","slug":"el-presupuesto-para-las-becas-de-los-universitarios-llega-a-su-minimo-historico","status":"publish","type":"post","link":"https:\/\/www.diarioimagen.net\/?p=580871","title":{"rendered":"El presupuesto para las becas de los universitarios llega a su m\u00ednimo hist\u00f3rico"},"content":{"rendered":"<p>&nbsp;<\/p>\n<ul>\n<li><em><strong>Es de mil 927 millones<\/strong><\/em><\/li>\n<\/ul>\n<p>&nbsp;<\/p>\n<div id=\"attachment_580953\" style=\"width: 470px\" class=\"wp-caption aligncenter\"><a href=\"https:\/\/www.diarioimagen.net\/?attachment_id=580953\" rel=\"attachment wp-att-580953\"><img loading=\"lazy\" decoding=\"async\" aria-describedby=\"caption-attachment-580953\" class=\"size-full wp-image-580953\" src=\"https:\/\/www.diarioimagen.net\/wp-content\/uploads\/2023\/04\/becas.jpg\" alt=\"\" width=\"460\" height=\"270\" \/><\/a><p id=\"caption-attachment-580953\" class=\"wp-caption-text\">El Programa de Becas Elisa Acu\u00f1a s\u00f3lo cuenta con mil 927 millones de pesos para 2023. Esto significa un recorte de 73%, en comparaci\u00f3n con 2019, cuando se ejercieron 5 mil 719 millones de pesos.<\/p><\/div>\n<p>&nbsp;<\/p>\n<p>Este 2023 es el a\u00f1o con el presupuesto m\u00ednimo hist\u00f3rico en becas dirigidas a j\u00f3venes que est\u00e1n concluyendo una carrera y buscan apoyos econ\u00f3micos para manutenci\u00f3n o para hacer su servicio social, la tesis o incluso para estudiar en el extranjero o para quienes buscan movilidad nacional.<\/p>\n<p>De acuerdo con el Presupuesto de Egresos, este tipo de apoyos son parte del Programa de Becas Elisa Acu\u00f1a, que s\u00f3lo cuenta con mil 927 millones de pesos de fondos para 2023. En t\u00e9rminos reales, esto significa un recorte de 73% en comparaci\u00f3n con 2019 -el primer a\u00f1o de gobierno de L\u00f3pez Obrador-, cuando se ejercieron 5 mil 719 millones de pesos.<\/p>\n<p>Incluso, al compararlo con 2018, el recorte es de 87% en t\u00e9rminos reales, toda vez que el presupuesto fue de 11 mil 214 millones de pesos. En el sexenio pasado, el nombre del programa era Programa Nacional de Becas y a partir de 2019 cambi\u00f3 a Programa de Becas Elisa Acu\u00f1a, pero en el Presupuesto de Egresos conserva la misma clave: S243.<\/p>\n<p>Estas becas est\u00e1n dirigidas a estudiantes de la UNAM, el Instituto Polit\u00e9cnico Nacional (IPN), el Centro de Ense\u00f1anza T\u00e9cnica Industrial (CETI), el Centro de Investigaci\u00f3n y de Estudios Avanzados del IPN (Cinvestav), el Colegio de M\u00e9xico (Colmex), la Universidad Aut\u00f3noma Metropolitana (UAM), la Universidad Pedag\u00f3gica Nacional (UPN) y el Instituto Nacional de Antropolog\u00eda e Historia (INAH), entre otras instituciones.<\/p>\n<p>El recorte presupuestal al programa provoc\u00f3 manifestaciones de estudiantes de la UNAM e incluso llamados a paro de labores. Sin embargo, la instituci\u00f3n envi\u00f3 un comunicado por la tarde en el que asegur\u00f3 que se har\u00e1 cargo de pagar las becas con su propio presupuesto, recursos de la Fundaci\u00f3n UNAM y otros donativos.<\/p>\n<p>Con ello, la universidad \u201cest\u00e1 en posibilidades de mantener la totalidad de los apoyos considerados en el Programa de Becas Elisa Acu\u00f1a y de cubrir el monto asignado para cada uno de ellos, no obstante que en el Presupuesto de Egresos de la Federaci\u00f3n 2023 no fueron asignados recursos para dicho Programa\u201d, inform\u00f3 en su comunicado.<\/p>\n<p>De acuerdo con datos del Presupuesto de Egresos de la Federaci\u00f3n y de la Cuenta P\u00fablica, el programa S243 ha tenido recortes en la actual administraci\u00f3n. En 2019, comenz\u00f3 con 5 mil 719 millones de pesos, pero el a\u00f1o siguiente baj\u00f3 a 4 mil 164 millones de pesos, un recorte de 35% en t\u00e9rminos reales.<\/p>\n<p>Para 2022, aument\u00f3 a 4 mil 333 millones de pesos, pero en 2023 el presupuesto fue de mil 927 millones de pesos, un recorte de 57% en t\u00e9rminos reales y el presupuesto m\u00e1s bajo de la historia de ese programa.<\/p>\n<p>Las Becas Elisa Acu\u00f1a incluye 15 tipos de apoyo, como becas por inicio o t\u00e9rmino de la tesis, becas de manutenci\u00f3n, de apoyo a la pr\u00e1ctica intensiva y servicio social para normalistas o becas para servicio social en el Archivo General de la Naci\u00f3n.<\/p>\n<p style=\"text-align: center;\"><strong>Cuatro facultades de la UNAM inician paro por falta de recursos para becas<\/strong><\/p>\n<p>Mientras tanto, cuatro facultades de la Universidad Nacional Aut\u00f3noma de M\u00e9xico (UNAM) est\u00e1n en paro en protesta por la falta de recursos para el Programa de Becas Elisa Acu\u00f1a, por decisi\u00f3n de asambleas estudiantiles,<\/p>\n<p>Las facultades que est\u00e1n en paro son las de Ciencias Pol\u00edticas y Sociales, Econom\u00eda, Filosof\u00eda y Letras, e Ingenier\u00eda, todas ellas ubicadas en Ciudad Universitaria, en la Ciudad de M\u00e9xico.<\/p>\n<p>La protesta de los universitarios se dio luego de la discusi\u00f3n entre la UNAM y la Secretar\u00eda de Educaci\u00f3n P\u00fablica (SEP) por la falta de recursos para las becas Elisa Acu\u00f1a, las cuales son para apoyo a la manutenci\u00f3n en el caso de la m\u00e1xima casa de estudios.<\/p>\n","protected":false},"excerpt":{"rendered":"<p>Este 2023 es el a\u00f1o con el presupuesto m\u00ednimo hist\u00f3rico en becas dirigidas a j\u00f3venes que est\u00e1n concluyendo una carrera y buscan apoyos econ\u00f3micos para manutenci\u00f3n o para hacer su servicio social, la tesis o incluso para estudiar en el extranjero o para quienes buscan movilidad nacional.<\/p>\n","protected":false},"author":3,"featured_media":580953,"comment_status":"open","ping_status":"open","sticky":false,"template":"","format":"standard","meta":{"_monsterinsights_skip_tracking":false,"_monsterinsights_sitenote_active":false,"_monsterinsights_sitenote_note":"","_monsterinsights_sitenote_category":0,"footnotes":""},"categories":[3],"tags":[11642,43685,45167],"class_list":["post-580871","post","type-post","status-publish","format-standard","has-post-thumbnail","hentry","category-nacional","tag-becas","tag-cultura","tag-minimo-historico"],"_links":{"self":[{"href":"https:\/\/www.diarioimagen.net\/index.php?rest_route=\/wp\/v2\/posts\/580871","targetHints":{"allow":["GET"]}}],"collection":[{"href":"https:\/\/www.diarioimagen.net\/index.php?rest_route=\/wp\/v2\/posts"}],"about":[{"href":"https:\/\/www.diarioimagen.net\/index.php?rest_route=\/wp\/v2\/types\/post"}],"author":[{"embeddable":true,"href":"https:\/\/www.diarioimagen.net\/index.php?rest_route=\/wp\/v2\/users\/3"}],"replies":[{"embeddable":true,"href":"https:\/\/www.diarioimagen.net\/index.php?rest_route=%2Fwp%2Fv2%2Fcomments&post=580871"}],"version-history":[{"count":0,"href":"https:\/\/www.diarioimagen.net\/index.php?rest_route=\/wp\/v2\/posts\/580871\/revisions"}],"wp:featuredmedia":[{"embeddable":true,"href":"https:\/\/www.diarioimagen.net\/index.php?rest_route=\/wp\/v2\/media\/580953"}],"wp:attachment":[{"href":"https:\/\/www.diarioimagen.net\/index.php?rest_route=%2Fwp%2Fv2%2Fmedia&parent=580871"}],"wp:term":[{"taxonomy":"category","embeddable":true,"href":"https:\/\/www.diarioimagen.net\/index.php?rest_route=%2Fwp%2Fv2%2Fcategories&post=580871"},{"taxonomy":"post_tag","embeddable":true,"href":"https:\/\/www.diarioimagen.net\/index.php?rest_route=%2Fwp%2Fv2%2Ftags&post=580871"}],"curies":[{"name":"wp","href":"https:\/\/api.w.org\/{rel}","templated":true}]}}