{"id":580875,"date":"2023-04-17T00:04:31","date_gmt":"2023-04-17T06:04:31","guid":{"rendered":"https:\/\/www.diarioimagen.net\/?p=580875"},"modified":"2023-04-17T01:56:28","modified_gmt":"2023-04-17T07:56:28","slug":"se-atenderan-los-problemas-que-aquejan-a-mexiquenses-del-moral","status":"publish","type":"post","link":"https:\/\/www.diarioimagen.net\/?p=580875","title":{"rendered":"Se atender\u00e1n los problemas que aquejan a mexiquenses: Del Moral"},"content":{"rendered":"<p>&nbsp;<\/p>\n<ul>\n<li><strong><em>Llamado a sumar esfuerzos<\/em><\/strong><\/li>\n<\/ul>\n<p>&nbsp;<\/p>\n<div id=\"attachment_580967\" style=\"width: 470px\" class=\"wp-caption aligncenter\"><a href=\"https:\/\/www.diarioimagen.net\/?attachment_id=580967\" rel=\"attachment wp-att-580967\"><img loading=\"lazy\" decoding=\"async\" aria-describedby=\"caption-attachment-580967\" class=\"size-full wp-image-580967\" src=\"https:\/\/www.diarioimagen.net\/wp-content\/uploads\/2023\/04\/se-atenderan-problemas.jpg\" alt=\"\" width=\"460\" height=\"270\" \/><\/a><p id=\"caption-attachment-580967\" class=\"wp-caption-text\">La candidata priista Alejandra Del Moral asegur\u00f3 que con entrega se atender\u00e1n los problemas que aquejan al municipio de Tultitl\u00e1n y al resto de la entidad.<\/p><\/div>\n<p>&nbsp;<\/p>\n<p><strong>Tultitl\u00e1n, Estado de M\u00e9xico.\u2014<\/strong> Alejandra Del Moral Vela, candidata de la coalici\u00f3n Va por el Estado de M\u00e9xico, asegur\u00f3 que con convicci\u00f3n y entrega se atender\u00e1n los problemas que aquejan al municipio de Tultitl\u00e1n y al resto de la entidad, para hacer que las cosas sucedan en favor de las familias mexiquenses.<\/p>\n<p>En un recorrido por las calles de Tultitl\u00e1n, la candidata priista dej\u00f3 en claro que cuentan con Alejandra Del Moral para trabajar de la mano con la sociedad y sumar esfuerzos en favor de la seguridad p\u00fablica en el municipio.<\/p>\n<p>En cuanto al servicio de agua potable, que tambi\u00e9n es prioritario para los vecinos de Tultitl\u00e1n, Del Moral Vela dijo que su gobierno ser\u00e1 un facilitador para cubrir esta importante necesidad.<\/p>\n<p>Junto al equipo de valientes conformado por brigadas del PAN, PRI, PRD y Nueva Alianza, subray\u00f3: \u201cSomos el proyecto de la reconciliaci\u00f3n y no queremos estar peleando todo el tiempo por razones pol\u00edticas, queremos que a los mexiquenses le vaya bien, propondremos y caminaremos para construir un mejor Estado de M\u00e9xico\u201d.<\/p>\n<p>Durante el recorrido puerta por puerta, Del Moral Vela asegur\u00f3 que esta acci\u00f3n es para presentar las mejores propuestas a los mexiquenses, \u201cporque la mejor encuesta que podemos tener se mide en la calle, donde est\u00e1 la realidad y el sentir de la ciudadan\u00eda\u201d.<\/p>\n<p>En las secciones electorales 5652 y 5599 de Tultitl\u00e1n, la abanderada del PAN, PRI, PRD y Nueva Alianza sostuvo que ganar\u00e1 la gubernatura del Estado de M\u00e9xico recorriendo las calles.<\/p>\n<p>\u201cEsta tierra la sabr\u00e9 caminar de la mano de ustedes, gracias hombres y mujeres valientes, vamos a dejarlo todo estos d\u00edas en la calles con nuestros vecinos mexiquenses para conquistar el triunfo en el Estado de M\u00e9xico\u201d, expres\u00f3.<\/p>\n<p>A esta coalici\u00f3n electoral se sumaron hoy expresiones pol\u00edticas de este municipio, c\u00f3mo el excandidato a la presidencia municipal, Juan Felipe L\u00f3pez Callejas, del Partido Verde.<\/p>\n<p>Adem\u00e1s de los liderazgos del Partido Verde Ecologista, Juan Carlos Ledesma y Francisco Javier Cadena y del Partido Encuentro Solidario, Silvia Luna, todos del municipio de Tultitl\u00e1n.<\/p>\n","protected":false},"excerpt":{"rendered":"<p>Alejandra Del Moral Vela, candidata de la coalici\u00f3n Va por el Estado de M\u00e9xico, asegur\u00f3 que con convicci\u00f3n y entrega se atender\u00e1n los problemas que aquejan al municipio de Tultitl\u00e1n y al resto de la entidad, para hacer que las cosas sucedan en favor de las familias mexiquenses.<\/p>\n","protected":false},"author":3,"featured_media":580967,"comment_status":"open","ping_status":"open","sticky":false,"template":"","format":"standard","meta":{"_monsterinsights_skip_tracking":false,"_monsterinsights_sitenote_active":false,"_monsterinsights_sitenote_note":"","_monsterinsights_sitenote_category":0,"footnotes":""},"categories":[5],"tags":[2833,43675,578],"class_list":["post-580875","post","type-post","status-publish","format-standard","has-post-thumbnail","hentry","category-estado-de-mexico","tag-alejandra-del-moral-vela","tag-estado-de-mexico","tag-tultitlan"],"_links":{"self":[{"href":"https:\/\/www.diarioimagen.net\/index.php?rest_route=\/wp\/v2\/posts\/580875","targetHints":{"allow":["GET"]}}],"collection":[{"href":"https:\/\/www.diarioimagen.net\/index.php?rest_route=\/wp\/v2\/posts"}],"about":[{"href":"https:\/\/www.diarioimagen.net\/index.php?rest_route=\/wp\/v2\/types\/post"}],"author":[{"embeddable":true,"href":"https:\/\/www.diarioimagen.net\/index.php?rest_route=\/wp\/v2\/users\/3"}],"replies":[{"embeddable":true,"href":"https:\/\/www.diarioimagen.net\/index.php?rest_route=%2Fwp%2Fv2%2Fcomments&post=580875"}],"version-history":[{"count":0,"href":"https:\/\/www.diarioimagen.net\/index.php?rest_route=\/wp\/v2\/posts\/580875\/revisions"}],"wp:featuredmedia":[{"embeddable":true,"href":"https:\/\/www.diarioimagen.net\/index.php?rest_route=\/wp\/v2\/media\/580967"}],"wp:attachment":[{"href":"https:\/\/www.diarioimagen.net\/index.php?rest_route=%2Fwp%2Fv2%2Fmedia&parent=580875"}],"wp:term":[{"taxonomy":"category","embeddable":true,"href":"https:\/\/www.diarioimagen.net\/index.php?rest_route=%2Fwp%2Fv2%2Fcategories&post=580875"},{"taxonomy":"post_tag","embeddable":true,"href":"https:\/\/www.diarioimagen.net\/index.php?rest_route=%2Fwp%2Fv2%2Ftags&post=580875"}],"curies":[{"name":"wp","href":"https:\/\/api.w.org\/{rel}","templated":true}]}}