{"id":580877,"date":"2023-04-17T00:03:55","date_gmt":"2023-04-17T06:03:55","guid":{"rendered":"https:\/\/www.diarioimagen.net\/?p=580877"},"modified":"2023-04-17T01:55:32","modified_gmt":"2023-04-17T07:55:32","slug":"ya-nadie-detendra-el-cambio-en-el-estado-de-mexico-alexis-santos","status":"publish","type":"post","link":"https:\/\/www.diarioimagen.net\/?p=580877","title":{"rendered":"Ya nadie detendr\u00e1 el cambio en el Estado de M\u00e9xico: Alexis Santos"},"content":{"rendered":"<p>&nbsp;<\/p>\n<p><a href=\"https:\/\/www.diarioimagen.net\/?attachment_id=580965\" rel=\"attachment wp-att-580965\"><img loading=\"lazy\" decoding=\"async\" class=\"aligncenter size-full wp-image-580965\" src=\"https:\/\/www.diarioimagen.net\/wp-content\/uploads\/2023\/04\/nadie-detendra.jpg\" alt=\"\" width=\"460\" height=\"270\" \/><\/a><\/p>\n<p>&nbsp;<\/p>\n<p><strong>Naucalpan, Estado de M\u00e9xico.\u2014<\/strong> Hay que reconocer que ya nadie detendr\u00e1 el avance democr\u00e1tico por alcanzar la gubernatura del Estado de M\u00e9xico, que ser\u00e1 para el bien de las y los mexiquenses. El cambio est\u00e1 por llegar.<\/p>\n<p>Asegur\u00f3 lo anterior la regidora morenista, Graciela Alexis Santos Garc\u00eda, al recordar que recientemente, una encuesta revel\u00f3 que 68 por ciento de los mexiquenses prefiere un cambio de rumbo en el gobierno estatal, y existe una preferencia 2 a 1 sobre los aspirantes aliancistas a la gubernatura.<\/p>\n<p>La representante popular en esta localidad, consider\u00f3 que \u201c la alternancia en el Estado de M\u00e9xico ya es un clamor social y nada ni nadie lo detendr\u00e1\u201d.<\/p>\n","protected":false},"excerpt":{"rendered":"<p>Hay que reconocer que ya nadie detendr\u00e1 el avance democr\u00e1tico por alcanzar la gubernatura del Estado de M\u00e9xico, que ser\u00e1 para el bien de las y los mexiquenses.<\/p>\n","protected":false},"author":3,"featured_media":580965,"comment_status":"open","ping_status":"open","sticky":false,"template":"","format":"standard","meta":{"_monsterinsights_skip_tracking":false,"_monsterinsights_sitenote_active":false,"_monsterinsights_sitenote_note":"","_monsterinsights_sitenote_category":0,"footnotes":""},"categories":[5],"tags":[97719,43675],"class_list":["post-580877","post","type-post","status-publish","format-standard","has-post-thumbnail","hentry","category-estado-de-mexico","tag-alexis-santos","tag-estado-de-mexico"],"_links":{"self":[{"href":"https:\/\/www.diarioimagen.net\/index.php?rest_route=\/wp\/v2\/posts\/580877","targetHints":{"allow":["GET"]}}],"collection":[{"href":"https:\/\/www.diarioimagen.net\/index.php?rest_route=\/wp\/v2\/posts"}],"about":[{"href":"https:\/\/www.diarioimagen.net\/index.php?rest_route=\/wp\/v2\/types\/post"}],"author":[{"embeddable":true,"href":"https:\/\/www.diarioimagen.net\/index.php?rest_route=\/wp\/v2\/users\/3"}],"replies":[{"embeddable":true,"href":"https:\/\/www.diarioimagen.net\/index.php?rest_route=%2Fwp%2Fv2%2Fcomments&post=580877"}],"version-history":[{"count":0,"href":"https:\/\/www.diarioimagen.net\/index.php?rest_route=\/wp\/v2\/posts\/580877\/revisions"}],"wp:featuredmedia":[{"embeddable":true,"href":"https:\/\/www.diarioimagen.net\/index.php?rest_route=\/wp\/v2\/media\/580965"}],"wp:attachment":[{"href":"https:\/\/www.diarioimagen.net\/index.php?rest_route=%2Fwp%2Fv2%2Fmedia&parent=580877"}],"wp:term":[{"taxonomy":"category","embeddable":true,"href":"https:\/\/www.diarioimagen.net\/index.php?rest_route=%2Fwp%2Fv2%2Fcategories&post=580877"},{"taxonomy":"post_tag","embeddable":true,"href":"https:\/\/www.diarioimagen.net\/index.php?rest_route=%2Fwp%2Fv2%2Ftags&post=580877"}],"curies":[{"name":"wp","href":"https:\/\/api.w.org\/{rel}","templated":true}]}}