{"id":580879,"date":"2023-04-17T00:01:41","date_gmt":"2023-04-17T06:01:41","guid":{"rendered":"https:\/\/www.diarioimagen.net\/?p=580879"},"modified":"2023-04-17T01:54:21","modified_gmt":"2023-04-17T07:54:21","slug":"gobiernos-emanados-de-morena-culpables-de-la-inseguridad-en-el-pais-dice-david-parra","status":"publish","type":"post","link":"https:\/\/www.diarioimagen.net\/?p=580879","title":{"rendered":"Gobiernos emanados de Morena, culpables de la inseguridad en el pa\u00eds, dice David Parra"},"content":{"rendered":"<p>&nbsp;<\/p>\n<ul>\n<li><em><strong>Refuta a Isaac Montoya<\/strong><\/em><\/li>\n<\/ul>\n<p>&nbsp;<\/p>\n<h6>Arturo Baena<\/h6>\n<p>&nbsp;<\/p>\n<div id=\"attachment_580961\" style=\"width: 470px\" class=\"wp-caption aligncenter\"><a href=\"https:\/\/www.diarioimagen.net\/?attachment_id=580961\" rel=\"attachment wp-att-580961\"><img loading=\"lazy\" decoding=\"async\" aria-describedby=\"caption-attachment-580961\" class=\"size-full wp-image-580961\" src=\"https:\/\/www.diarioimagen.net\/wp-content\/uploads\/2023\/04\/gobiernos-emanados-1.jpg\" alt=\"\" width=\"460\" height=\"270\" \/><\/a><p id=\"caption-attachment-580961\" class=\"wp-caption-text\">David Parra se\u00f1al\u00f3 que \u201cha quedado demostrado que los gobiernos de Morena faltan a sus promesas y s\u00f3lo se han dedicado a mentir\u201d.<\/p><\/div>\n<p>&nbsp;<\/p>\n<p><strong>Naucalpan, Estado de M\u00e9xico.\u2014<\/strong> Cu\u00e1nta raz\u00f3n tiene el diputado Isaac Montoya M\u00e1rquez, al se\u00f1alar que \u201cse necesita ser ignorante o c\u00ednico para referir una paz y seguridad inexistente\u201d al hablar del Edomex. Lo que se le olvid\u00f3 mencionar al legislador morenista es qu\u00e9 Guerrero, Michoac\u00e1n, Sonora y Zacatecas, no s\u00f3lo comparten ser gobernados por Morena, sino que tienen en com\u00fan ser cuatro de los nueve estados m\u00e1s violentos del pa\u00eds.<\/p>\n<p>As\u00ed lo asegur\u00f3 en entrevista, el diputado David Parra S\u00e1nchez, luego de expresar que, \u201cefectivamente, se necesita ser ignorante y c\u00ednico para afirmar de una paz y seguridad en el pa\u00eds. Isaac Montoya, escupe al cielo y le cae en la cara, pues en materia de seguridad, M\u00e9xico est\u00e1 reprobado con sus abrazos y no balazos\u201d, dijo.<\/p>\n<p>Por otra parte, Parra S\u00e1nchez refut\u00f3 lo declarado por Montoya M\u00e1rquez y dijo que los datos que present\u00f3 son irreales y hoy tratan de impulsar a su candidata, Delfina G\u00f3mez, qui\u00e9n \u201cest\u00e1 estancada y no avanza en su campa\u00f1a recurriendo a encuestas \u201cpatito\u201d y corriendo para no debatir\u201d, asegur\u00f3.<\/p>\n<p>Asimismo, el representante popular del PRI, destac\u00f3 que \u201cha quedado demostrado que los gobiernos de Morena faltan a sus promesas y s\u00f3lo se han dedicado a mentir, enga\u00f1ar y robar, como fue el caso de las pasadas administraciones\u201d.<\/p>\n<p>Parra S\u00e1nchez puntualiz\u00f3 que \u201cpoco a poco las promesas sobre seguridad de las y los alcaldes y gobernadores de Morena se han diluido. Muy por el contrario, sus administraciones son las peores evaluadas. Hoy estamos peor que nunca y hay que ser c\u00ednicos e ignorantes para no reconocerlo\u201d, concluy\u00f3.<\/p>\n","protected":false},"excerpt":{"rendered":"<p>Cu\u00e1nta raz\u00f3n tiene el diputado Isaac Montoya M\u00e1rquez, al se\u00f1alar que \u201cse necesita ser ignorante o c\u00ednico para referir una paz y seguridad inexistente\u201d al hablar del Edomex. Lo que se le olvid\u00f3 mencionar al legislador morenista es qu\u00e9 Guerrero, Michoac\u00e1n, Sonora y Zacatecas, no s\u00f3lo comparten ser gobernados por Morena, sino que tienen en com\u00fan ser cuatro de los nueve estados m\u00e1s violentos del pa\u00eds.<\/p>\n","protected":false},"author":3,"featured_media":580961,"comment_status":"open","ping_status":"open","sticky":false,"template":"","format":"standard","meta":{"_monsterinsights_skip_tracking":false,"_monsterinsights_sitenote_active":false,"_monsterinsights_sitenote_note":"","_monsterinsights_sitenote_category":0,"footnotes":""},"categories":[5],"tags":[43675,95149,970],"class_list":["post-580879","post","type-post","status-publish","format-standard","has-post-thumbnail","hentry","category-estado-de-mexico","tag-estado-de-mexico","tag-isaac-montoya-marquez","tag-naucalpan"],"_links":{"self":[{"href":"https:\/\/www.diarioimagen.net\/index.php?rest_route=\/wp\/v2\/posts\/580879","targetHints":{"allow":["GET"]}}],"collection":[{"href":"https:\/\/www.diarioimagen.net\/index.php?rest_route=\/wp\/v2\/posts"}],"about":[{"href":"https:\/\/www.diarioimagen.net\/index.php?rest_route=\/wp\/v2\/types\/post"}],"author":[{"embeddable":true,"href":"https:\/\/www.diarioimagen.net\/index.php?rest_route=\/wp\/v2\/users\/3"}],"replies":[{"embeddable":true,"href":"https:\/\/www.diarioimagen.net\/index.php?rest_route=%2Fwp%2Fv2%2Fcomments&post=580879"}],"version-history":[{"count":0,"href":"https:\/\/www.diarioimagen.net\/index.php?rest_route=\/wp\/v2\/posts\/580879\/revisions"}],"wp:featuredmedia":[{"embeddable":true,"href":"https:\/\/www.diarioimagen.net\/index.php?rest_route=\/wp\/v2\/media\/580961"}],"wp:attachment":[{"href":"https:\/\/www.diarioimagen.net\/index.php?rest_route=%2Fwp%2Fv2%2Fmedia&parent=580879"}],"wp:term":[{"taxonomy":"category","embeddable":true,"href":"https:\/\/www.diarioimagen.net\/index.php?rest_route=%2Fwp%2Fv2%2Fcategories&post=580879"},{"taxonomy":"post_tag","embeddable":true,"href":"https:\/\/www.diarioimagen.net\/index.php?rest_route=%2Fwp%2Fv2%2Ftags&post=580879"}],"curies":[{"name":"wp","href":"https:\/\/api.w.org\/{rel}","templated":true}]}}