{"id":580890,"date":"2023-04-17T00:01:23","date_gmt":"2023-04-17T06:01:23","guid":{"rendered":"https:\/\/www.diarioimagen.net\/?p=580890"},"modified":"2023-04-17T22:16:07","modified_gmt":"2023-04-18T04:16:07","slug":"impunidad-de-taxistas-en-cancun-continuan-las-agresiones-y-abusos","status":"publish","type":"post","link":"https:\/\/www.diarioimagen.net\/?p=580890","title":{"rendered":"Impunidad de taxistas en Canc\u00fan; contin\u00faan las agresiones y abusos"},"content":{"rendered":"<h2>Derecho de r\u00e9plica<\/h2>\n<h5>Jos\u00e9 Luis Monta\u00f1ez<\/h5>\n<p>&nbsp;<\/p>\n<ul>\n<li><em><strong>Detienen a un implicado en dos ataques a conductores por aplicaci\u00f3n<\/strong><\/em><\/li>\n<\/ul>\n<p>&nbsp;<\/p>\n<div id=\"attachment_580951\" style=\"width: 470px\" class=\"wp-caption aligncenter\"><a href=\"https:\/\/www.diarioimagen.net\/?attachment_id=580951\" rel=\"attachment wp-att-580951\"><img loading=\"lazy\" decoding=\"async\" aria-describedby=\"caption-attachment-580951\" class=\"size-full wp-image-580951\" src=\"https:\/\/www.diarioimagen.net\/wp-content\/uploads\/2023\/04\/derecho-2.jpg\" alt=\"\" width=\"460\" height=\"270\" \/><\/a><p id=\"caption-attachment-580951\" class=\"wp-caption-text\">La Secretar\u00eda de Seguridad P\u00fablica de Benito Ju\u00e1rez detuvo a un taxista que estar\u00eda vinculado en dos agresiones con arma blanca en contra trabajadores de conductores de Uber.<\/p><\/div>\n<p>&nbsp;<\/p>\n<p>Pese a que los conductores de plataformas digitales est\u00e1n amparados para operar en Quintana Roo, las agresiones de taxistas y los abusos por sus tarifas excesivas es el pan nuestro de cada d\u00eda en Canc\u00fan y la Riviera Maya, pues se creen due\u00f1os de las calles, del aeropuerto internacional, de todos lados.<\/p>\n<p>Estos trabajadores de volante ya no solamente atacan a los conductores de DiDi y Uber, sino a los automovilistas particulares, porque creen que est\u00e1n coludidos con los conductores por aplicaci\u00f3n.<\/p>\n<p>Los taxistas act\u00faan como una mafia, que en el pasado toleraron las autoridades, pero el Instituto de Movilidad del estado ya est\u00e1 trabajando para regular estas aplicaciones de transporte y permitir que todo el mundo trabaje, pues de acuerdo a la Constituci\u00f3n, todos tenemos derecho a desempe\u00f1ar una labor que nos genere el sustento diario.<\/p>\n<p style=\"text-align: center;\"><strong>Acoso de viajeros desde que bajan del avi\u00f3n<\/strong><\/p>\n<p>Se ha denunciado que los taxistas est\u00e1n muy bien organizados para cazar, literalmente, a los conductores de aplicaci\u00f3n, pues usan radios y claves y en segundos pueden rodear a un veh\u00edculo y agredir a quien lo maneje, golpeando las unidades.<\/p>\n<p>Incluso, los mismos trabajadores del volante piden el servicio de plataformas, sobre todo de Uber, y cuando llegan a recoger al cliente, los choferes se dan cuenta de que son taxistas los supuestos usuarios y los agreden.<\/p>\n<p>Tambi\u00e9n en el Aeropuerto Internacional de Canc\u00fan, los taxistas han implementado un servicio, completamente fuera de la ley, con autos particulares y estacionan sus unidades en las zonas de ascenso y descenso de pasajeros, sobre todo en las terminales donde se concentra el turismo nacional e internacional que llega a Canc\u00fan.<\/p>\n<p>Desde que bajan del avi\u00f3n, los pasajeros son acosados por taxistas mal encarados y por los mismos empleados de las empresas que rentan veh\u00edculos, como Shuttle, que tienen kioscos dentro del aeropuerto, donde venden los boletos para abordar los veh\u00edculos de este tipo de empresas.<\/p>\n<p>Los taxistas, mediante \u201chalcones\u201d vigilan a todos los viajeros y si ven que una persona aborda una unidad sospechosa, la interceptan saliendo del aeropuerto y la bajan.<\/p>\n<p>Ante este nivel de impunidad, tanto usuarios como conductores y propietarios de unidades de Uber demandan a las autoridades que ya paren todo esto, que ya regule esta actividad, ya que estas agresiones han provocado lesiones y da\u00f1os a veh\u00edculos particulares y pueden llegar a niveles tr\u00e1gicos.<\/p>\n<p>Sobre el n\u00famero de unidades de aplicaci\u00f3n se calcula que operan 5,000 unidades en el estado, pues no hay un censo, porque ellos mismos tratan de ocultarse, de disfrazar sus veh\u00edculos, para evitar ser agredidos.<\/p>\n<p>Han pasado administraciones estatales y no han resuelto ese problema y ya es tiempo de que se resuelva, pues ya debe haber un nuevo reglamento que meta en cintura a los taxistas en los destinos tur\u00edstico, con las bases de un servicio que respete al pasajero y a los dem\u00e1s trabajadores del volante, apegados a la ley.<\/p>\n<p style=\"text-align: center;\"><strong>Testimonios en redes sociales<\/strong><\/p>\n<p>En redes sociales, en videos, se pueden constatar las agresiones, como el caso de un taxista del Sindicato Andr\u00e9s Quintana Roo cuando intercept\u00f3 en la zona hotelera de Canc\u00fan a una unidad de Uber con pasaje y, con piedra en mano, amenaz\u00f3 a una conductora.<\/p>\n<p>\u201cYa se te dijo que no hagas nada. \u00a1Ya se te dijo en buen plan!\u201d, expres\u00f3 iracundo el taxista cuando la turista a bordo, y en p\u00e1nico, lo interrumpi\u00f3 diciendo en ingl\u00e9s que iba a llamar a la polic\u00eda.<\/p>\n<p>\u201cPor eso \u00a1baja a la gente, por favor! Te vas a meter en problemas\u201d, replic\u00f3 el taxista y luego se coloc\u00f3 enfrente del veh\u00edculo con el fin de evitar que se fuera.<\/p>\n<p>De acuerdo con los reportes, el incidente ocurri\u00f3 en el Bulevar Kukulc\u00e1n. Incluso, el usuario de Twitter @liamcoronel1 asegur\u00f3 que dicho taxista trabajaba para un sitio enfrente del Hostal Mayan Monkey y que no era la primera vez que lo sorprenden amedrentando a socios de Uber o a turistas que solicitan sus servicios.<\/p>\n<p>En esa ocasi\u00f3n, tambi\u00e9n se viraliz\u00f3 un video de otro taxista del mismo sindicato, amenazando a un conductor de la misma App, en la entrada del hotel Iberostar, en el Bulevar Kukulc\u00e1n.<\/p>\n<p>\u201cAmigo, no puedes cargar, porque eres ilegal \u00a1y lo sabes!\u201d, le afirm\u00f3 un sujeto que vest\u00eda una guayabera y lentes de sol mientras se acercaba a la ventanilla del auto.<\/p>\n<p>\u201c\u00bfPero qui\u00e9n dice que soy ilegal? El cliente es el que decide\u201d, le cuestion\u00f3 el conductor de Uber.<\/p>\n<p>\u201cTodos nosotros decimos que es ilegal. Ya quedaron que hasta que se regularicen pueden venir a cargar, ya se les dijo\u201d, respondi\u00f3.<\/p>\n<p>Al se\u00f1alarle que no es autoridad para impedirle trabajar, el sindicalizado le lanz\u00f3: \u201cBueno, es la \u00faltima vez que vuelves a cargar aqu\u00ed, yo te lo estoy diciendo en persona, nada m\u00e1s atente a las consecuencias donde t\u00fa vayas\u201d.<\/p>\n<p style=\"text-align: center;\"><strong>M\u00e1s intimidaciones<\/strong><\/p>\n<p>Tambi\u00e9n se dio a conocer que un taxista le lanz\u00f3 \u00e1cido a un veh\u00edculo. Porque pens\u00f3 que el coche era utilizado como Uber, pero result\u00f3 que era un veh\u00edculo particular. El agresor fue detenido por polic\u00edas municipales.<\/p>\n<p>Otro incidente documentado fue cuando dos taxistas le cerraron el paso a un veh\u00edculo de Uber y bloquearon 2 carriles en el Bulevar Kukulc\u00e1n, en la zona hotelera.<\/p>\n<p>Los polic\u00edas de tr\u00e1nsito intentaron hablar con \u00e9l, pero cuando le pidieron que bajara, el taxista se fue. Escap\u00f3 y estuvo a punto de atropellar a una mujer polic\u00eda.<\/p>\n<p>Otro caso es el de una conductora de Uber que denunci\u00f3 que taxistas la agredieron en el centro de Canc\u00fan cuando ella recog\u00eda a una familia de turistas en una tienda de Walmart. De pronto, de varios taxis bajaron taxistas y empezaron a agredirla verbalmente.<\/p>\n<p style=\"text-align: center;\"><strong>Hay m\u00e1s de 500 denuncias, desde hace tres a\u00f1os <\/strong><\/p>\n<p>De acuerdo con \u00c1gueda Esperilla Soto, socia operadora de Uber en Canc\u00fan, se han registrado muchos casos de acoso y hostigamiento contra conductores de la plataforma.<\/p>\n<p>De tres a\u00f1os para ac\u00e1 hay m\u00e1s de 500 denuncias, o sea, m\u00e1s de 500 carpetas de investigaci\u00f3n en la Fiscal\u00eda General del Estado, de los que nosotros tenemos conocimiento, se\u00f1al\u00f3. Dijo que los ataques en la zona continental de Isla Mujeres han sido cometidos por taxistas del sindicato local Gustavo D\u00edaz Ordaz, lo que ha incluido ponchaduras de llantas.<\/p>\n<p>\u201cCreo que no hay la orden, la mano dura como tal, por eso lo siguen haciendo\u201d, a\u00f1adi\u00f3.<\/p>\n<p>Detall\u00f3 que en varios casos los taxistas confunden a conductores comunes con operadores de Uber, situaci\u00f3n que incluso ha sido denunciada v\u00eda redes sociales por choferes afectados.<\/p>\n<p>Indic\u00f3 que tambi\u00e9n reciben hasta cuatro reportes diarios de personas que son hostigadas por utilizar el servicio.<\/p>\n<p>En ese sentido, Esperilla Soto realiz\u00f3 un nuevo exhorto a la gobernadora Mara Lezama para intervenir en estos hechos y detener de una vez por todas las agresiones.<\/p>\n<p style=\"text-align: center;\"><strong>Cae taxista agresor de conductores de aplicaci\u00f3n<\/strong><\/p>\n<p>En el marco de las acciones para detener las agresiones de taxistas contra conductores de plataformas digitales, la Secretar\u00eda de Seguridad P\u00fablica de Benito Ju\u00e1rez logr\u00f3 la semana pasada la detenci\u00f3n de un trabajador del volante, que estar\u00eda vinculado en dos agresiones con arma blanca en contra trabajadores de una plataforma de transporte digital.<\/p>\n<p>El sujeto fue detenido por conducir a exceso de velocidad, poniendo en riesgo la seguridad de la ciudadan\u00eda.<\/p>\n<p>Tras el monitoreo de las c\u00e1maras de vigilancia del Complejo C5 fue posible el aseguramiento de esta persona que de acuerdo a sus antecedentes ya hab\u00eda sido denunciado en dos ocasiones, por alterar el orden p\u00fablico, portaci\u00f3n de arma blanca y agresi\u00f3n.<\/p>\n<p>A trav\u00e9s de los videos que se publicaron en redes sociales, se identific\u00f3 al sujeto, as\u00ed como al veh\u00edculo tipo Nissan y su n\u00famero de taxi, como uno de los presuntos responsables de agresiones en contra de conductores de plataformas digitales, por lo que fue turnado ante la Fiscal\u00eda General del Estado para el procedimiento correspondiente.<\/p>\n<p>Con estas acciones la Secretar\u00eda de Seguridad P\u00fablica de Quintana Roo refrenda su compromiso con la seguridad de la ciudadan\u00eda.<\/p>\n<p><em>Escr\u00edbame a mi mail: <a href=\"mailto:montanezaguilar@gmail.com\" target=\"_blank\" rel=\"noopener noreferrer\">montanezaguilar@gmail.com<\/a><\/em><\/p>\n","protected":false},"excerpt":{"rendered":"<p><span style=\"color: #005497;\"><strong>Jos\u00e9 Luis Monta\u00f1ez<\/strong><\/span><br \/>\n<br \/>\nPese a que los conductores de plataformas digitales est\u00e1n amparados para operar en Quintana Roo, las agresiones de taxistas y los abusos por sus tarifas excesivas es el pan nuestro de cada d\u00eda en Canc\u00fan y la Riviera Maya, pues se creen due\u00f1os de las calles, del aeropuerto internacional, de todos lados.<\/p>\n","protected":false},"author":3,"featured_media":580951,"comment_status":"open","ping_status":"open","sticky":false,"template":"","format":"standard","meta":{"_monsterinsights_skip_tracking":false,"_monsterinsights_sitenote_active":false,"_monsterinsights_sitenote_note":"","_monsterinsights_sitenote_category":0,"footnotes":""},"categories":[11622,25512],"tags":[47840,54579,43674],"class_list":["post-580890","post","type-post","status-publish","format-standard","has-post-thumbnail","hentry","category-jose-luis-montanez-aguilar","category-nacional-nacional","tag-derecho-de-replica","tag-jose-luis-montanez","tag-opinion"],"_links":{"self":[{"href":"https:\/\/www.diarioimagen.net\/index.php?rest_route=\/wp\/v2\/posts\/580890","targetHints":{"allow":["GET"]}}],"collection":[{"href":"https:\/\/www.diarioimagen.net\/index.php?rest_route=\/wp\/v2\/posts"}],"about":[{"href":"https:\/\/www.diarioimagen.net\/index.php?rest_route=\/wp\/v2\/types\/post"}],"author":[{"embeddable":true,"href":"https:\/\/www.diarioimagen.net\/index.php?rest_route=\/wp\/v2\/users\/3"}],"replies":[{"embeddable":true,"href":"https:\/\/www.diarioimagen.net\/index.php?rest_route=%2Fwp%2Fv2%2Fcomments&post=580890"}],"version-history":[{"count":0,"href":"https:\/\/www.diarioimagen.net\/index.php?rest_route=\/wp\/v2\/posts\/580890\/revisions"}],"wp:featuredmedia":[{"embeddable":true,"href":"https:\/\/www.diarioimagen.net\/index.php?rest_route=\/wp\/v2\/media\/580951"}],"wp:attachment":[{"href":"https:\/\/www.diarioimagen.net\/index.php?rest_route=%2Fwp%2Fv2%2Fmedia&parent=580890"}],"wp:term":[{"taxonomy":"category","embeddable":true,"href":"https:\/\/www.diarioimagen.net\/index.php?rest_route=%2Fwp%2Fv2%2Fcategories&post=580890"},{"taxonomy":"post_tag","embeddable":true,"href":"https:\/\/www.diarioimagen.net\/index.php?rest_route=%2Fwp%2Fv2%2Ftags&post=580890"}],"curies":[{"name":"wp","href":"https:\/\/api.w.org\/{rel}","templated":true}]}}