{"id":580896,"date":"2023-04-17T00:01:54","date_gmt":"2023-04-17T06:01:54","guid":{"rendered":"https:\/\/www.diarioimagen.net\/?p=580896"},"modified":"2023-04-17T01:58:52","modified_gmt":"2023-04-17T07:58:52","slug":"la-propuesta-a-la-ley-de-aviacion-civil-no-lleva-lo-del-cabotaje-para-que-lo-celebren-los-que-estaban-preocupados-por-eso-dijo-amlo","status":"publish","type":"post","link":"https:\/\/www.diarioimagen.net\/?p=580896","title":{"rendered":"\u201cLa propuesta a la Ley de Aviaci\u00f3n Civil no lleva lo del cabotaje, para que lo celebren los que estaban preocupados por eso\u201d, dijo AMLO"},"content":{"rendered":"<h2>De cinco estrellas<\/h2>\n<h5>Victoria Gonz\u00e1lez Prado<\/h5>\n<p>&nbsp;<\/p>\n<ul>\n<li><strong><em>Del 30 de agosto al 2 septiembre el <\/em>Sustainable &amp; Social Tourism Summit<em> en Le\u00f3n, Guanajuato<\/em><\/strong><\/li>\n<li><strong><em>Reanuda, <\/em>Viva Aerobus<em>, el vuelo de temporada Ixtapa Zihuatanejo-Monterrey<\/em><\/strong><\/li>\n<\/ul>\n<p>&nbsp;<\/p>\n<div id=\"attachment_580972\" style=\"width: 470px\" class=\"wp-caption aligncenter\"><a href=\"https:\/\/www.diarioimagen.net\/?attachment_id=580972\" rel=\"attachment wp-att-580972\"><img loading=\"lazy\" decoding=\"async\" aria-describedby=\"caption-attachment-580972\" class=\"size-full wp-image-580972\" src=\"https:\/\/www.diarioimagen.net\/wp-content\/uploads\/2023\/04\/turismo-5.jpg\" alt=\"\" width=\"460\" height=\"270\" \/><\/a><p id=\"caption-attachment-580972\" class=\"wp-caption-text\">AMLO, por fin dice que pensar\u00e1 mejor lo del cabotaje.<\/p><\/div>\n<p>&nbsp;<\/p>\n<p>Por fin se tom\u00f3 la decisi\u00f3n correcta y el presidente <strong>Andr\u00e9s Manuel L\u00f3pez Obrador<\/strong> no incluye en la Ley de Aviaci\u00f3n el cabotaje que tra\u00eda a las aerol\u00edneas mexicanas y otros organismos \u201cde cabeza\u201d.<\/p>\n<p>As\u00ed, el cabotaje a\u00e9reo se queda en el tintero, por lo menos en este gobierno. La propuesta del presidente <strong>Andr\u00e9s Manuel L\u00f3pez Obrador<\/strong> de permitir que aerol\u00edneas extranjeras realicen vuelos dentro de M\u00e9xico para incrementar la conectividad y competencia, bajar precios e impulsar operaciones en el Aeropuerto Internacional Felipe \u00c1ngeles (AIFA) ya no formar\u00e1 parte del paquete de modificaciones a las leyes de Aviaci\u00f3n Civil y de Aeropuertos que envi\u00f3 en diciembre pasado.<\/p>\n<p>\u201cLo que se envi\u00f3 o est\u00e1 por enviarse (propuestas de modificaciones a las leyes) ya no lleva lo del cabotaje, para que lo celebren los que estaban preocupados por eso\u201d, dijo el mandatario en su conferencia de prensa ma\u00f1anera.<\/p>\n<p>Con ese comentario, confirma la pausa, pero la verdad nada garantiza que no habr\u00e1 nuevo intento por incluir el cabotaje en alguna legislaci\u00f3n.<\/p>\n<p>El cabotaje no es opci\u00f3n y que hay que ir a las motivaciones: que los precios de los boletos bajen, que haya m\u00e1s conectividad regional especialmente en zonas deprimidas y que se ampl\u00eden las opciones para los pasajeros.<\/p>\n<p>Lo importante, es que pronto se recupere la Categor\u00eda 1 y se trabaje por no volver a perderla por no cumplir los compromisos que se tienen establecidos con los socios comerciales.<\/p>\n<p>\u2730\u2730\u2730\u2730\u2730 Tengo que regresar a la informaci\u00f3n derivada de la 47 versi\u00f3n del Tianguis Tur\u00edstico en la Ciudad de M\u00e9xico, donde se dieron a conocer pormenores de la s\u00e9ptima edici\u00f3n del <em>Sustainable &amp; Social Tourism Summit,<\/em> que tendr\u00e1 lugar en Le\u00f3n, Guanajuato del 30 de agosto al 2 septiembre.<\/p>\n<p><strong>Fernando Mandri Bellot<\/strong>, presidente del comit\u00e9 organizador<em>,<\/em> destac\u00f3 que por segundo a\u00f1o consecutivo, el <em>Summit, <\/em>se realizar\u00e1 en Le\u00f3n, Guanajuato, y en esta edici\u00f3n el tema central es \u201cIntegraci\u00f3n para la Colaboraci\u00f3n\u201d por lo que se continuar\u00e1n promoviendo alianzas entre los diversos organismos de los sectores gubernamental, privado y social, tanto nacional como internacional.<\/p>\n<p>En esta ocasi\u00f3n, el evento se desarrollar\u00e1 como din\u00e1mica basada en cuatro ejes y diversos sub-temas: eje turismo y medio ambiente con temas como cambio clim\u00e1tico, residuos pl\u00e1sticos, \u00e1reas protegidas, biodiversidad y turismo regenerativo.<\/p>\n<p>Eje Turismo Social: empleo digno, educaci\u00f3n y crisis vocacional por mencionar algunos. Eje turismo y sector primario, se evaluar\u00e1 la interacci\u00f3n de estas dos actividades, mediante la revisi\u00f3n de las cadenas productivas, la vitivinicultura, cocineras tradicionales, producci\u00f3n alimentaria sostenible entre otros aspectos.<\/p>\n<p>Eje turismo y cultura, se examinar\u00e1n aspectos como gesti\u00f3n sostenible del patrimonio, experiencias tur\u00edsticas, educaci\u00f3n y capacidad de carga entre otros. Y, se realizar\u00e1n cuatro talleres pr\u00e1cticos con temas relacionados a los ejes.<\/p>\n<p>Tambi\u00e9n se dio a conocer el lanzamiento de la convocatoria de la segunda edici\u00f3n del Premio al Turismo Sostenible y Social en Iberoam\u00e9rica, destacando que este a\u00f1o ser\u00e1n cuatro categor\u00edas que permitir\u00e1n participaci\u00f3n m\u00e1s equitativa entre todos los postulantes.<\/p>\n<p>Estas categor\u00edas son: sector p\u00fablico, empresas y corporativos nacionales o internacionales, micro, peque\u00f1as y medianas empresas y organizaciones de la sociedad civil. Dicha convocatoria estar\u00e1 abierta hasta el 30 de junio.<\/p>\n<p>En el marco del evento, se celebrar\u00e1<em> la Expo Summit,<\/em> con la participaci\u00f3n de proveedores y prestadores de servicios del sector tur\u00edstico y otros sectores paralelos para presentar productos y soluciones de negocio en temas relacionados con destinos sostenibles, tecnolog\u00eda, producci\u00f3n comunitaria local, etc\u00e9tera.<\/p>\n<p>El curso de capacitaci\u00f3n titulado: Turismo sostenible e interpretaci\u00f3n del patrimonio dirigido a Gu\u00edas de Turistas y a todos los interesados en actualizarse en ese tema.<\/p>\n<p><strong>Mandri<\/strong>, coment\u00f3 que este a\u00f1o, el <em>Sustainable &amp; Social Tourism Summit <\/em>sigue marcando tendencia en los temas globales relacionados con medio ambiente; a trav\u00e9s de trabajo en alianza con la Agencia de Cooperaci\u00f3n Alemana para el Desarrollo Sostenible (GIZ, por sus siglas en alem\u00e1n), se tendr\u00e1 actividades relacionadas con la disminuci\u00f3n de pl\u00e1sticos en el sector turismo.<\/p>\n<p>El <em>Summit 2023<\/em> ser\u00e1 la sede para que empresas de M\u00e9xico y de los ocho pa\u00edses de Centroam\u00e9rica se sumen a la Iniciativa Mundial sobre Turismo y Pl\u00e1sticos, esfuerzo liderado por la Organizaci\u00f3n Mundial de Turismo (OMT), Organizaci\u00f3n de Naciones Unidas, (ONU), Medio Ambiente y la Fundaci\u00f3n Ellen MacArthur.<\/p>\n<p>En su oportunidad, <strong>Juan Jos\u00e9 \u00c1lvarez Brunel<\/strong>, destac\u00f3: \u201ccontinuamos trabajando de manera decidida en la incorporaci\u00f3n de pr\u00e1cticas sustentables en el sector tur\u00edstico, por lo que eventos como el <em>Sustainable &amp; Social Tourism Summit<\/em> contribuyen al desarrollo sostenible de los destinos y empresas tur\u00edsticas de Guanajuato.<\/p>\n<p>Yazm\u00edn Quiroz L\u00f3pez, directora general de Hospitalidad y Turismo de Le\u00f3n, se congratul\u00f3 de que la segunda edici\u00f3n del evento se realice en la Ciudad de Le\u00f3n, Guanajuato, y destac\u00f3 la relevancia de la sustentabilidad en el desarrollo tur\u00edstico del destino.<\/p>\n<p>Por su parte, <strong>Lourdes Prieto<\/strong>, presidente ejecutiva del Consejo Nacional Empresarial Tur\u00edstico, (CNET) organismo aliado del <em>Summit,<\/em> resalt\u00f3 la relevancia que tiene el tema de sustentabilidad en las agendas nacionales e internacionales, lo que ha propiciado compromiso en el desarrollo del turismo bajo estos par\u00e1metros.<\/p>\n<p>En las seis ediciones anteriores, el <em>Summit<\/em> ha reunido a m\u00e1s de 3 mil 150 participantes, 250 conferencistas internacionales y nacionales. <em>Speakers <\/em>de m\u00e1s de 35 pa\u00edses de los cinco continentes y ha contado con la participaci\u00f3n de los 32 estados de la Rep\u00fablica Mexicana.<\/p>\n<p>\u2730\u2730\u2730\u2730\u2730 <strong>Walfred Castro<\/strong>, director Corporativo de Comunicaci\u00f3n y Relaciones P\u00fablicas de Viva Aerobus en compa\u00f1\u00eda del secretario de Turismo de Guerrero, <strong>Santos Ram\u00edrez Cuevas<\/strong>; del director del Fideicomiso de Turismo de Ixtapa Zihuatanejo, <strong>Pedro Castel\u00e1n Reyna<\/strong>; y el alcalde de Ixtapa Zihuatanejo, <strong>Jorge S\u00e1nchez Allec<\/strong>, anunci\u00f3 el regreso de la ruta de temporada Ixtapa Zihuatanejo\u2013Monterrey, misma que estar\u00e1 disponible durante julio y agosto con dos vuelos semanales (mi\u00e9rcoles y s\u00e1bado).<\/p>\n<p>De esta forma se impulsar\u00e1 el turismo en este destino para promocionar sus playas y contribuir a posicionarlas como destino bandera de M\u00e9xico.<\/p>\n<p>El vuelo Ixtapa Zihuatanejo\u2013Monterrey permitir\u00e1 a los pasajeros disfrutar al m\u00e1ximo del pr\u00f3ximo verano gracias a alternativa de vuelo que brinda la posibilidad de viajar en la flota m\u00e1s joven de M\u00e9xico, integrada por 70 modernas aeronaves <em>Airbus A320<\/em> y <em>A321<\/em>, a precios bajos. De esta manera, los pasajeros pueden ahorrar en su transporte y disponer de m\u00e1s recursos durante su viaje para beneficio de toda la cadena de valor del sector tur\u00edstico y de la derrama econ\u00f3mica local.<\/p>\n<p>&nbsp;<\/p>\n<blockquote>\n<p style=\"text-align: right;\">\u201c<strong>El<\/strong> <strong>\u00e1ngel de la fama tiene sus alas hechas de papel&#8230; peri\u00f3dico\u201d.<br \/>\n<\/strong><\/p>\n<\/blockquote>\n<p>&nbsp;<\/p>\n<p><em><span class=\"Apple-converted-space\"><a href=\"mailto:victoriagprado@gmail.com\" target=\"_blank\" rel=\"noopener noreferrer\">victoriagprado@gmail.com<\/a><br \/>\nTwitter: <a href=\"https:\/\/twitter.com\/victoriagprado\" target=\"_blank\" rel=\"noopener noreferrer\">@victoriagprado<\/a><\/span><\/em><\/p>\n","protected":false},"excerpt":{"rendered":"<p>Por fin se tom\u00f3 la decisi\u00f3n correcta y el presidente <strong>Andr\u00e9s Manuel L\u00f3pez Obrador<\/strong> no incluye en la Ley de Aviaci\u00f3n el cabotaje que tra\u00eda a las aerol\u00edneas mexicanas y otros organismos \u201cde cabeza\u201d.<\/p>\n","protected":false},"author":3,"featured_media":580972,"comment_status":"open","ping_status":"open","sticky":false,"template":"","format":"standard","meta":{"_monsterinsights_skip_tracking":false,"_monsterinsights_sitenote_active":false,"_monsterinsights_sitenote_note":"","_monsterinsights_sitenote_category":0,"footnotes":""},"categories":[11],"tags":[107,43674,43681,106],"class_list":["post-580896","post","type-post","status-publish","format-standard","has-post-thumbnail","hentry","category-turismo","tag-de-cinco-estrellas","tag-opinion","tag-turismo","tag-victoria-gonzalez-prado"],"_links":{"self":[{"href":"https:\/\/www.diarioimagen.net\/index.php?rest_route=\/wp\/v2\/posts\/580896","targetHints":{"allow":["GET"]}}],"collection":[{"href":"https:\/\/www.diarioimagen.net\/index.php?rest_route=\/wp\/v2\/posts"}],"about":[{"href":"https:\/\/www.diarioimagen.net\/index.php?rest_route=\/wp\/v2\/types\/post"}],"author":[{"embeddable":true,"href":"https:\/\/www.diarioimagen.net\/index.php?rest_route=\/wp\/v2\/users\/3"}],"replies":[{"embeddable":true,"href":"https:\/\/www.diarioimagen.net\/index.php?rest_route=%2Fwp%2Fv2%2Fcomments&post=580896"}],"version-history":[{"count":0,"href":"https:\/\/www.diarioimagen.net\/index.php?rest_route=\/wp\/v2\/posts\/580896\/revisions"}],"wp:featuredmedia":[{"embeddable":true,"href":"https:\/\/www.diarioimagen.net\/index.php?rest_route=\/wp\/v2\/media\/580972"}],"wp:attachment":[{"href":"https:\/\/www.diarioimagen.net\/index.php?rest_route=%2Fwp%2Fv2%2Fmedia&parent=580896"}],"wp:term":[{"taxonomy":"category","embeddable":true,"href":"https:\/\/www.diarioimagen.net\/index.php?rest_route=%2Fwp%2Fv2%2Fcategories&post=580896"},{"taxonomy":"post_tag","embeddable":true,"href":"https:\/\/www.diarioimagen.net\/index.php?rest_route=%2Fwp%2Fv2%2Ftags&post=580896"}],"curies":[{"name":"wp","href":"https:\/\/api.w.org\/{rel}","templated":true}]}}