{"id":580914,"date":"2023-04-17T00:04:30","date_gmt":"2023-04-17T06:04:30","guid":{"rendered":"https:\/\/www.diarioimagen.net\/?p=580914"},"modified":"2023-04-17T00:09:19","modified_gmt":"2023-04-17T06:09:19","slug":"sistema-de-salud-mejor-que-el-de-dinamarca","status":"publish","type":"post","link":"https:\/\/www.diarioimagen.net\/?p=580914","title":{"rendered":"Sistema de salud, mejor que el de Dinamarca"},"content":{"rendered":"<h2>Desde el portal<\/h2>\n<h5>\u00c1ngel Soriano<\/h5>\n<p>&nbsp;<\/p>\n<p>El presidente Andr\u00e9s Manuel L\u00f3pez Obrador afirm\u00f3 en Juchit\u00e1n que el sistema de salud de nuestro pa\u00eds no ser\u00e1 igual, sino mejor que el de Dinamarca, para lo cual se cuenta ya con infraestructura, equipo, medicamentos y se contratan especialistas \u2014jubilados del IMSS respetando su pensi\u00f3n y con sueldo \u00edntegro\u2014, para atender a la poblaci\u00f3n que m\u00e1s lo necesita.<\/p>\n<p>Qued\u00f3 de hacer la convocatoria correspondientes a los jubilados en una ma\u00f1anera, que seguramente ser\u00e1 ma\u00f1ana en el Pulso a la Salud, para que se reintegren al quir\u00f3fano, \u201cpues est\u00e1n chamacones\u201d, que siendo jubilados pueden reintegrarse percibiendo un sueldo de m\u00e9dico especialista y conservando su jubilaci\u00f3n.<\/p>\n<p>Dijo que esto se ha logrado gracias a que la adquisici\u00f3n de medicamentos se hace de manera directa, se han combatido las empresas fantasma de influyentes que s\u00f3lo facturaban sin contar con laboratorios intermediarios que obten\u00edan concesiones mediante presiones al gobierno, y robos al vender medicamentos poco eficaces o de mala calidad.<\/p>\n<p>Todo esto ha permitido grandes ahorros que har\u00e1n que se empleen para que los derechohabientes o poblaci\u00f3n abierta puedan contar con servicios m\u00e9dicos gratuitos y de gran calidad, mejor que el de Dinamarca, aunque \u2014reconoci\u00f3\u2014, ha sido criticado, pero es la realidad al eliminarse obst\u00e1culos burocr\u00e1ticos y corruptelas en el sector.<\/p>\n<p style=\"text-align: center;\"><strong>TURBULENCIAS<br \/>\nNo ser\u00e1 el nieto de Murat<\/strong><\/p>\n<p>En Oaxaca se considera que la autopista a la costa \u2014que lleva m\u00e1s de 15 a\u00f1os sin terminar\u2014 ser\u00e1 inaugurada por el nieto del ex gobernador Jos\u00e9 Murat, al paso que vamos; pero ahora el presidente Andr\u00e9s Manuel L\u00f3pez Obrador ofreci\u00f3 que ser\u00e1 este mismo a\u00f1o cuando se inaugure la autopista al Istmo de Tehuantepec que reducir\u00e1 el tiempo de traslado de 5 a 2.5 horas, lo cual detonar\u00e1 el desarrollo de la regi\u00f3n donde existen macroproyectos para conectar al mundo. L\u00f3pez Obrador rebas\u00f3 ya las 30 visitas a la entidad en lo que va de su sexenio\u2026Y en Juchit\u00e1n, donde record\u00f3 a los dirigentes de la COCEI, H\u00e9ctor S\u00e1nchez L\u00f3pez y Leopoldo de Gyves, actual embajador de M\u00e9xico en Venezuela, el tabasque\u00f1o rechaz\u00f3 la petici\u00f3n de los juchitecos que siga otros seis a\u00f1os. Dijo que es maderista y que cree en el sufragio efectivo no reelecci\u00f3n, adem\u00e1s de que toca el cambio generacional que garantiza la continuidad de la IV-Transformaci\u00f3n y, en el remoto caso de que volvieran los reaccionarias \u2014cuyo triunfo es moralmente imposible\u2014, se garantiza la vigencia de los programas sociales en beneficio de las clases m\u00e1s vulnerables. Record\u00f3 tambi\u00e9n su paso en el \u00c9xodo de la Democracia cuando reclamaba triunfos electorales en Tabasco, los juchitecos llevaron a los marchistas costales de totopo, camar\u00f3n y queso\u2026 El doctor Gustavo Reyes Ter\u00e1n, director de la Red de Hospitales de Alta Especialidad, una eminencia en medicina, fue reconocido como originario de la regi\u00f3n\u2026 Coincidi\u00f3 la visita a Oaxaca del presidente L\u00f3pez Obrador con la detenci\u00f3n en Tur\u00edn, Italia, del notario Jorge Merlo G\u00f3mez, implicado en el \u201cc\u00e1rtel del despojo\u201d, que durante dos d\u00e9cadas oper\u00f3 la apropiaci\u00f3n de valiosas propiedades abandonadas en el Centro Hist\u00f3rico de Oaxaca y en diversas regiones, aprovechando su puesto como director del Registro P\u00fablico de la Propiedad con el ahora presidente de la Fundaci\u00f3n Colosio del PRI, Jos\u00e9 Murat. Y esto es apenas el inicio de una serie de irregularidades fraguadas al amparo del otrora partidazo que permit\u00eda el saqueo con toda impunidad. Los tiempos cambiaron, pero algunos personajes siguen todav\u00eda vigentes y seguramente ser\u00e1n llamados a cuentas\u2026 Cumpli\u00f3 el Congreso de Oaxaca, que lidera Luis Alfonso Silva Romo (Morena) con cumplir la resoluci\u00f3n de la SCJN que fija nuevos l\u00edmites de Oaxaca con Los Chimalapas y reconoce bosques y selvas dentro de territorio oaxaque\u00f1o, que hist\u00f3ricamente les ha pertenecido.<\/p>\n<p><u><a href=\"mailto:asorianocarrasco@yahoo.com\" target=\"_blank\" rel=\"noopener noreferrer\"><em>asorianocarrasco@yahoo.com<\/em><\/a><br \/>\n<em><a href=\"https:\/\/revistabrecha.com\" target=\"_blank\" rel=\"noopener noreferrer\">www.revistabrecha.com<\/a><br \/>\n<\/em><\/u><em>facebook oficial <a href=\"https:\/\/es-la.facebook.com\/RevistaBrecha.Oficial\" target=\"_blank\" rel=\"noopener\">@BrechaRevista<\/a><\/em><\/p>\n","protected":false},"excerpt":{"rendered":"<p><span style=\"color: #005497;\"><strong>\u00c1ngel Soriano<\/strong><\/span><\/p>\n","protected":false},"author":3,"featured_media":0,"comment_status":"open","ping_status":"open","sticky":false,"template":"","format":"standard","meta":{"_monsterinsights_skip_tracking":false,"_monsterinsights_sitenote_active":false,"_monsterinsights_sitenote_note":"","_monsterinsights_sitenote_category":0,"footnotes":""},"categories":[135],"tags":[85,86,43674],"class_list":["post-580914","post","type-post","status-publish","format-standard","hentry","category-angel-soriano-opinion","tag-angel-soriano","tag-desde-el-portal","tag-opinion"],"_links":{"self":[{"href":"https:\/\/www.diarioimagen.net\/index.php?rest_route=\/wp\/v2\/posts\/580914","targetHints":{"allow":["GET"]}}],"collection":[{"href":"https:\/\/www.diarioimagen.net\/index.php?rest_route=\/wp\/v2\/posts"}],"about":[{"href":"https:\/\/www.diarioimagen.net\/index.php?rest_route=\/wp\/v2\/types\/post"}],"author":[{"embeddable":true,"href":"https:\/\/www.diarioimagen.net\/index.php?rest_route=\/wp\/v2\/users\/3"}],"replies":[{"embeddable":true,"href":"https:\/\/www.diarioimagen.net\/index.php?rest_route=%2Fwp%2Fv2%2Fcomments&post=580914"}],"version-history":[{"count":0,"href":"https:\/\/www.diarioimagen.net\/index.php?rest_route=\/wp\/v2\/posts\/580914\/revisions"}],"wp:attachment":[{"href":"https:\/\/www.diarioimagen.net\/index.php?rest_route=%2Fwp%2Fv2%2Fmedia&parent=580914"}],"wp:term":[{"taxonomy":"category","embeddable":true,"href":"https:\/\/www.diarioimagen.net\/index.php?rest_route=%2Fwp%2Fv2%2Fcategories&post=580914"},{"taxonomy":"post_tag","embeddable":true,"href":"https:\/\/www.diarioimagen.net\/index.php?rest_route=%2Fwp%2Fv2%2Ftags&post=580914"}],"curies":[{"name":"wp","href":"https:\/\/api.w.org\/{rel}","templated":true}]}}