{"id":580932,"date":"2023-04-17T00:10:39","date_gmt":"2023-04-17T06:10:39","guid":{"rendered":"https:\/\/www.diarioimagen.net\/?p=580932"},"modified":"2023-04-17T00:37:56","modified_gmt":"2023-04-17T06:37:56","slug":"trece-para-el-24","status":"publish","type":"post","link":"https:\/\/www.diarioimagen.net\/?p=580932","title":{"rendered":"Trece para el 24"},"content":{"rendered":"<h2>De frente y de perfil<\/h2>\n<h5>Ram\u00f3n Zurita Sahag\u00fan<\/h5>\n<p>&nbsp;<\/p>\n<p>Durante dos d\u00edas los integrantes de la alianza opositora celebrar\u00e1n un primer encuentro entre los principales aspirantes que buscan abanderar a ese posible frente en que participar\u00e1n algunos personajes del Frente C\u00edvico.<\/p>\n<p>Trece en total ser\u00e1n los exponentes, donde los ponentes y presentadores son, tal vez, personajes con mayor talento y presencia.<\/p>\n<p>Hablemos de los aspirantes, una serie variopinta de hombres y mujeres que cuentan con amplios expedientes pol\u00edticos, algunos de ellos sumamente cuestionados y otros sin posibilidades de abanderar a esa gran alianza con la que panistas, priistas, perredistas y miembros de la sociedad civil, conf\u00edan en derrotar a la maquinaria de Morena.<\/p>\n<p>De inicio, la convocatoria surge cuando la oposici\u00f3n parec\u00eda sumida en un letargo, del que apenas despierta y posiblemente sea demasiado tarde para ello.<\/p>\n<p>Han dejado correr el r\u00edo y ahora amenaza con ahogarlos, sin que consigan construir una presa para contenerlo.<\/p>\n<p>Ninguno de los pol\u00edticos que han alzado la mano para contender por la Presidencia de la Rep\u00fablica se advierte con el talante suficiente para enfrentar a la \u201ccorcholata\u201d que decida el gran elector de Morena.<\/p>\n<p>La mayor\u00eda de ellos son catalogados como perdedores en muchos de sus intentos por acercarse al poder pol\u00edtico y solamente uno de ellos se mantiene invicto: Juan Carlos Romero Hicks, un panista que sale avante en cuanta elecci\u00f3n participa, aunque su reducto es solamente Guanajuato, donde ha sido alcalde, gobernador, senador y diputado federal.<\/p>\n<p>Otros como Lilly T\u00e9llez y Miguel \u00c1ngel Mancera han ganado la \u00fanica elecci\u00f3n en la que compitieron y Jos\u00e9 \u00c1ngel Gurr\u00eda y Gustavo de Hoyos, nunca han concurrido a las urnas como candidatos.<\/p>\n<p>Eso s\u00ed, Beatriz Paredes con amplio expediente pol\u00edtico, donde ha sido varias veces senadora, otras m\u00e1s diputada federal, local, gobernadora, embajadora y subsecretaria del gobierno federal, acumula tres derrotas consecutivas en su intentona por ser jefa de Gobierno de la capital del pa\u00eds.<\/p>\n<p>Claudia Ruiz fue a las urnas una vez y fue vencida en su pretensi\u00f3n primera por ser senadora y se le responsabiliza del fracaso priista en 2018, donde ella actu\u00f3 como secretaria general del CEN del PRI.<\/p>\n<p>Otros m\u00e1s como Santiago Creel intentaron en un par de ocasiones ser candidato presidencial del PAN y fracas\u00f3 en ambas, al igual que en su aventura por el gobierno capitalino.<\/p>\n<p>Enrique de la Madrid fue una vez a las urnas y perdi\u00f3 en la delegaci\u00f3n \u00c1lvaro Obreg\u00f3n.<\/p>\n<p>Demetrio Sodi gana unas y pierde otras, al igual que Silvano Aureoles.<\/p>\n<p>Hay personajes sumamente impresentables como el propio Silvano y Francisco Javier Garc\u00eda Cabeza de Vaca.<\/p>\n<p>De este mazacote se pretende sacar al candidato presidencial que habr\u00eda de enfrentar en las urnas a la corcholata preferida de Morena.<\/p>\n<p>En estas conferencias se abordar\u00e1n temas varios, pero todos enfocados a un gobierno de coalici\u00f3n como son Gobierno de Coalici\u00f3n y Cambio de R\u00e9gimen; Gobierno de Coalici\u00f3n con Perspectiva Constitucional; pol\u00edtica Econ\u00f3mica en Gobierno de Coalici\u00f3n y Pol\u00edtica de Seguridad P\u00fablica en Gobierno de Coalici\u00f3n.<\/p>\n<p>Los ponentes ser\u00e1n Jos\u00e9 Ram\u00f3n Coss\u00edo, Diego Valad\u00e9s, Luis Carlos Ugalde, Guillermo Vald\u00e9s Castellanos y Macario Schettino.<\/p>\n<p>Veremos qu\u00e9 resulta de este encuentro y si ah\u00ed se comienza a delinear el candidato o la candidata opositora y quienes son, simplemente, dejados de lado en esta carrera presidencial.<\/p>\n<p style=\"text-align: center;\"><strong>*****<\/strong><\/p>\n<p>Mucha actividad tuvieron los prospectos presidenciales de Morena durante el fin de semana: El viernes, Ricardo Monreal estuvo en Veracruz; el s\u00e1bado le toc\u00f3 a Claudia Sheinbaum ir por tierras veracruzanas (Coatzacoalcos) y Ad\u00e1n Augusto L\u00f3pez muy cerquita de ah\u00ed en Minatitl\u00e1n y Acayucan, mientras que Marcelo Ebrard prefiri\u00f3 el estado de Puebla\u2026 Nuevamente la sangre se riega en Guanajuato, donde sicarios atacaron un balneario y asesinaron a siete personas.<\/p>\n<p><a href=\"mailto:ramonzurita44@hotmail.com\" target=\"_blank\" rel=\"noopener noreferrer\"><em>ramonzurita44@hotmail.com<\/em><\/a><\/p>\n","protected":false},"excerpt":{"rendered":"<p><span style=\"color: #005497;\"><strong>Ram\u00f3n Zurita Sahag\u00fan<\/strong><\/span><\/p>\n","protected":false},"author":3,"featured_media":0,"comment_status":"open","ping_status":"open","sticky":false,"template":"","format":"standard","meta":{"_monsterinsights_skip_tracking":false,"_monsterinsights_sitenote_active":false,"_monsterinsights_sitenote_note":"","_monsterinsights_sitenote_category":0,"footnotes":""},"categories":[234],"tags":[304,43674,43687],"class_list":["post-580932","post","type-post","status-publish","format-standard","hentry","category-ramon-zurita-sahagun","tag-de-frente-y-de-perfil","tag-opinion","tag-ramon-zurita-sahagun"],"_links":{"self":[{"href":"https:\/\/www.diarioimagen.net\/index.php?rest_route=\/wp\/v2\/posts\/580932","targetHints":{"allow":["GET"]}}],"collection":[{"href":"https:\/\/www.diarioimagen.net\/index.php?rest_route=\/wp\/v2\/posts"}],"about":[{"href":"https:\/\/www.diarioimagen.net\/index.php?rest_route=\/wp\/v2\/types\/post"}],"author":[{"embeddable":true,"href":"https:\/\/www.diarioimagen.net\/index.php?rest_route=\/wp\/v2\/users\/3"}],"replies":[{"embeddable":true,"href":"https:\/\/www.diarioimagen.net\/index.php?rest_route=%2Fwp%2Fv2%2Fcomments&post=580932"}],"version-history":[{"count":0,"href":"https:\/\/www.diarioimagen.net\/index.php?rest_route=\/wp\/v2\/posts\/580932\/revisions"}],"wp:attachment":[{"href":"https:\/\/www.diarioimagen.net\/index.php?rest_route=%2Fwp%2Fv2%2Fmedia&parent=580932"}],"wp:term":[{"taxonomy":"category","embeddable":true,"href":"https:\/\/www.diarioimagen.net\/index.php?rest_route=%2Fwp%2Fv2%2Fcategories&post=580932"},{"taxonomy":"post_tag","embeddable":true,"href":"https:\/\/www.diarioimagen.net\/index.php?rest_route=%2Fwp%2Fv2%2Ftags&post=580932"}],"curies":[{"name":"wp","href":"https:\/\/api.w.org\/{rel}","templated":true}]}}