{"id":580998,"date":"2023-04-18T00:06:41","date_gmt":"2023-04-18T06:06:41","guid":{"rendered":"https:\/\/www.diarioimagen.net\/?p=580998"},"modified":"2023-04-18T23:48:01","modified_gmt":"2023-04-19T05:48:01","slug":"recoleccion-de-pet-y-taparroscas-de-plastico-un-compromiso-ambiental-de-la-uaemex-cebd","status":"publish","type":"post","link":"https:\/\/www.diarioimagen.net\/?p=580998","title":{"rendered":"Recolecci\u00f3n de PET y taparroscas de pl\u00e1stico, un compromiso ambiental de la UAEM\u00e9x: CEBD"},"content":{"rendered":"<p>&nbsp;<\/p>\n<ul>\n<li><strong><em>Las botellas de PET que recolecte la comunidad universitaria durante la campa\u00f1a ser\u00e1n intercambiadas por paneles solares<\/em><\/strong><\/li>\n<\/ul>\n<p>&nbsp;<\/p>\n<div id=\"attachment_581079\" style=\"width: 470px\" class=\"wp-caption aligncenter\"><a href=\"https:\/\/www.diarioimagen.net\/?attachment_id=581079\" rel=\"attachment wp-att-581079\"><img loading=\"lazy\" decoding=\"async\" aria-describedby=\"caption-attachment-581079\" class=\"size-full wp-image-581079\" src=\"https:\/\/www.diarioimagen.net\/wp-content\/uploads\/2023\/04\/uaem-recoleccion.jpg\" alt=\"\" width=\"460\" height=\"270\" \/><\/a><p id=\"caption-attachment-581079\" class=\"wp-caption-text\">La Campa\u00f1a Universitaria de Acopio de Envases PET y Taparroscas de Pl\u00e1stico que impulsa la UAEM\u00e9x estar\u00e1 vigente hasta el 7 de junio.<\/p><\/div>\n<p>&nbsp;<\/p>\n<p><strong>Toluca, Estado de M\u00e9xico<\/strong>.\u2013 Refrendando el compromiso con el cuidado del medio ambiente, el desarrollo sostenible y sustentable con funci\u00f3n social, el rector de la Universidad Aut\u00f3noma del Estado de M\u00e9xico (UAEM\u00e9x), Carlos Eduardo Barrera D\u00edaz, encabez\u00f3 el arranque de la tercera etapa de la Campa\u00f1a Universitaria de Acopio de Envases PET y Taparroscas de Pl\u00e1stico que estar\u00e1 vigente hasta el 7 de junio.<\/p>\n<p>En el Patio del Centenario del Edificio de Rector\u00eda, Barrera D\u00edaz alent\u00f3 a las y los integrantes de la comunidad universitaria a seguir participando en esta campa\u00f1a verde que calific\u00f3 de exitosa, ya que a un a\u00f1o de implementarse tiene impacto en el adecuado acopio de residuos s\u00f3lidos, la reducci\u00f3n de la huella de carbono, la funci\u00f3n social de apoyar a poblaci\u00f3n vulnerable y, sobre todo, a construir una cultura ambiental con perspectiva sostenible y sustentable.<\/p>\n<p>\u201cCon esta iniciativa, que empezamos hace un a\u00f1o, la verdad nos ha ido muy bien. La universidad ha juntado m\u00e1s de 67 mil kilogramos, que es lo equivalente a m\u00e1s de 7 millones de botellas\u201d, indic\u00f3.<\/p>\n<p>Barrera D\u00edaz refiri\u00f3 que las botellas PET que se acopien ser\u00e1n intercambiadas nuevamente por paneles solares que se instalar\u00e1n en los espacios universitarios.<\/p>\n<p>El rector record\u00f3 que a un a\u00f1o de los resultados de la implementaci\u00f3n de la campa\u00f1a, los planteles de la Escuela Preparatoria de la UAEM\u00e9x \u201cLic. Adolfo L\u00f3pez Mateos\u201d e \u201cIgnacio Ram\u00edrez Calzada\u201d, ambos, en Toluca; \u201cSor Juana In\u00e9s de la Cruz\u201d, en Amecameca; \u201cDr. Pablo Gonz\u00e1lez Casanova\u201d, en Tenancingo; \u201cTexcoco\u201d, en Texcoco, y la Facultad de Contadur\u00eda y Administraci\u00f3n -Campus \u201cLos Uribe\u201d- ya cuentan con paneles solares en funcionamiento, reduciendo el gasto de energ\u00eda el\u00e9ctrica convencional y con ello, disminuyendo la huella de carbono.<\/p>\n<p>Durante el acto, en el que estuvo presente el gabinete universitario, integrantes de las diferentes secretar\u00edas y direcciones que conforman la administraci\u00f3n central de la Aut\u00f3noma mexiquense realizaron un dep\u00f3sito simb\u00f3lico en contenedores de los envases de pl\u00e1stico y taparroscas de pl\u00e1stico que han recolectado.<\/p>\n<p>La Campa\u00f1a Universitaria de Acopio de Envases PET y Taparroscas de Pl\u00e1stico estar\u00e1 vigente hasta el 7 de junio y el acopio de los residuos en cada espacio universitario, por parte de la empresa DIBASA, se har\u00e1 de manera calendarizada.<\/p>\n","protected":false},"excerpt":{"rendered":"<p>Refrendando el compromiso con el cuidado del medio ambiente, el desarrollo sostenible y sustentable con funci\u00f3n social, el rector de la Universidad Aut\u00f3noma del Estado de M\u00e9xico (UAEM\u00e9x), Carlos Eduardo Barrera D\u00edaz, encabez\u00f3 el arranque de la tercera etapa de la Campa\u00f1a Universitaria de Acopio de Envases PET y Taparroscas de Pl\u00e1stico que estar\u00e1 vigente hasta el 7 de junio.<\/p>\n","protected":false},"author":3,"featured_media":581079,"comment_status":"open","ping_status":"open","sticky":false,"template":"","format":"standard","meta":{"_monsterinsights_skip_tracking":false,"_monsterinsights_sitenote_active":false,"_monsterinsights_sitenote_note":"","_monsterinsights_sitenote_category":0,"footnotes":""},"categories":[5],"tags":[15135,43675,89291,452],"class_list":["post-580998","post","type-post","status-publish","format-standard","has-post-thumbnail","hentry","category-estado-de-mexico","tag-compromiso","tag-estado-de-mexico","tag-plastico","tag-toluca"],"_links":{"self":[{"href":"https:\/\/www.diarioimagen.net\/index.php?rest_route=\/wp\/v2\/posts\/580998","targetHints":{"allow":["GET"]}}],"collection":[{"href":"https:\/\/www.diarioimagen.net\/index.php?rest_route=\/wp\/v2\/posts"}],"about":[{"href":"https:\/\/www.diarioimagen.net\/index.php?rest_route=\/wp\/v2\/types\/post"}],"author":[{"embeddable":true,"href":"https:\/\/www.diarioimagen.net\/index.php?rest_route=\/wp\/v2\/users\/3"}],"replies":[{"embeddable":true,"href":"https:\/\/www.diarioimagen.net\/index.php?rest_route=%2Fwp%2Fv2%2Fcomments&post=580998"}],"version-history":[{"count":0,"href":"https:\/\/www.diarioimagen.net\/index.php?rest_route=\/wp\/v2\/posts\/580998\/revisions"}],"wp:featuredmedia":[{"embeddable":true,"href":"https:\/\/www.diarioimagen.net\/index.php?rest_route=\/wp\/v2\/media\/581079"}],"wp:attachment":[{"href":"https:\/\/www.diarioimagen.net\/index.php?rest_route=%2Fwp%2Fv2%2Fmedia&parent=580998"}],"wp:term":[{"taxonomy":"category","embeddable":true,"href":"https:\/\/www.diarioimagen.net\/index.php?rest_route=%2Fwp%2Fv2%2Fcategories&post=580998"},{"taxonomy":"post_tag","embeddable":true,"href":"https:\/\/www.diarioimagen.net\/index.php?rest_route=%2Fwp%2Fv2%2Ftags&post=580998"}],"curies":[{"name":"wp","href":"https:\/\/api.w.org\/{rel}","templated":true}]}}