{"id":581004,"date":"2023-04-18T00:02:47","date_gmt":"2023-04-18T06:02:47","guid":{"rendered":"https:\/\/www.diarioimagen.net\/?p=581004"},"modified":"2023-04-18T23:49:02","modified_gmt":"2023-04-19T05:49:02","slug":"con-el-regreso-a-clases-arranca-sep-campana-contra-las-adicciones","status":"publish","type":"post","link":"https:\/\/www.diarioimagen.net\/?p=581004","title":{"rendered":"Con el regreso a clases, arranca SEP campa\u00f1a contra las adicciones"},"content":{"rendered":"<p>&nbsp;<\/p>\n<ul>\n<li><em><strong>Dirigida a alumnos de educaci\u00f3n b\u00e1sica y media superior<\/strong><\/em><\/li>\n<\/ul>\n<p>&nbsp;<\/p>\n<div id=\"attachment_581081\" style=\"width: 470px\" class=\"wp-caption aligncenter\"><a href=\"https:\/\/www.diarioimagen.net\/?attachment_id=581081\" rel=\"attachment wp-att-581081\"><img loading=\"lazy\" decoding=\"async\" aria-describedby=\"caption-attachment-581081\" class=\"size-full wp-image-581081\" src=\"https:\/\/www.diarioimagen.net\/wp-content\/uploads\/2023\/04\/sep-drogas.jpg\" alt=\"\" width=\"460\" height=\"270\" \/><\/a><p id=\"caption-attachment-581081\" class=\"wp-caption-text\">La SEP arranc\u00f3 este lunes la estrategia de prevenci\u00f3n de adicciones en niveles b\u00e1sico y medio superior.<\/p><\/div>\n<p>&nbsp;<\/p>\n<p>Luego del periodo vacacional de Semana Santa, alumnos de educaci\u00f3n b\u00e1sica y media superior regresaron a las aulas y, con ello, comenz\u00f3 la estrategia \u201cPrevenci\u00f3n de adicciones. Si te drogas, te da\u00f1as\u201d, implementada por la Secretar\u00eda de Educaci\u00f3n P\u00fablica (SEP).<\/p>\n<p>La estrategia de prevenci\u00f3n a las drogas se implement\u00f3 en las 40 mil 963 secundarias del pa\u00eds para alrededor de de 6 millones 305 mil 36 estudiantes, atendidos por 405 mil 361 docentes en las modalidades: comunitarias, telesecundarias, secundarias para trabajadores, privadas, generales p\u00fablicas y secundarias t\u00e9cnicas.<\/p>\n<p>Adem\u00e1s, en los 21 mil 346 planteles p\u00fablicos y particulares de Educaci\u00f3n Media Superior, con matr\u00edcula de 5 millones 230 mil 594 alumnos, inform\u00f3 la SEP.<\/p>\n<p>La campa\u00f1a preventiva Si te drogas, te da\u00f1as, cuenta con una estrategia para que, desde las aulas, se informe a los alumnos sobre las consecuencias del consumo de drogas, particularmente del fentanilo, metanfetaminas, cannabis, alcohol, tabaco, benzodiacepinas y vapeadores. Los docentes tendr\u00e1n acceso a carteles, videos y se les brindar\u00e1 acompa\u00f1amiento especializado para que puedan cumplir con esta labor.<\/p>\n<p>Los planteles de secundaria y bachillerato obtendr\u00e1n una gu\u00eda para docentes, materiales impresos, infograf\u00edas, audiovisuales y recursos gr\u00e1ficos para inhibir el consumo de sustancias t\u00f3xicas. Adem\u00e1s, incluye spots de 30 a 60 segundos que ser\u00e1n difundidos en medios de comunicaci\u00f3n y redes sociales.<\/p>\n<p>Las pl\u00e1ticas se impartir\u00e1n con al menos tres intervenciones semanales, de 10 a 15 minutos cada una, en las que docentes expondr\u00e1n a los alumnos cu\u00e1les son los da\u00f1os a la salud que ocasiona el consumo de sustancias como el fentanilo.<\/p>\n<p>Las sesiones tendr\u00e1n lugar dentro de las asignaturas de Formaci\u00f3n C\u00edvica y \u00c9tica; Biolog\u00eda y Vida Saludable, en las secundarias de jornada regular y horario extendido, as\u00ed como en las asignaturas de Ciencias de nivel bachillerato, o en cualquier otra asignatura, ya que es considerado un tema transversal y prioritario del sector.<\/p>\n<p>La SEP confirm\u00f3 que la conclusi\u00f3n de clases para los alumnos de educaci\u00f3n b\u00e1sica ser\u00e1 el pr\u00f3ximo 19 de julio, y el fin del ciclo escolar 2022-2023, el 26 de julio de 2023, para dar inicio a las vacaciones de verano.<\/p>\n","protected":false},"excerpt":{"rendered":"<p>Luego del periodo vacacional de Semana Santa, alumnos de educaci\u00f3n b\u00e1sica y media superior regresaron a las aulas y, con ello, comenz\u00f3 la estrategia \u201cPrevenci\u00f3n de adicciones. Si te drogas, te da\u00f1as\u201d, implementada por la Secretar\u00eda de Educaci\u00f3n P\u00fablica (SEP).<\/p>\n","protected":false},"author":3,"featured_media":581081,"comment_status":"open","ping_status":"open","sticky":false,"template":"","format":"standard","meta":{"_monsterinsights_skip_tracking":false,"_monsterinsights_sitenote_active":false,"_monsterinsights_sitenote_note":"","_monsterinsights_sitenote_category":0,"footnotes":""},"categories":[3],"tags":[6986,95454,43673,459],"class_list":["post-581004","post","type-post","status-publish","format-standard","has-post-thumbnail","hentry","category-nacional","tag-adicciones","tag-fentanilo","tag-nacional","tag-sep"],"_links":{"self":[{"href":"https:\/\/www.diarioimagen.net\/index.php?rest_route=\/wp\/v2\/posts\/581004","targetHints":{"allow":["GET"]}}],"collection":[{"href":"https:\/\/www.diarioimagen.net\/index.php?rest_route=\/wp\/v2\/posts"}],"about":[{"href":"https:\/\/www.diarioimagen.net\/index.php?rest_route=\/wp\/v2\/types\/post"}],"author":[{"embeddable":true,"href":"https:\/\/www.diarioimagen.net\/index.php?rest_route=\/wp\/v2\/users\/3"}],"replies":[{"embeddable":true,"href":"https:\/\/www.diarioimagen.net\/index.php?rest_route=%2Fwp%2Fv2%2Fcomments&post=581004"}],"version-history":[{"count":0,"href":"https:\/\/www.diarioimagen.net\/index.php?rest_route=\/wp\/v2\/posts\/581004\/revisions"}],"wp:featuredmedia":[{"embeddable":true,"href":"https:\/\/www.diarioimagen.net\/index.php?rest_route=\/wp\/v2\/media\/581081"}],"wp:attachment":[{"href":"https:\/\/www.diarioimagen.net\/index.php?rest_route=%2Fwp%2Fv2%2Fmedia&parent=581004"}],"wp:term":[{"taxonomy":"category","embeddable":true,"href":"https:\/\/www.diarioimagen.net\/index.php?rest_route=%2Fwp%2Fv2%2Fcategories&post=581004"},{"taxonomy":"post_tag","embeddable":true,"href":"https:\/\/www.diarioimagen.net\/index.php?rest_route=%2Fwp%2Fv2%2Ftags&post=581004"}],"curies":[{"name":"wp","href":"https:\/\/api.w.org\/{rel}","templated":true}]}}