{"id":581037,"date":"2023-04-18T00:02:27","date_gmt":"2023-04-18T06:02:27","guid":{"rendered":"https:\/\/www.diarioimagen.net\/?p=581037"},"modified":"2023-04-17T23:45:28","modified_gmt":"2023-04-18T05:45:28","slug":"arturo-zaldivar-y-yasmin-esquivel-pagan-favores-de-palacio-nacional","status":"publish","type":"post","link":"https:\/\/www.diarioimagen.net\/?p=581037","title":{"rendered":"Arturo Zald\u00edvar y Yasm\u00edn Esquivel pagan favores de Palacio Nacional"},"content":{"rendered":"<h2>La Retaguardia<\/h2>\n<h5>Adriana Moreno Cordero<em>\u00a0<\/em><\/h5>\n<p>&nbsp;<\/p>\n<p>Ayer, en la Suprema Corte de Justicia de la Naci\u00f3n se pudo ver qu\u00e9 ministros son fieles aliados ni m\u00e1s ni menos que del presidente <strong>Andr\u00e9s Manuel L\u00f3pez Obrador<\/strong> y desde luego, no caus\u00f3 tanta sorpresa que los ministros <strong>Arturo Zald\u00edvar<\/strong> y la se\u00f1ora \u201ccachirula\u201d, <strong>Yasm\u00edn Esquivel Mossa<\/strong>, hayan dado a conocer su querencia y lo hicieron, porque con ello, pagan los favores que han recibido de Palacio Nacional.<\/p>\n<p>Primero, al iniciarse la discusi\u00f3n respecto a que la Guardia Nacional no dependa de la Secretar\u00eda de la Defensa Nacional, proyecto presentado por el ministro <strong>Juan<\/strong> <strong>Luis Alc\u00e1ntara Carranc\u00e1<\/strong>, los dos ministros se\u00f1alados dedicaron buena parte de la sesi\u00f3n a defender la participaci\u00f3n militar en tareas de seguridad p\u00fablica. Se nota que tra\u00edan l\u00ednea directa de Palacio Nacional, pues como se recordar\u00e1, recientemente el Presidente coment\u00f3 en su gustad\u00edsimo \u201cstand-up\u201d ma\u00f1anero que se trataba de un error garrafal invalidar la transferencia de la Guardia Nacional a la Sedena.<\/p>\n<p>No dej\u00f3 de llamar la atenci\u00f3n que el ministro Zald\u00edvar, ex presidente de la SCJN, adoptara as\u00ed sin m\u00e1s, el tan llevado y tra\u00eddo discurso del que ha hecho gala el presidente L\u00f3pez Obrador en el que para todo, cita al pasado cuando en el tramo final de su gesti\u00f3n, no ha podido hacer nada para resolver precisamente los errores de pasadas administraciones.<\/p>\n<p>En un tono verdaderamente encendido, el ministro Zald\u00edvar defendi\u00f3 la postura esgrimida por L\u00f3pez Obrador al se\u00f1alar que la Guardia Nacional no se militariza ni se pierde su naturaleza civil porque finalmente la Sedena depende del presidente de la Rep\u00fablica, que ocupa un civil.<\/p>\n<p>As\u00ed, imbuido en la t\u00f3nica lopezobradorista, Arturo Zald\u00edvar ech\u00f3 mano, ni m\u00e1s ni menos que de los villanos favoritos del inquilino de Palacio Nacional<strong>, Genaro Garc\u00eda Luna<\/strong> y el ex presidente <strong>Felipe Calder\u00f3n<\/strong>, gracias a quien, -por cierto-, Zald\u00edvar lleg\u00f3 a la Suprema Corte o, \u00bfya se le habr\u00e1 olvidado?<\/p>\n<p>Lo que vino despu\u00e9s en el caso del ex presidente del m\u00e1ximo tribunal de la Naci\u00f3n, es que\u00a0 a la llegada de L\u00f3pez Obrador a la Presidencia de la Rep\u00fablica, se volvi\u00f3 su incondicional, supedit\u00e1ndose a los caprichos del tabasque\u00f1o, sin importarle el cuestionable papel que hac\u00eda; tan deplorable que ya se comenta en los c\u00edrculos del Poder Judicial, que el ex presidente de la SCJN, se ha vuelto un \u201cpol\u00edtico con toga\u201d, en la b\u00fasqueda afanosa de tener un lugar importante en esta errada y llamada Cuarta Transformaci\u00f3n. \u00bfSer\u00e1?<\/p>\n<p>Respecto a la ministra \u201ccachirula\u201d, pues sin duda es la que m\u00e1s le debe a L\u00f3pez Obrador, quien utiliz\u00f3 cualquier cantidad de \u201ccortinas\u201d para tapar que hubiera plagiado tesis en dos ocasiones. Gracias al de Tepetit\u00e1n, la esposa del constructor consentido de esta errada y llamada Cuarta Transformaci\u00f3n, contin\u00faa con un lugar en la SCJN.<\/p>\n<p>Por su parte, la se\u00f1ora Esquivel de Riobb\u00f3, entre otras cuestiones, se\u00f1al\u00f3 que en todo caso, el control y la elaboraci\u00f3n de la estrategia de seguridad depende de la secretar\u00eda de Protecci\u00f3n Ciudadana, que es una entidad civil.<\/p>\n<p>A juicio de los especialistas, este es uno de los asuntos m\u00e1s importantes que ha resuelto la Corte: La naturaleza de las funciones de seguridad p\u00fablica y la discusi\u00f3n gir\u00f3 en torno a que se requer\u00eda una Guardia Nacional de car\u00e1cter civil y esta fue pospuesta porque tanto el ministro Zald\u00edvar como Yazm\u00edn Esquivel se acabaron el tiempo.<\/p>\n<p>De alguna manera en ese mismo orden de ideas, otro ministro ex presidente de la Suprema Corte de Justicia de la Naci\u00f3n, <strong>Luis Mar\u00eda Aguilar<\/strong>, invalid\u00f3 la posibilidad de que los militares puedan interceptar comunicaciones de civiles sin la autorizaci\u00f3n de un Juez de Control del fuero civil.<\/p>\n<p>Indic\u00f3 el ministro Aguilar que a pesar de que el c\u00f3digo militar impugnado refiere algunos controles para ejercer estas intervenciones, no son claras ni suficientes. Agreg\u00f3 que lejos de generar certeza, causa incertidumbre en relaci\u00f3n con cu\u00e1l es el l\u00edmite de esta atribuci\u00f3n, dado que solamente se menciona la causa por la que puede ejercerse y no se especifica\u00a0 ni la materia ni sobre qui\u00e9n o qui\u00e9nes puede llevarse a cabo.<\/p>\n<p>Hay que recordar que el ministro Luis Mar\u00eda Aguilar era presidente de la SCJN, cuando el presidente L\u00f3pez Obrador lleg\u00f3 a la Presidencia de la Rep\u00fablica y por todos los medios a su alcance, el tabasque\u00f1o le hizo sentir que no era de su agrado, as\u00ed como otros ministros y jueces que al paso del tiempo, han sido objeto de directos y rudos ataques por parte del tabasque\u00f1o porque no se someten a sus caprichos.<\/p>\n<p style=\"text-align: center;\"><strong>Municiones<\/strong><\/p>\n<p>*** El consejero electoral <strong>Uuk-Kib Espadas<\/strong> dio a conocer los lineamientos del Instituto Nacional Electoral (INE) referentes a los derechos democr\u00e1ticos de m\u00e1s de 24 millones de mexicanos y mexicanas, a quienes el Estado reconoce como ind\u00edgenas, raz\u00f3n por la cual, en los municipios y distritos electorales con m\u00e1s del 40 por ciento de autoadscripci\u00f3n deber\u00e1n de tener ra\u00edces de la raza madre, por ello, s\u00f3lo tres estados del pa\u00eds podr\u00e1n registrar candidaturas con gente proveniente de los pueblos originarios y estos son: Chiapas, Oaxaca y Yucat\u00e1n.<\/p>\n<p>*** Como atribuci\u00f3n abusiva y prepotente juzg\u00f3 L\u00f3pez Obrador el que la DEA se hubiera infiltrado en el cartel de los \u201cChapitos\u201d. \u201c\u00a1C\u00f3mo nos van a estar espiando!\u201d, dijo visiblemente molesto el tabasque\u00f1o y eso deriv\u00f3, entre otras circunstancias, que el embajador de Estados Unidos en nuestro pa\u00eds, <strong>Ken Salazar<\/strong>, visitara Palacio Nacional. Pero el diplom\u00e1tico sali\u00f3 con cara larga y no quiso hablar con los reporteros que pacientemente lo esperaron en la calle de Corregidora. Ya desde hace un buen tiempo, el embajador Salazar dej\u00f3 de ser el visitante VIP de Palacio Nacional y la relaci\u00f3n entre M\u00e9xico y Estados Unidos se ha tensado peligrosamente por el tema del fentanilo, en el que L\u00f3pez Obrador asegura que no se produce en M\u00e9xico. \u00bfSer\u00e1? Lo que no hay que soslayar, es que lo que busca el gobierno de Washington, es la manera en que <strong>Ovidio Guzm\u00e1n<\/strong> finalmente se vaya para Estados Unidos y una pregunta\u00a0 no sobra: \u00bfser\u00e1 que el tabasque\u00f1o quiere seguir protegiendo al C\u00e1rtel de Sinaloa?<\/p>\n<p>***\u00a0 El secretario de Gobernaci\u00f3n, <strong>Ad\u00e1n Augusto L\u00f3pez<\/strong>; la del Trabajo, <strong>Luisa Mar\u00eda Alcalde<\/strong> y el vocero presidencial, Jes\u00fas Ram\u00edrez Cuevas, se reunieron con trabajadores de Notimex, ahora que se anunci\u00f3 que dicha agencia se acabar\u00eda. Por parte de Notimex estuvieron la secretaria general del Sindicato, <strong>Adriana Urrea, H\u00e9ctor Col\u00f3n<\/strong> y <strong>Jos\u00e9 Salvador Rodr\u00edguez<\/strong>. Las autoridades ofrecieron liquidaci\u00f3n conforme lo establece la Ley Federal del Trabajo. La posici\u00f3n de los trabajadores de Notimex es que se oponen al cierre de la agencia. Lo que sigue es el di\u00e1logo buscando la salida al conflicto, \u201cporque para nosotros es importante mantener nuestra fuente de empleo\u201d, dijo Urrea, quien agreg\u00f3 que hay buena voluntad al di\u00e1logo para mantener la garant\u00eda de los derechos laborales de los trabajadores de Notimex.<\/p>\n<p><u><a href=\"mailto:morcora@gmail.com\" target=\"_blank\" rel=\"noopener noreferrer\"><em>morcora@gmail.com<\/em><\/a><\/u><\/p>\n","protected":false},"excerpt":{"rendered":"<p><span style=\"color: #005497;\"><strong>Adriana Moreno Cordero<\/strong><\/span><\/p>\n","protected":false},"author":3,"featured_media":0,"comment_status":"open","ping_status":"open","sticky":false,"template":"","format":"standard","meta":{"_monsterinsights_skip_tracking":false,"_monsterinsights_sitenote_active":false,"_monsterinsights_sitenote_note":"","_monsterinsights_sitenote_category":0,"footnotes":""},"categories":[69370],"tags":[69369,69368,43674],"class_list":["post-581037","post","type-post","status-publish","format-standard","hentry","category-adriana-moreno-cordero","tag-adriana-moreno-cordero","tag-la-retaguardia","tag-opinion"],"_links":{"self":[{"href":"https:\/\/www.diarioimagen.net\/index.php?rest_route=\/wp\/v2\/posts\/581037","targetHints":{"allow":["GET"]}}],"collection":[{"href":"https:\/\/www.diarioimagen.net\/index.php?rest_route=\/wp\/v2\/posts"}],"about":[{"href":"https:\/\/www.diarioimagen.net\/index.php?rest_route=\/wp\/v2\/types\/post"}],"author":[{"embeddable":true,"href":"https:\/\/www.diarioimagen.net\/index.php?rest_route=\/wp\/v2\/users\/3"}],"replies":[{"embeddable":true,"href":"https:\/\/www.diarioimagen.net\/index.php?rest_route=%2Fwp%2Fv2%2Fcomments&post=581037"}],"version-history":[{"count":0,"href":"https:\/\/www.diarioimagen.net\/index.php?rest_route=\/wp\/v2\/posts\/581037\/revisions"}],"wp:attachment":[{"href":"https:\/\/www.diarioimagen.net\/index.php?rest_route=%2Fwp%2Fv2%2Fmedia&parent=581037"}],"wp:term":[{"taxonomy":"category","embeddable":true,"href":"https:\/\/www.diarioimagen.net\/index.php?rest_route=%2Fwp%2Fv2%2Fcategories&post=581037"},{"taxonomy":"post_tag","embeddable":true,"href":"https:\/\/www.diarioimagen.net\/index.php?rest_route=%2Fwp%2Fv2%2Ftags&post=581037"}],"curies":[{"name":"wp","href":"https:\/\/api.w.org\/{rel}","templated":true}]}}