{"id":581186,"date":"2023-04-19T00:02:04","date_gmt":"2023-04-19T06:02:04","guid":{"rendered":"https:\/\/www.diarioimagen.net\/?p=581186"},"modified":"2023-04-19T21:39:09","modified_gmt":"2023-04-20T03:39:09","slug":"__trashed-16","status":"publish","type":"post","link":"https:\/\/www.diarioimagen.net\/?p=581186","title":{"rendered":"Las obras del Tren Maya en el Tramo 1 casi est\u00e1n terminadas\u00a0"},"content":{"rendered":"<p>&nbsp;<\/p>\n<h3 style=\"text-align: center;\">Seg\u00fan informe de Fonatur<\/h3>\n<p>&nbsp;<\/p>\n<ul>\n<li><strong><em>Que se han generado 13 mil empleos y se cuenta con 100 por ciento del riel\u00a0<\/em><\/strong><\/li>\n<\/ul>\n<p><strong>\u00a0<\/strong><\/p>\n<div id=\"attachment_581223\" style=\"width: 470px\" class=\"wp-caption aligncenter\"><a href=\"https:\/\/www.diarioimagen.net\/?attachment_id=581223\" rel=\"attachment wp-att-581223\"><img loading=\"lazy\" decoding=\"async\" aria-describedby=\"caption-attachment-581223\" class=\"size-full wp-image-581223\" src=\"https:\/\/www.diarioimagen.net\/wp-content\/uploads\/2023\/04\/TREN01-3.jpg\" alt=\"\" width=\"460\" height=\"270\" \/><\/a><p id=\"caption-attachment-581223\" class=\"wp-caption-text\">El Tramo 1 del Tren Maya, que va de Palenque, Chiapas, a Esc\u00e1rcega, Campeche, avanza con 13 mil empleos generados y estructuras pr\u00e1cticamente terminadas.<\/p><\/div>\n<p>&nbsp;<\/p>\n<p>\u201cEn la Cuarta Transformaci\u00f3n los compromisos se cumplen y el Tren Maya ser\u00e1 inaugurado en diciembre de 2023\u201d, afirm\u00f3 el director general del Fondo Nacional de Fomento al Turismo (Fonatur), Javier May Rodr\u00edguez, al encabezar la presentaci\u00f3n del informe integral del tramo 1 en la conferencia matutina del presidente Andr\u00e9s Manuel L\u00f3pez Obrador.<\/p>\n<p>Explic\u00f3 que el Tramo 1, que va de Palenque, Chiapas, a Esc\u00e1rcega, Campeche, avanza con 13 mil empleos generados y estructuras pr\u00e1cticamente terminadas, como las 382 obras de drenaje transversal que tendr\u00e1 este trayecto.<\/p>\n<p>Destac\u00f3 que, para su conectividad, el Tren Maya contar\u00e1 aqu\u00ed con tres aeropuertos internacionales que son los de Villahermosa, Ciudad del Carmen y Palenque; \u00e9ste \u00faltimo, tambi\u00e9n en trabajos de modernizaci\u00f3n como parte del proyecto Tren Maya.<\/p>\n<p>Se\u00f1al\u00f3 que en este tramo se mejoran, tambi\u00e9n con Centros de Atenci\u00f3n a Visitantes, las zonas arqueol\u00f3gicas de Moral Reforma, en Tabasco; El Tigre, en Campeche, y Palenque, en Chiapas, donde adem\u00e1s habr\u00e1 un Hotel Tren Maya. \u201cDesde luego, un referente en la zona es el Ca\u00f1\u00f3n del Usumacinta, un \u00e1rea natural protegida de flora y fauna a la que se podr\u00e1 llegar en el Tren Maya\u201d, dijo.<\/p>\n<p>Record\u00f3 que el tramo 1 del Tren Maya consta de 226 kil\u00f3metros, de los cuales, 40.9 corresponden a su ruta por los municipios de Palenque y la Libertad, en Chiapas, con una estaci\u00f3n en Palenque.<\/p>\n<p>En Tabasco -especific\u00f3-, el Tren Maya comprende 99.2 kil\u00f3metros de v\u00eda y el paso por los municipios de Emiliano Zapata, Tenosique y Balanc\u00e1n, con dos estaciones: una en Boca del Cerro y otra en El Triunfo, as\u00ed como un Paradero en Tenosique.<\/p>\n<p style=\"text-align: center;\"><strong>Habr\u00e1 86 kil\u00f3metros de v\u00eda en Campeche<\/strong><\/p>\n<p>El funcionario federal a\u00f1adi\u00f3 que, en el estado de Campeche, el Tren Maya tendr\u00e1 86 km de v\u00eda por los municipios de Candelaria y Esc\u00e1rcega, as\u00ed como una estaci\u00f3n en Esc\u00e1rcega y un paradero en Candelaria.\u00a0 Subray\u00f3 que en el tramo 1 los trabajos tambi\u00e9n avanzan a buen ritmo, de modo que actualmente los cuatro viaductos y los 12 puentes que se construyen llevan avance de 83 y 65 por ciento, respectivamente.<\/p>\n<p>Igualmente, se\u00f1al\u00f3 que el Centro de Atenci\u00f3n a Visitantes que se construye en la zona arqueol\u00f3gica de Palenque tiene avance de 84 por ciento, en tanto que los 184 pasos peatonales vehiculares y de fauna registran avance de 65 por ciento, y de 50 por ciento el Boulevard Palenque.<\/p>\n<p>Precis\u00f3 que, al mismo tiempo, ya se tiene todo el riel requerido; 89 por ciento de durmientes y 65 por ciento del balasto.<\/p>\n<p>Por su parte, el gobernador de Chiapas, Rutilio Escand\u00f3n Cadenas, afirm\u00f3 que, adem\u00e1s de generar empleo, el Tren Maya tambi\u00e9n protege el medio ambiente con acciones como la reforestaci\u00f3n que lleva a cabo con el programa Sembrando Vida, el cual -dijo-, en Chiapas abarca m\u00e1s de 205 mil hect\u00e1reas.<\/p>\n<p>El gobernador de Tabasco, Carlos Manuel Merino Campos, destac\u00f3 que desde ahora el Tren Maya genera beneficios como empleo e inversiones, y ejemplific\u00f3 con la reactivaci\u00f3n econ\u00f3mica registrada en Tenosique y Balanc\u00e1n, donde hab\u00edan tenido que cerrar peque\u00f1os negocios que ya se empiezan a reabrir.<\/p>\n","protected":false},"excerpt":{"rendered":"<p>\u201cEn la Cuarta Transformaci\u00f3n los compromisos se cumplen y el Tren Maya ser\u00e1 inaugurado en diciembre de 2023\u201d, afirm\u00f3 el director general del Fondo Nacional de Fomento al Turismo (Fonatur), Javier May Rodr\u00edguez, al encabezar la presentaci\u00f3n del informe integral del tramo 1 en la conferencia matutina del presidente Andr\u00e9s Manuel L\u00f3pez Obrador.<\/p>\n","protected":false},"author":3,"featured_media":581223,"comment_status":"open","ping_status":"open","sticky":false,"template":"","format":"standard","meta":{"_monsterinsights_skip_tracking":false,"_monsterinsights_sitenote_active":false,"_monsterinsights_sitenote_note":"","_monsterinsights_sitenote_category":0,"footnotes":""},"categories":[3],"tags":[97739,96066,76415],"class_list":["post-581186","post","type-post","status-publish","format-standard","has-post-thumbnail","hentry","category-nacional","tag-terminado","tag-tramo","tag-tren-maya"],"_links":{"self":[{"href":"https:\/\/www.diarioimagen.net\/index.php?rest_route=\/wp\/v2\/posts\/581186","targetHints":{"allow":["GET"]}}],"collection":[{"href":"https:\/\/www.diarioimagen.net\/index.php?rest_route=\/wp\/v2\/posts"}],"about":[{"href":"https:\/\/www.diarioimagen.net\/index.php?rest_route=\/wp\/v2\/types\/post"}],"author":[{"embeddable":true,"href":"https:\/\/www.diarioimagen.net\/index.php?rest_route=\/wp\/v2\/users\/3"}],"replies":[{"embeddable":true,"href":"https:\/\/www.diarioimagen.net\/index.php?rest_route=%2Fwp%2Fv2%2Fcomments&post=581186"}],"version-history":[{"count":0,"href":"https:\/\/www.diarioimagen.net\/index.php?rest_route=\/wp\/v2\/posts\/581186\/revisions"}],"wp:featuredmedia":[{"embeddable":true,"href":"https:\/\/www.diarioimagen.net\/index.php?rest_route=\/wp\/v2\/media\/581223"}],"wp:attachment":[{"href":"https:\/\/www.diarioimagen.net\/index.php?rest_route=%2Fwp%2Fv2%2Fmedia&parent=581186"}],"wp:term":[{"taxonomy":"category","embeddable":true,"href":"https:\/\/www.diarioimagen.net\/index.php?rest_route=%2Fwp%2Fv2%2Fcategories&post=581186"},{"taxonomy":"post_tag","embeddable":true,"href":"https:\/\/www.diarioimagen.net\/index.php?rest_route=%2Fwp%2Fv2%2Ftags&post=581186"}],"curies":[{"name":"wp","href":"https:\/\/api.w.org\/{rel}","templated":true}]}}