{"id":581267,"date":"2023-04-19T00:05:07","date_gmt":"2023-04-19T06:05:07","guid":{"rendered":"https:\/\/www.diarioimagen.net\/?p=581267"},"modified":"2023-04-19T03:10:50","modified_gmt":"2023-04-19T09:10:50","slug":"el-debate-en-edomex-va-porque-va","status":"publish","type":"post","link":"https:\/\/www.diarioimagen.net\/?p=581267","title":{"rendered":"El debate en Edomex, va porque va"},"content":{"rendered":"<h2>Perfil de M\u00e9xico<\/h2>\n<h5>Armando R\u00edos Ruiz<\/h5>\n<p>&nbsp;<\/p>\n<p>Delfina G\u00f3mez, la flamante candidata de Morena a dirigir el destino del Estado de M\u00e9xico, uno de los m\u00e1s importantes del pa\u00eds en varios sentidos, por tener el mayor n\u00famero de votantes y por ser el m\u00e1s industrializado, no quisiera debatir con su adversaria, Alejandra del Moral. Esto obliga a pensar que se sabe en desventaja. Que no tiene los tama\u00f1os para sostener un alegato ni con un polic\u00eda de crucero. Con una gran disculpa para \u00e9stos.<\/p>\n<p>Si no es ella quien lo reconoce, porque su condici\u00f3n humana la haga pensar que lo merece todo. Que Dios est\u00e1 detr\u00e1s de ella, pero el Dios Verdadero, no el de Macuspana. Que est\u00e1 bendita y su destino trazado de antemano, que comprende hasta su arribo al gobierno mexiquense, los miembros de su equipo parece que piensan otra cosa porque ven los toros desde la barrera y desde ah\u00ed se pueden precisar las deficiencias entre las personas. En este caso, de la candidata del Presidente.<\/p>\n<p>Lo anterior tambi\u00e9n induce a la reflexi\u00f3n acerca de los pol\u00edticos mexicanos. No he conocido a uno que no piense que puede dirigir cualquier cargo con los m\u00e1s altos resultados, aunque en la pr\u00e1ctica resulten un verdadero desastre. No hay uno que no piense que est\u00e1 investido de todas las facultades para desempe\u00f1arse en donde sea. No hay uno que sea capaz de declinar a la posesi\u00f3n de un puesto tras reconocer que no ser\u00eda capaz de desenvolverse en \u00e9l por su desconocimiento o por ineficiencia.<\/p>\n<p>En el caso de la profesora Delfina G\u00f3mez, apuesto doble contra sencillo de quisiera que quien le ha confeccionado su carrera pol\u00edtica le hubiera dicho: \u201cma\u00f1ana tomas posesi\u00f3n gomo gobernadora. Ya que est\u00e9s all\u00ed te ir\u00e9 diciendo qu\u00e9 es lo que tienes que hacer. Mientras no hagas. No la vayas a regar y tener que aguantar a la prensa conservadora\u201d.<\/p>\n<p>La se\u00f1ora debe haber expuesto a su equipo que haga lo indecible por detener los debates. La prensa debe haberla convencido, con sus se\u00f1alamientos, que no es capaz de hilar una frase corta sin decir disparates.<\/p>\n<p>Hablar bien no es cosa f\u00e1cil. No es posible tomar un curso intensivo y aprender a articular las palabras correctas. Hay quienes no aprenden en toda una vida y Delfina no es una jovencita. A estas alturas, cuando tiene tan arraigados sus defectos de dicci\u00f3n y cuando sus dotes intelectuales no existen, s\u00f3lo incrust\u00e1ndole un microchip en el cerebro, de esos que dicen que ya hay y que contienen millones de datos, podr\u00eda salir del paso.<\/p>\n<p>A\u00fan as\u00ed, esos artefactos de la modernidad m\u00e1s cercana s\u00f3lo ayudan a traer respuestas certeras, pero no a tomar decisiones. Estas corresponden a la propia inteligencia y a las experiencias vividas. Todo esto no existe en la humanidad de Delfina. En su lugar, una persona consciente y verdaderamente honesta, renunciar\u00eda a la intenci\u00f3n por el hecho de servir realmente a su pa\u00eds. Desgraciadamente no es el caso.<\/p>\n<p>Las declaraciones de Eric Sevilla, dirigente del tricolor en el Estado de M\u00e9xico, son ciertas. Dijo que lo que m\u00e1s miedo le da a G\u00f3mez \u00c1lvarez, es el hecho de que<\/p>\n<p>Horacio Duarte, su coordinador de campa\u00f1a, no podr\u00e1 responder los se\u00f1alamientos y cuestionamientos que surjan durante el ejercicio. L\u00e1stima que no es posible detener el enfrentamiento.<\/p>\n<p>\u201cDelfina est\u00e1 cooptada por quienes coordinan su campa\u00f1a; padece violencia pol\u00edtica de g\u00e9nero a manos de su propio equipo, est\u00e1 sometida y en silencio, no le dejan decir nada; espero que pronto le den oportunidad de participar en eventos, dar entrevistas y asistir a los debates, la gente del Estado de M\u00e9xico merece conocer sus ideas y poderlas contrastar\u201d, abund\u00f3.<\/p>\n<p>Pero sus ayudantes tienen raz\u00f3n. Tambi\u00e9n tienen miedo de que como siempre, se convierta en el payaso del circo al emitir esa retah\u00edla de palabras que en un funcionario publico investido con un cargo importante, suenan inclusive como insultos. Y todo por no haber ido a escuela a aprender a ser maestra. \u00bfLa imaginan como tal? \u00a1Pobres alumnos!<\/p>\n<p>El triunfo de esta mujer depende en todo de la enorme derrama de dinero en publicidad. Cuenta con mucho numerario para penetrar en la mente de los votantes a fuerza de exhibir su imagen retocada y embellecida por la tecnolog\u00eda que ahora se emplea en remodelar fotograf\u00edas.<\/p>\n<p>Un debate que la gente vea en la televisi\u00f3n es un gigantesco enemigo, por la presencia de ella misma. Por sus desplantes grotescos, aunque pretenda disfrazarlos con sonrisas fingidas.<\/p>\n<p>Los pretextos hasta hoy exhibidos no servir\u00e1n para evitar lo inevitable: contender en tiempo y forma en los debates previstos y exhibir lo que hoy intenta detener a como d\u00e9 lugar.<\/p>\n<p><a href=\"mailto:ariosruiz@gmail.com\" target=\"_blank\" rel=\"noopener noreferrer\"><em>ariosruiz@gmail.com<\/em><\/a><\/p>\n","protected":false},"excerpt":{"rendered":"<p><span style=\"color: #005497;\"><strong>Armando R\u00edos Ruiz<\/strong><\/span><\/p>\n","protected":false},"author":3,"featured_media":0,"comment_status":"open","ping_status":"open","sticky":false,"template":"","format":"standard","meta":{"_monsterinsights_skip_tracking":false,"_monsterinsights_sitenote_active":false,"_monsterinsights_sitenote_note":"","_monsterinsights_sitenote_category":0,"footnotes":""},"categories":[88405],"tags":[88407,43674,91193],"class_list":["post-581267","post","type-post","status-publish","format-standard","hentry","category-armando-rios-ruiz","tag-armando-rios-ruiz","tag-opinion","tag-perfil-de-mexico"],"_links":{"self":[{"href":"https:\/\/www.diarioimagen.net\/index.php?rest_route=\/wp\/v2\/posts\/581267","targetHints":{"allow":["GET"]}}],"collection":[{"href":"https:\/\/www.diarioimagen.net\/index.php?rest_route=\/wp\/v2\/posts"}],"about":[{"href":"https:\/\/www.diarioimagen.net\/index.php?rest_route=\/wp\/v2\/types\/post"}],"author":[{"embeddable":true,"href":"https:\/\/www.diarioimagen.net\/index.php?rest_route=\/wp\/v2\/users\/3"}],"replies":[{"embeddable":true,"href":"https:\/\/www.diarioimagen.net\/index.php?rest_route=%2Fwp%2Fv2%2Fcomments&post=581267"}],"version-history":[{"count":0,"href":"https:\/\/www.diarioimagen.net\/index.php?rest_route=\/wp\/v2\/posts\/581267\/revisions"}],"wp:attachment":[{"href":"https:\/\/www.diarioimagen.net\/index.php?rest_route=%2Fwp%2Fv2%2Fmedia&parent=581267"}],"wp:term":[{"taxonomy":"category","embeddable":true,"href":"https:\/\/www.diarioimagen.net\/index.php?rest_route=%2Fwp%2Fv2%2Fcategories&post=581267"},{"taxonomy":"post_tag","embeddable":true,"href":"https:\/\/www.diarioimagen.net\/index.php?rest_route=%2Fwp%2Fv2%2Ftags&post=581267"}],"curies":[{"name":"wp","href":"https:\/\/api.w.org\/{rel}","templated":true}]}}