{"id":581308,"date":"2023-04-20T00:06:20","date_gmt":"2023-04-20T06:06:20","guid":{"rendered":"https:\/\/www.diarioimagen.net\/?p=581308"},"modified":"2023-04-21T01:23:46","modified_gmt":"2023-04-21T07:23:46","slug":"atletas-uaemex-calificados-a-universiada-nacional-2023","status":"publish","type":"post","link":"https:\/\/www.diarioimagen.net\/?p=581308","title":{"rendered":"Atletas UAEM\u00e9x, calificados a Universiada Nacional 2023"},"content":{"rendered":"<p><em>\u00a0<\/em><\/p>\n<ul>\n<li><strong><em>Con este pase los deportistas de la Aut\u00f3noma Mexiquense ven cristalizado su esfuerzo para estar presentes en la Universiada Nacional 2023<\/em><\/strong><\/li>\n<\/ul>\n<p><strong>\u00a0<\/strong><\/p>\n<div id=\"attachment_581392\" style=\"width: 470px\" class=\"wp-caption aligncenter\"><a href=\"https:\/\/www.diarioimagen.net\/?attachment_id=581392\" rel=\"attachment wp-att-581392\"><img loading=\"lazy\" decoding=\"async\" aria-describedby=\"caption-attachment-581392\" class=\"size-full wp-image-581392\" src=\"https:\/\/www.diarioimagen.net\/wp-content\/uploads\/2023\/04\/uaem-atletas.jpg\" alt=\"\" width=\"460\" height=\"270\" \/><\/a><p id=\"caption-attachment-581392\" class=\"wp-caption-text\">El fin de semana, la etapa regional tuvo como sede las instalaciones de la Universidad Nacional Aut\u00f3noma de M\u00e9xico (UNAM).<\/p><\/div>\n<p>&nbsp;<\/p>\n<p><strong>Toluca, Estado de M\u00e9xico.\u2013 <\/strong>Tres atletas de la Universidad Aut\u00f3noma del Estado de M\u00e9xico (UAEM\u00e9x), de la disciplina de judo, ya se encuentran clasificados para la Universiada Nacional 2023, que se realizar\u00e1 en el mes de mayo, en Hermosillo, Sonora.<\/p>\n<p>Este fin de semana, en la etapa regional que tuvo como sede las instalaciones de la Universidad Nacional Aut\u00f3noma de M\u00e9xico (UNAM), fue donde los dirigidos por el entrenador Carlos Alberto Garc\u00eda Montes de Oca obtuvieron su pase a la justa deportiva universitaria. Los elementos que ya tienen el boleto en la mano son Katia Castillo Bustos, dentro de la categor\u00eda -70 kg, as\u00ed como Samantha Carmona Uribe, en +78kg, y Luis Eduardo Guadarrama Ram\u00edrez, categor\u00eda +100kg.<\/p>\n<p>Con este pase los deportistas de la Aut\u00f3noma mexiquense ven cristalizado su esfuerzo para estar presentes en la Universiada Nacional 2023 y con el firme prop\u00f3sito de poder estar en el p\u00f3dium de ganadores.<\/p>\n<p>\u201cUn buen resultado que tenemos y ya con los primeros clasificados para la Universiada Nacional en la disciplina de judo, por lo que ahora hay que enfocarnos en lo que ser\u00e1 este proceso y tener excelentes resultados. Trabajamos d\u00eda con d\u00eda para lograr estar en los primeros sitios\u201d, detall\u00f3 el entrenador universitario.<\/p>\n<p>As\u00ed que poco a poco se estar\u00e1 conformando el contingente de deportistas de la Universidad Aut\u00f3noma del Estado de M\u00e9xico que estar\u00e1 presente en la Universiada Nacional 2023 y pondr\u00e1 en alto los colores verde y oro de la instituci\u00f3n.<\/p>\n","protected":false},"excerpt":{"rendered":"<p>Tres atletas de la Universidad Aut\u00f3noma del Estado de M\u00e9xico (UAEM\u00e9x), de la disciplina de judo, ya se encuentran clasificados para la Universiada Nacional 2023, que se realizar\u00e1 en el mes de mayo, en Hermosillo, Sonora.<\/p>\n","protected":false},"author":3,"featured_media":581392,"comment_status":"open","ping_status":"open","sticky":false,"template":"","format":"standard","meta":{"_monsterinsights_skip_tracking":false,"_monsterinsights_sitenote_active":false,"_monsterinsights_sitenote_note":"","_monsterinsights_sitenote_category":0,"footnotes":""},"categories":[5],"tags":[5291,67878,72989],"class_list":["post-581308","post","type-post","status-publish","format-standard","has-post-thumbnail","hentry","category-estado-de-mexico","tag-atletas","tag-uaemex","tag-universiada-nacional"],"_links":{"self":[{"href":"https:\/\/www.diarioimagen.net\/index.php?rest_route=\/wp\/v2\/posts\/581308","targetHints":{"allow":["GET"]}}],"collection":[{"href":"https:\/\/www.diarioimagen.net\/index.php?rest_route=\/wp\/v2\/posts"}],"about":[{"href":"https:\/\/www.diarioimagen.net\/index.php?rest_route=\/wp\/v2\/types\/post"}],"author":[{"embeddable":true,"href":"https:\/\/www.diarioimagen.net\/index.php?rest_route=\/wp\/v2\/users\/3"}],"replies":[{"embeddable":true,"href":"https:\/\/www.diarioimagen.net\/index.php?rest_route=%2Fwp%2Fv2%2Fcomments&post=581308"}],"version-history":[{"count":0,"href":"https:\/\/www.diarioimagen.net\/index.php?rest_route=\/wp\/v2\/posts\/581308\/revisions"}],"wp:featuredmedia":[{"embeddable":true,"href":"https:\/\/www.diarioimagen.net\/index.php?rest_route=\/wp\/v2\/media\/581392"}],"wp:attachment":[{"href":"https:\/\/www.diarioimagen.net\/index.php?rest_route=%2Fwp%2Fv2%2Fmedia&parent=581308"}],"wp:term":[{"taxonomy":"category","embeddable":true,"href":"https:\/\/www.diarioimagen.net\/index.php?rest_route=%2Fwp%2Fv2%2Fcategories&post=581308"},{"taxonomy":"post_tag","embeddable":true,"href":"https:\/\/www.diarioimagen.net\/index.php?rest_route=%2Fwp%2Fv2%2Ftags&post=581308"}],"curies":[{"name":"wp","href":"https:\/\/api.w.org\/{rel}","templated":true}]}}