{"id":581312,"date":"2023-04-20T00:01:47","date_gmt":"2023-04-20T06:01:47","guid":{"rendered":"https:\/\/www.diarioimagen.net\/?p=581312"},"modified":"2023-04-21T00:07:06","modified_gmt":"2023-04-21T06:07:06","slug":"la-guardia-nacional-seguira-bajo-el-mando-de-un-militar-afirma-amlo","status":"publish","type":"post","link":"https:\/\/www.diarioimagen.net\/?p=581312","title":{"rendered":"La Guardia Nacional seguir\u00e1 bajo el mando de un militar, afirma AMLO"},"content":{"rendered":"<p>&nbsp;<\/p>\n<h3 style=\"text-align: center;\">Ser\u00e1 asesorada por la Sedena<\/h3>\n<p><em>\u00a0<\/em><\/p>\n<ul>\n<li><strong><em>Instruy\u00f3 a la titular de la SSPC, Rosa Icela Rodr\u00edguez, que mantenga al general David C\u00f3rdova<\/em><\/strong><\/li>\n<\/ul>\n<p>&nbsp;<\/p>\n<div id=\"attachment_581388\" style=\"width: 470px\" class=\"wp-caption aligncenter\"><a href=\"https:\/\/www.diarioimagen.net\/?attachment_id=581388\" rel=\"attachment wp-att-581388\"><img loading=\"lazy\" decoding=\"async\" aria-describedby=\"caption-attachment-581388\" class=\"size-full wp-image-581388\" src=\"https:\/\/www.diarioimagen.net\/wp-content\/uploads\/2023\/04\/amlo-8.jpg\" alt=\"\" width=\"460\" height=\"270\" \/><\/a><p id=\"caption-attachment-581388\" class=\"wp-caption-text\">El presidente Andr\u00e9s Manuel L\u00f3pez Obrador anunci\u00f3 que la Guardia Nacional continuar\u00e1 recibiendo la orientaci\u00f3n y la formaci\u00f3n profesional de la Sedena.<\/p><\/div>\n<p>&nbsp;<\/p>\n<p>Luego de una resoluci\u00f3n de la Suprema Corte de Justicia de la Naci\u00f3n (SCJN) que invalid\u00f3 el traspaso de la Guardia Nacional a la Secretar\u00eda de la Defensa Nacional (Sedena), esta instancia seguir\u00e1 siendo dirigida por un mando militar y tendr\u00e1 asesor\u00edas por parte de las Fuerzas Armadas, anunci\u00f3 el presidente Andr\u00e9s Manuel L\u00f3pez Obrador.<\/p>\n<p>Argument\u00f3 que para no afectar la buena marcha y consolidaci\u00f3n de la Guardia Nacional instruy\u00f3 a la secretaria de Seguridad y Protecci\u00f3n Ciudadana, Rosa Icela Rodr\u00edguez, de quien depender\u00e1 esta corporaci\u00f3n, que mantenga al general retirado David C\u00f3rdova Campos como comandante de la dependencia.<\/p>\n<p>\u201cVa a entrar la nueva legislatura que espero con toda mi alma que se integre por voluntad del pueblo de manera democr\u00e1tica con una mayor\u00eda calificada de diputados y senadores vinculados a nuestra Cuarta Transformaci\u00f3n y entonces el d\u00eda primero de septiembre del a\u00f1o pr\u00f3ximo, presentar\u00e9 una nueva iniciativa de reforma constitucional para insistir en que la guardia nacional dependa de la Secretar\u00eda de la Defensa\u201d, se\u00f1al\u00f3.<\/p>\n<p>El primer mandatario coment\u00f3 que la Guardia Nacional continuar\u00e1 recibiendo la orientaci\u00f3n, la formaci\u00f3n profesional y el respaldo por parte de la Sedena, pues esto no est\u00e1 impedido.<\/p>\n<p>\u201cLa Constituci\u00f3n establece que tanto la Secretar\u00eda de Defensa como la Secretar\u00eda de Marina pueden ayudar en tareas de seguridad p\u00fablica y necesitamos unir voluntades, esfuerzos y recursos para proteger a los mexicanos\u201d, dijo.<\/p>\n<p>El mandatario agreg\u00f3 que ha instruido a la secretar\u00eda de Seguridad y Protecci\u00f3n Ciudadana, Rosa Icela Rodr\u00edguez, de quien depender\u00e1 la Guardia Nacional para que mantenga al general retirado, David C\u00f3rdoba Campos, como comandante de la corporaci\u00f3n por su buen desempe\u00f1o.<\/p>\n<p>Tambi\u00e9n, dijo, le pedir\u00e1 que haga un recorrido por todas las instalaciones y cuarteles de la Guardia Nacional para informar a los 130,000 elementos que la integran de que mantendr\u00e1n sus salarios, prestaciones y ascensos al igual que los integrantes de las fuerzas armadas.<\/p>\n<p>L\u00f3pez Obrador acus\u00f3 a los ministros de la SCJN que votaron por invalidar estas reformas de actuar por intereses pol\u00edticos.<\/p>\n<p>\u201c\u00bfQu\u00e9 hizo ayer? Actuar a partir de los intereses de la c\u00fapula, no recogiendo el sentimiento del pueblo, la voz del pueblo, as\u00ed era antes y as\u00ed quieren que contin\u00faen las cosas, que sea una \u00c9lite\u201d, declar\u00f3 en su postura tras la decisi\u00f3n de la Suprema Corte.<\/p>\n<p style=\"text-align: center;\"><strong>Confirma AMLO diferencias entre Marina y Defensa Nacional<\/strong><\/p>\n<p>\u00a0Ante el cuestionamiento de las diferencias entre la Secretar\u00eda de Marina (Semar) y la Defensa Nacional (Sedena), L\u00f3pez Obrador confirm\u00f3 que s\u00ed existen diferencias, como lo se\u00f1al\u00f3 un reporte filtrado del Pent\u00e1gono al peri\u00f3dico The Washington Post.<\/p>\n<p>El titular del Ejecutivo federal asegur\u00f3 que esto no afecta las operaciones de seguridad, puesto \u201cesto es de lo m\u00e1s normal\u201d.<\/p>\n<p>\u201c\u00bfCu\u00e1l es la nota filtrada del Pent\u00e1gono al Washington Post? Que se est\u00e1n peleando en la Secretar\u00eda de Marina con la Secretar\u00eda de la Defensa y qu\u00e9, \u00bfellos no se pelean all\u00e1? \u00bfCu\u00e1l es la nota? O sea, \u00bfquieren m\u00e1s informaci\u00f3n? Hacienda se pelea con la Comisi\u00f3n Federal de Electricidad todos los d\u00edas.; Pemex con Hacienda, pues cada quien tiene su criterio. Econom\u00eda con Hacienda. Eso es lo m\u00e1s normal\u201d, afirm\u00f3.<\/p>\n<p>\u201c\u00bfEs decir s\u00ed hay estas diferencias?\u201d, se le insisti\u00f3.<\/p>\n<p>\u201c\u00a1Claro! \u00bfSaben d\u00f3nde hab\u00eda m\u00e1s diferencias? En el gabinete de Ju\u00e1rez y fue el mejor gabinete o ha sido el mejor gabinete en la historia de M\u00e9xico. Se peleaban Prieto con Ocampo y con Lerdo y con Iglesias y hasta le renunciaban a Ju\u00e1rez\u201d, respondi\u00f3.<\/p>\n<p>\u201c\u00bfLas diferencias no afectan las operaciones de seguridad?\u201d, se le sigui\u00f3 cuestionando.<\/p>\n<p>\u201cNo para nada, hay cooperaci\u00f3n, nada m\u00e1s que con las reglas claras que ya est\u00e1n establecidas: primero M\u00e9xico, esa es la regla, primero la seguridad de los mexicanos porque para eso nos eligieron, primero la seguridad p\u00fablica, que no tengamos homicidios, que no tengamos secuestros, que no tengamos robos, que no haya feminicidios, que nuestra juventud no opte por las drogas y para todo eso tenemos una estrategia que consiste en programas de bienestar en empleos, mejores salarios, atenci\u00f3n a las personas vulnerables, atenci\u00f3n a los j\u00f3venes, fortalecimiento de valores culturales, morales, espirituales, impedir la desintegraci\u00f3n de las familias, cooperar con el gobierno de Estados Unidos para ayudar a que se enfrente la terrible pandemia del consumo de drogas y es un asunto humanitario, somos vecinos y necesitamos ayudarnos mutuamente, pero no al rev\u00e9s como quisieran muchos o como era antes\u201d, respondi\u00f3.<\/p>\n","protected":false},"excerpt":{"rendered":"<p>Luego de una resoluci\u00f3n de la Suprema Corte de Justicia de la Naci\u00f3n (SCJN) que invalid\u00f3 el traspaso de la Guardia Nacional a la Secretar\u00eda de la Defensa Nacional (Sedena), esta instancia seguir\u00e1 siendo dirigida por un mando militar y tendr\u00e1 asesor\u00edas por parte de las Fuerzas Armadas, anunci\u00f3 el presidente Andr\u00e9s Manuel L\u00f3pez Obrador.<\/p>\n","protected":false},"author":3,"featured_media":581388,"comment_status":"open","ping_status":"open","sticky":false,"template":"","format":"standard","meta":{"_monsterinsights_skip_tracking":false,"_monsterinsights_sitenote_active":false,"_monsterinsights_sitenote_note":"","_monsterinsights_sitenote_category":0,"footnotes":""},"categories":[3],"tags":[2545,4160,48133,46610,43677],"class_list":["post-581312","post","type-post","status-publish","format-standard","has-post-thumbnail","hentry","category-nacional","tag-amlo","tag-guardia-nacional","tag-mando","tag-militar","tag-seguridad"],"_links":{"self":[{"href":"https:\/\/www.diarioimagen.net\/index.php?rest_route=\/wp\/v2\/posts\/581312","targetHints":{"allow":["GET"]}}],"collection":[{"href":"https:\/\/www.diarioimagen.net\/index.php?rest_route=\/wp\/v2\/posts"}],"about":[{"href":"https:\/\/www.diarioimagen.net\/index.php?rest_route=\/wp\/v2\/types\/post"}],"author":[{"embeddable":true,"href":"https:\/\/www.diarioimagen.net\/index.php?rest_route=\/wp\/v2\/users\/3"}],"replies":[{"embeddable":true,"href":"https:\/\/www.diarioimagen.net\/index.php?rest_route=%2Fwp%2Fv2%2Fcomments&post=581312"}],"version-history":[{"count":0,"href":"https:\/\/www.diarioimagen.net\/index.php?rest_route=\/wp\/v2\/posts\/581312\/revisions"}],"wp:featuredmedia":[{"embeddable":true,"href":"https:\/\/www.diarioimagen.net\/index.php?rest_route=\/wp\/v2\/media\/581388"}],"wp:attachment":[{"href":"https:\/\/www.diarioimagen.net\/index.php?rest_route=%2Fwp%2Fv2%2Fmedia&parent=581312"}],"wp:term":[{"taxonomy":"category","embeddable":true,"href":"https:\/\/www.diarioimagen.net\/index.php?rest_route=%2Fwp%2Fv2%2Fcategories&post=581312"},{"taxonomy":"post_tag","embeddable":true,"href":"https:\/\/www.diarioimagen.net\/index.php?rest_route=%2Fwp%2Fv2%2Ftags&post=581312"}],"curies":[{"name":"wp","href":"https:\/\/api.w.org\/{rel}","templated":true}]}}