{"id":581324,"date":"2023-04-20T00:03:43","date_gmt":"2023-04-20T06:03:43","guid":{"rendered":"https:\/\/www.diarioimagen.net\/?p=581324"},"modified":"2023-04-20T01:41:19","modified_gmt":"2023-04-20T07:41:19","slug":"presenta-morena-denuncia-contra-alejandra-del-moral-ante-el-ieem","status":"publish","type":"post","link":"https:\/\/www.diarioimagen.net\/?p=581324","title":{"rendered":"Presenta Morena denuncia contra Alejandra Del Moral ante el IEEM"},"content":{"rendered":"<p>&nbsp;<\/p>\n<ul>\n<li><strong><em>Por dichos para retener gubernatura<\/em> <\/strong><\/li>\n<\/ul>\n<p>&nbsp;<\/p>\n<div id=\"attachment_581408\" style=\"width: 470px\" class=\"wp-caption aligncenter\"><a href=\"https:\/\/www.diarioimagen.net\/?attachment_id=581408\" rel=\"attachment wp-att-581408\"><img loading=\"lazy\" decoding=\"async\" aria-describedby=\"caption-attachment-581408\" class=\"size-full wp-image-581408\" src=\"https:\/\/www.diarioimagen.net\/wp-content\/uploads\/2023\/04\/presenta-morena.jpg\" alt=\"\" width=\"460\" height=\"270\" \/><\/a><p id=\"caption-attachment-581408\" class=\"wp-caption-text\">El morenista Horacio Duarte, coordinador general de campa\u00f1a de Delfina G\u00f3mez, anunci\u00f3 que present\u00f3 queja ante el IEEM en contra de Alejandra Del Moral.<\/p><\/div>\n<p>&nbsp;<\/p>\n<p><strong>Valle de M\u00e9xico.\u2014<\/strong> Horacio Duarte, coordinador general de campa\u00f1a de Delfina G\u00f3mez, candidata a gobernadora por Morena, PT y PVEM, anunci\u00f3 que la representaci\u00f3n de ese partido, presentar\u00e1 una denuncia en el IEEM en contra de Alejandra Del Moral, candidata del PRI, PAN, PRD y Nueva Alianza, por hacer un llamado a dirigentes, militancia y simpatizantes a violar la ley electoral para ganar la elecci\u00f3n en la entidad.<\/p>\n<p>Junto a Mario Delgado, presidente del Comit\u00e9 Ejecutivo Nacional de Morena, Horacio Duarte, present\u00f3 un video que circula en redes en el que se observa a la candidata Del Moral caminar entre decenas de dirigentes, militantes y simpatizantes priistas en la sede estatal del partido, mientras indica: \u201cTomen su lugar en la batalla y hagan lo que saben hacer, para bien o para mal. Queremos constancia de mayor\u00eda, no de buena conducta\u201d.<\/p>\n<p>Tras la exposici\u00f3n del video, Horacio Duarte afirm\u00f3 que \u201ces muy grave que una candidata en un evento -donde me reportan, que adem\u00e1s se dijeron algunas otras estrategias-, haga este llamando a sus dirigentes y a su militancia a violar la ley con el objetivo de ganar la elecci\u00f3n del pr\u00f3ximo 4 de junio y querer evitar que el PRI se vaya al basurero de la historia\u201d.<\/p>\n<p>Horacio Duarte detall\u00f3 que, en estos momentos, todas las encuestas, que son m\u00e1s de 50, en promedio, coloca a la candidata de la alianza conservadora Va por el Estado de M\u00e9xico 20 puntos por debajo de la maestra Delfina G\u00f3mez. \u201cY pensamos que no les dar\u00e1 tiempo en los pr\u00f3ximos 40 d\u00edas, que son lo que restan de campa\u00f1a, de modificar las tendencias electorales. Hoy m\u00e1s que nunca el PRI en el Estado de M\u00e9xico est\u00e1 de salida, hoy m\u00e1s que nunca el PRI en el Estado de M\u00e9xico est\u00e1 aniquilado\u201d, se\u00f1al\u00f3.<\/p>\n<p>\u201cLo que escucharon es un llamado a violar la ley, a continuar con la guerra sucia. Un llamado a exacerbar una elecci\u00f3n que se ha conducido en paz. Est\u00e1n reprobados \u00e9tica, legal y moralmente. Y su llamado es producto de la desesperaci\u00f3n por estar 20 puntos abajo\u201d, continu\u00f3 Horacio Duarte.<\/p>\n<p>Por su parte, Mario Delgado, presidente del Comit\u00e9 Ejecutivo Nacional de Morena, confirm\u00f3 que presentar\u00e1n la denuncia en contra de la candidata Alejandra Del Moral, por su llamado a realizar lo que sea necesario para conseguir una constancia de mayor\u00eda.<\/p>\n","protected":false},"excerpt":{"rendered":"<p>Horacio Duarte, coordinador general de campa\u00f1a de Delfina G\u00f3mez, candidata a gobernadora por Morena, PT y PVEM, anunci\u00f3 que la representaci\u00f3n de ese partido, presentar\u00e1 una denuncia en el IEEM en contra de Alejandra Del Moral, candidata del PRI, PAN, PRD y Nueva Alianza, por hacer un llamado a dirigentes, militancia y simpatizantes a violar la ley electoral para ganar la elecci\u00f3n en la entidad.<\/p>\n","protected":false},"author":3,"featured_media":581408,"comment_status":"open","ping_status":"open","sticky":false,"template":"","format":"standard","meta":{"_monsterinsights_skip_tracking":false,"_monsterinsights_sitenote_active":false,"_monsterinsights_sitenote_note":"","_monsterinsights_sitenote_category":0,"footnotes":""},"categories":[5],"tags":[2833,455,694],"class_list":["post-581324","post","type-post","status-publish","format-standard","has-post-thumbnail","hentry","category-estado-de-mexico","tag-alejandra-del-moral-vela","tag-denuncia","tag-ieem"],"_links":{"self":[{"href":"https:\/\/www.diarioimagen.net\/index.php?rest_route=\/wp\/v2\/posts\/581324","targetHints":{"allow":["GET"]}}],"collection":[{"href":"https:\/\/www.diarioimagen.net\/index.php?rest_route=\/wp\/v2\/posts"}],"about":[{"href":"https:\/\/www.diarioimagen.net\/index.php?rest_route=\/wp\/v2\/types\/post"}],"author":[{"embeddable":true,"href":"https:\/\/www.diarioimagen.net\/index.php?rest_route=\/wp\/v2\/users\/3"}],"replies":[{"embeddable":true,"href":"https:\/\/www.diarioimagen.net\/index.php?rest_route=%2Fwp%2Fv2%2Fcomments&post=581324"}],"version-history":[{"count":0,"href":"https:\/\/www.diarioimagen.net\/index.php?rest_route=\/wp\/v2\/posts\/581324\/revisions"}],"wp:featuredmedia":[{"embeddable":true,"href":"https:\/\/www.diarioimagen.net\/index.php?rest_route=\/wp\/v2\/media\/581408"}],"wp:attachment":[{"href":"https:\/\/www.diarioimagen.net\/index.php?rest_route=%2Fwp%2Fv2%2Fmedia&parent=581324"}],"wp:term":[{"taxonomy":"category","embeddable":true,"href":"https:\/\/www.diarioimagen.net\/index.php?rest_route=%2Fwp%2Fv2%2Fcategories&post=581324"},{"taxonomy":"post_tag","embeddable":true,"href":"https:\/\/www.diarioimagen.net\/index.php?rest_route=%2Fwp%2Fv2%2Ftags&post=581324"}],"curies":[{"name":"wp","href":"https:\/\/api.w.org\/{rel}","templated":true}]}}