{"id":581328,"date":"2023-04-20T00:02:54","date_gmt":"2023-04-20T06:02:54","guid":{"rendered":"https:\/\/www.diarioimagen.net\/?p=581328"},"modified":"2023-04-20T01:40:39","modified_gmt":"2023-04-20T07:40:39","slug":"mayoritariamente-mujeres-integraran-gabinete-en-edomex-delfina-gomez","status":"publish","type":"post","link":"https:\/\/www.diarioimagen.net\/?p=581328","title":{"rendered":"Mayoritariamente mujeres integrar\u00e1n gabinete en Edomex: Delfina G\u00f3mez"},"content":{"rendered":"<p>&nbsp;<\/p>\n<p><a href=\"https:\/\/www.diarioimagen.net\/?attachment_id=581406\" rel=\"attachment wp-att-581406\"><img loading=\"lazy\" decoding=\"async\" class=\"aligncenter size-full wp-image-581406\" src=\"https:\/\/www.diarioimagen.net\/wp-content\/uploads\/2023\/04\/mayoritariamente.jpg\" alt=\"\" width=\"460\" height=\"270\" \/><\/a><\/p>\n<p>&nbsp;<\/p>\n<p><strong>Toluca, Estado de M\u00e9xico.\u2014 <\/strong>Delfina G\u00f3mez, candidata a gobernadora del Estado de M\u00e9xico, por Morena, PT y PVEM, anunci\u00f3 que incorporar\u00e1 el fomento y el impulso de la perspectiva y equidad de g\u00e9nero en su gobierno, institucionalizando pol\u00edticas p\u00fablicas y propiciando la igualdad de oportunidades para las mujeres mexiquenses.<\/p>\n<p>Durante sus recorridos realizados hasta ahora por cerca de 30 municipios, la maestra Delfina G\u00f3mez ha sido enf\u00e1tica en se\u00f1alar que su gobierno se compondr\u00e1 por un \u201cgabinete paritario\u201d en el que la mitad de los cargos ser\u00e1n ocupados por mujeres, principalmente en aquellos de toma de decisiones.<\/p>\n","protected":false},"excerpt":{"rendered":"<p>Delfina G\u00f3mez, candidata a gobernadora del Estado de M\u00e9xico, por Morena, PT y PVEM, anunci\u00f3 que incorporar\u00e1 el fomento y el impulso de la perspectiva y equidad de g\u00e9nero en su gobierno, institucionalizando pol\u00edticas p\u00fablicas y propiciando la igualdad de oportunidades para las mujeres mexiquenses.<\/p>\n","protected":false},"author":3,"featured_media":581406,"comment_status":"open","ping_status":"open","sticky":false,"template":"","format":"standard","meta":{"_monsterinsights_skip_tracking":false,"_monsterinsights_sitenote_active":false,"_monsterinsights_sitenote_note":"","_monsterinsights_sitenote_category":0,"footnotes":""},"categories":[5],"tags":[57859,97743],"class_list":["post-581328","post","type-post","status-publish","format-standard","has-post-thumbnail","hentry","category-estado-de-mexico","tag-delfina-gomez-alvarez","tag-mayoritariamente"],"_links":{"self":[{"href":"https:\/\/www.diarioimagen.net\/index.php?rest_route=\/wp\/v2\/posts\/581328","targetHints":{"allow":["GET"]}}],"collection":[{"href":"https:\/\/www.diarioimagen.net\/index.php?rest_route=\/wp\/v2\/posts"}],"about":[{"href":"https:\/\/www.diarioimagen.net\/index.php?rest_route=\/wp\/v2\/types\/post"}],"author":[{"embeddable":true,"href":"https:\/\/www.diarioimagen.net\/index.php?rest_route=\/wp\/v2\/users\/3"}],"replies":[{"embeddable":true,"href":"https:\/\/www.diarioimagen.net\/index.php?rest_route=%2Fwp%2Fv2%2Fcomments&post=581328"}],"version-history":[{"count":0,"href":"https:\/\/www.diarioimagen.net\/index.php?rest_route=\/wp\/v2\/posts\/581328\/revisions"}],"wp:featuredmedia":[{"embeddable":true,"href":"https:\/\/www.diarioimagen.net\/index.php?rest_route=\/wp\/v2\/media\/581406"}],"wp:attachment":[{"href":"https:\/\/www.diarioimagen.net\/index.php?rest_route=%2Fwp%2Fv2%2Fmedia&parent=581328"}],"wp:term":[{"taxonomy":"category","embeddable":true,"href":"https:\/\/www.diarioimagen.net\/index.php?rest_route=%2Fwp%2Fv2%2Fcategories&post=581328"},{"taxonomy":"post_tag","embeddable":true,"href":"https:\/\/www.diarioimagen.net\/index.php?rest_route=%2Fwp%2Fv2%2Ftags&post=581328"}],"curies":[{"name":"wp","href":"https:\/\/api.w.org\/{rel}","templated":true}]}}