{"id":581346,"date":"2023-04-20T00:01:33","date_gmt":"2023-04-20T06:01:33","guid":{"rendered":"https:\/\/www.diarioimagen.net\/?p=581346"},"modified":"2023-04-19T23:40:40","modified_gmt":"2023-04-20T05:40:40","slug":"espiando-al-estado-espia","status":"publish","type":"post","link":"https:\/\/www.diarioimagen.net\/?p=581346","title":{"rendered":"Espiando al Estado esp\u00eda"},"content":{"rendered":"<h2>De pe a pa<\/h2>\n<h5>Alberto Vieyra G.<\/h5>\n<p>&nbsp;<\/p>\n<p>La mitoman\u00eda de AMLO se internacionaliza. Lleva m\u00e1s de 101 mil mentiras contra los mexicanos, algo nunca visto en la era del ponzo\u00f1oso presidencialismo azteca.<\/p>\n<p>Jur\u00f3 y perjur\u00f3 que la mort\u00edfera droga de moda, el fentanilo no es de manufactura made in M\u00e9xico, pero el gobierno norteamericano y el titular de la Sedena, Luis Cresencio Sandoval se encargar\u00edan de desmentirlo y exhibirlo como un rascuach\u00f3n <em>Pinocho<\/em>.<\/p>\n<p>El Pent\u00e1gono norteamericano ofreci\u00f3 hasta 10 millones de d\u00f3lares por los 5 <em>Chapitos,<\/em> que en Sinaloa y Sonora fabrican a escala mundial la mort\u00edfera droga del fentanilo; de acuerdo con informaci\u00f3n de inteligencia <em>gringa<\/em>, el C\u00e1rtel de Sinaloa fue infiltrado por 3 esp\u00edas que proporcionaron al gobierno <em>gringo<\/em> santo y se\u00f1a de los laboratorios donde se fabrica el fentanilo.<\/p>\n<p>Extra\u00f1amente el hecho indign\u00f3 al inquilino de Palacio Nacional y este martes acus\u00f3 al Pent\u00e1gono de estar espiando al gobierno mexicano, es decir que estamos ante un gobierno norteamericano esp\u00eda, que esp\u00eda a un Estado mexicano esp\u00eda, pero que no esp\u00eda lo que debe de espiar, esto es a las bandas criminales, sino a defensores de derechos humanos y periodistas, pero ese Estado esp\u00eda lo niega y nuevamente AMLO se exhibe como un mentiroso.<\/p>\n<p>\u00bfPor qu\u00e9 le doli\u00f3 tanto lo de los <em>Chapitos<\/em>, despu\u00e9s de que se digo que los esp\u00edas de la DEA transmit\u00edan a Estados Unidos todo lo que ocurr\u00eda hacia el interior del C\u00e1rtel de Sinaloa? \u00bfSer\u00eda que tambi\u00e9n enviaron v\u00eddeos sobre las reuniones secretas de AMLO con la matriarca de los <em>Chapitos<\/em>?<\/p>\n<p>La cuesti\u00f3n es que AMLO minti\u00f3 a los mexicanos y minti\u00f3 a Estados Unidos. Hab\u00eda dicho:<\/p>\n<p>\u201cNosotros hemos sostenido que en M\u00e9xico no se produce el fentanilo, que se importa de Asia, y que llega a M\u00e9xico y a Estados Unidos y a Canad\u00e1 de Asia\u201d y se preguntar\u00e1n: \u201c\u00bfpor qu\u00e9 es importante tratar el tema y es importante decir que aqu\u00ed, no producimos fentanilo? Se respondi\u00f3 que el problema es el consumo de fentanilo en EU donde va a haber elecciones y se van a empezar entre ellos a culpar y nos van a estar fastidiando\u201d.<\/p>\n<p>El propio titular de la Sedena, Luis Crescencio Sandoval, dejar\u00eda mal parado a AMLO cuando present\u00f3 un video en el que se da cuenta de los aseguramientos de fentanilo que AMLO hab\u00eda negado que se produjera en M\u00e9xico. Dijo el militar:<\/p>\n<p>\u201cEn fentanilo, 221 kilogramos asegurados en este periodo de abril; mil 428 kilogramos de fentanilo asegurados en el a\u00f1o, y en lo que va de la administraci\u00f3n siete mil 266 kilogramos de fentanilo\u2026\u201d.<\/p>\n<p>Y no dej\u00f3 duda de que se produce en M\u00e9xico: \u201cVamos a presentar un video, de los laboratorios clandestinos de c\u00f3mo se conforman y c\u00f3mo se integran estos centros de manufactura de pastillas de fentanilo\u201d.<\/p>\n<p>Por lo visto, el martes 18 de abril ser\u00e1 hist\u00f3rico porque no fue un d\u00eda de AMLO. Sali\u00f3 como el cohetero de mi pueblo: Mal por todos lados, pues la Corte demostr\u00f3 a los mexicanos que el gobierno de AMLO es monumentalmente proclive a violar la Constituci\u00f3n, igual que sus serviles levantadedos diputados y senadores morenistas, despu\u00e9s de que el m\u00e1ximo tribunal de impartici\u00f3n de justicia azteca declar\u00f3 inconstitucional que la Guardia Nacional forme parte de la Sedena; deber\u00e1 regresar bajo el mando de la Secretar\u00eda de Seguridad y Protecci\u00f3n Ciudadana, pues sus funciones son de polic\u00eda y no de soldados militares. Ocho de los once ministros de la Corte le ense\u00f1aron a AMLO el significado burl\u00f3n de que \u201cno me salgan con que la ley es la ley\u201d. Y le salieron con la ley en la mano.<\/p>\n<p><em><a href=\"mailto:info@agenciamn.com\" target=\"_blank\" rel=\"noopener noreferrer\">info@agenciamn.com<\/a><\/em><\/p>\n","protected":false},"excerpt":{"rendered":"<p><span style=\"color: #005497;\"><strong>Alberto Vieyra G.<\/strong><\/span><\/p>\n","protected":false},"author":3,"featured_media":0,"comment_status":"open","ping_status":"open","sticky":false,"template":"","format":"standard","meta":{"_monsterinsights_skip_tracking":false,"_monsterinsights_sitenote_active":false,"_monsterinsights_sitenote_note":"","_monsterinsights_sitenote_category":0,"footnotes":""},"categories":[4596],"tags":[43697,4597,43674],"class_list":["post-581346","post","type-post","status-publish","format-standard","hentry","category-alberto-vieyra-g","tag-alberto-vieyra-g","tag-de-pe-a-pa","tag-opinion"],"_links":{"self":[{"href":"https:\/\/www.diarioimagen.net\/index.php?rest_route=\/wp\/v2\/posts\/581346","targetHints":{"allow":["GET"]}}],"collection":[{"href":"https:\/\/www.diarioimagen.net\/index.php?rest_route=\/wp\/v2\/posts"}],"about":[{"href":"https:\/\/www.diarioimagen.net\/index.php?rest_route=\/wp\/v2\/types\/post"}],"author":[{"embeddable":true,"href":"https:\/\/www.diarioimagen.net\/index.php?rest_route=\/wp\/v2\/users\/3"}],"replies":[{"embeddable":true,"href":"https:\/\/www.diarioimagen.net\/index.php?rest_route=%2Fwp%2Fv2%2Fcomments&post=581346"}],"version-history":[{"count":0,"href":"https:\/\/www.diarioimagen.net\/index.php?rest_route=\/wp\/v2\/posts\/581346\/revisions"}],"wp:attachment":[{"href":"https:\/\/www.diarioimagen.net\/index.php?rest_route=%2Fwp%2Fv2%2Fmedia&parent=581346"}],"wp:term":[{"taxonomy":"category","embeddable":true,"href":"https:\/\/www.diarioimagen.net\/index.php?rest_route=%2Fwp%2Fv2%2Fcategories&post=581346"},{"taxonomy":"post_tag","embeddable":true,"href":"https:\/\/www.diarioimagen.net\/index.php?rest_route=%2Fwp%2Fv2%2Ftags&post=581346"}],"curies":[{"name":"wp","href":"https:\/\/api.w.org\/{rel}","templated":true}]}}