{"id":581349,"date":"2023-04-20T00:04:34","date_gmt":"2023-04-20T06:04:34","guid":{"rendered":"https:\/\/www.diarioimagen.net\/?p=581349"},"modified":"2023-04-19T23:45:06","modified_gmt":"2023-04-20T05:45:06","slug":"injerencia-del-pentagono","status":"publish","type":"post","link":"https:\/\/www.diarioimagen.net\/?p=581349","title":{"rendered":"Injerencia del Pent\u00e1gono"},"content":{"rendered":"<h2>Desde el portal<\/h2>\n<h5>\u00c1ngel Soriano<\/h5>\n<p>&nbsp;<\/p>\n<p>Simult\u00e1neamente a las filtraciones que realiza el Pent\u00e1gono en la prensa nacional e internacional con el objeto de debilitar al gobierno, el Inegi dar\u00e1 a conocer el nivel de aceptaci\u00f3n de las Fuerzas Armadas \u2014Ej\u00e9rcito, Marina y Guardia Nacional\u2014, en el pueblo de M\u00e9xico y el apoyo que tiene el gobierno de la Rep\u00fablica, indic\u00f3 el presidente Andr\u00e9s Manuel L\u00f3pez Obrador.<\/p>\n<p>Asoci\u00f3 a los Guacamaya al Pent\u00e1gono -\u201ces lo mismo\u201d-, pues es su forma de actuar y suministran informaci\u00f3n a los medios de mayor influencia con el fin de propiciar un clima favorable a una intervenci\u00f3n, por lo cual se cuidar\u00e1 la informaci\u00f3n relativa a las Fuerzas Armadas dado que el Pent\u00e1gono esp\u00eda y hay prop\u00f3sitos injerencistas en detrimento de la soberan\u00eda nacional.<\/p>\n<p>El presidente L\u00f3pez Obrador se\u00f1ala que esto se realiza en asociaci\u00f3n con los grupos conservadores, los que han perdido sus privilegios y desean volver por sus fueros, como es el caso del empresario Claudio X. Gonz\u00e1lez, que recibe financiamiento de los Estados Unidos para emprender una campa\u00f1a de desestabilizaci\u00f3n y de rumores.<\/p>\n<p>En ese mismo prop\u00f3sito est\u00e1 la informaci\u00f3n acerca de los \u201ccostosos viajes al extranjero\u201d del titular de la Sedena, Luis Crescencio Sandoval, y del presunto espionaje a defensores de los derechos humanos que, como lo denunci\u00f3 el Presidente, sirven a las agencias extranjeras que realizan espionaje y pretenden la desestabilizaci\u00f3n \u201cpero no pasar\u00e1 nada porque contamos con el apoyo del pueblo\u201d, dijo AMLO.<\/p>\n<p style=\"text-align: center;\"><strong>TURBULENCIAS<br \/>\nRevisi\u00f3n a la UNAM y al Poder Judicial<\/strong><\/p>\n<p>Al se\u00f1alar que el INAI es un cero a la izquierda y no sirve para nada, m\u00e1s que para encubrir malos manejos de funcionarios, el organismo cuesta al pueblo de M\u00e9xico mil millones de pesos al a\u00f1o y al igual que la UNAM y el Poder Judicial, as\u00ed como otros organismos, deben ser revisados y realizar en ellos una transformaci\u00f3n profunda, pues fueron creados para dar empleo a amigos y parientes de pol\u00edticos influyentes y para encubrir hechos delictuosos, indic\u00f3 el presidente Andr\u00e9s Manuel L\u00f3pez Obrador\u2026 Finalmente, la Suprema Corte de Justicia de la Naci\u00f3n dio marcha atr\u00e1s a la intenci\u00f3n de incorporar a la Guardia Nacional a la Sedena, al establecer que sus funciones, de acuerdo a la Constitucional, son de un ente civil y, en consecuencia, debe pertenecer a la secretar\u00eda de Seguridad P\u00fablica sin que sus funciones sean intervenidas por personal militar. Esto repercutir\u00e1 en el enfrentamiento entre los Poderes de la Uni\u00f3n, pues el Poder Judicial asume su papel de ser contrapeso del Ejecutivo. Y habr\u00e1 que ver cu\u00e1l es la respuesta del Poder Legislativo que ya hab\u00eda aprobado dicha propuesta\u2026 Como lo ha indicado el mismo Presidente, vivimos tiempos interesantes, esper\u00e1ndose que, lo que no hab\u00eda ocurrido en muchos sexenios, se vuelva operativo: la vigencia de los Tres Poderes de la Uni\u00f3n\u2026 Sigue de puntera la jefa de Gobierno de la CDMX, Claudia Sheinbaum Pardo, que ha sorprendido con una amplia red de partidarios en la Rep\u00fablica que dejan muy atr\u00e1s a sus m\u00e1s cercanos competidores, Marcelo Ebrard y Ad\u00e1n Augusto L\u00f3pez Hern\u00e1ndez. La cient\u00edfica no s\u00f3lo ha dado resultados en la capital del pa\u00eds, sino que va por la Rep\u00fablica y ahora ha solicitado permiso al Congreso local para viajar al extranjero\u2026 Pr\u00e1cticamente, el gobernador Salom\u00f3n Jara ha recuperado el Centro Hist\u00f3rico de la ciudad de Oaxaca al desalojar a vendedores ambulantes y grupos sociales que lo manten\u00edan secuestrado y, como en otros tiempos, hoy es posible transitar por las calles para disfrutar de la ciudad, salvo inconformidades de rutina que se aparecen a cualquier hora del d\u00eda por la capital del estado.<\/p>\n<p><u><a href=\"mailto:asorianocarrasco@yahoo.com\" target=\"_blank\" rel=\"noopener noreferrer\"><em>asorianocarrasco@yahoo.com<\/em><\/a><br \/>\n<em><a href=\"https:\/\/revistabrecha.com\" target=\"_blank\" rel=\"noopener noreferrer\">www.revistabrecha.com<\/a><br \/>\n<\/em><\/u><em>facebook oficial <a href=\"https:\/\/es-la.facebook.com\/RevistaBrecha.Oficial\" target=\"_blank\" rel=\"noopener\">@BrechaRevista<\/a><\/em><\/p>\n","protected":false},"excerpt":{"rendered":"<p><span style=\"color: #005497;\"><strong>\u00c1ngel Soriano<\/strong><\/span><\/p>\n","protected":false},"author":3,"featured_media":0,"comment_status":"open","ping_status":"open","sticky":false,"template":"","format":"standard","meta":{"_monsterinsights_skip_tracking":false,"_monsterinsights_sitenote_active":false,"_monsterinsights_sitenote_note":"","_monsterinsights_sitenote_category":0,"footnotes":""},"categories":[135],"tags":[85,86,43674],"class_list":["post-581349","post","type-post","status-publish","format-standard","hentry","category-angel-soriano-opinion","tag-angel-soriano","tag-desde-el-portal","tag-opinion"],"_links":{"self":[{"href":"https:\/\/www.diarioimagen.net\/index.php?rest_route=\/wp\/v2\/posts\/581349","targetHints":{"allow":["GET"]}}],"collection":[{"href":"https:\/\/www.diarioimagen.net\/index.php?rest_route=\/wp\/v2\/posts"}],"about":[{"href":"https:\/\/www.diarioimagen.net\/index.php?rest_route=\/wp\/v2\/types\/post"}],"author":[{"embeddable":true,"href":"https:\/\/www.diarioimagen.net\/index.php?rest_route=\/wp\/v2\/users\/3"}],"replies":[{"embeddable":true,"href":"https:\/\/www.diarioimagen.net\/index.php?rest_route=%2Fwp%2Fv2%2Fcomments&post=581349"}],"version-history":[{"count":0,"href":"https:\/\/www.diarioimagen.net\/index.php?rest_route=\/wp\/v2\/posts\/581349\/revisions"}],"wp:attachment":[{"href":"https:\/\/www.diarioimagen.net\/index.php?rest_route=%2Fwp%2Fv2%2Fmedia&parent=581349"}],"wp:term":[{"taxonomy":"category","embeddable":true,"href":"https:\/\/www.diarioimagen.net\/index.php?rest_route=%2Fwp%2Fv2%2Fcategories&post=581349"},{"taxonomy":"post_tag","embeddable":true,"href":"https:\/\/www.diarioimagen.net\/index.php?rest_route=%2Fwp%2Fv2%2Ftags&post=581349"}],"curies":[{"name":"wp","href":"https:\/\/api.w.org\/{rel}","templated":true}]}}