{"id":581356,"date":"2023-04-20T00:03:21","date_gmt":"2023-04-20T06:03:21","guid":{"rendered":"https:\/\/www.diarioimagen.net\/?p=581356"},"modified":"2023-04-19T23:49:30","modified_gmt":"2023-04-20T05:49:30","slug":"adan-augusto-otro-papel-carbon","status":"publish","type":"post","link":"https:\/\/www.diarioimagen.net\/?p=581356","title":{"rendered":"Ad\u00e1n Augusto, otro papel carb\u00f3n"},"content":{"rendered":"<h2>Espacio Electoral<\/h2>\n<h5>Eleazar Flores<\/h5>\n<p>&nbsp;<\/p>\n<p><strong>POCA PERSONALIDAD POL\u00cdTICA-.<\/strong> Lastimoso en verdad, por decir lo menos, el papel del secretario de Gobernaci\u00f3n, Ad\u00e1n Augusto L\u00f3pez, que imita y sigue los pasos de la jefa de Gobierno, Claudia Sheinbaum, en eso de hacerle SEGUNDA en todo a su jefe Andr\u00e9s Manuel L\u00f3pez Obrador. Antes de entrar en detalles acerca del comportamiento pol\u00edtico del (i)responsable de la pol\u00edtica interior del pa\u00eds, es bueno recordar el secreto a voces de la ret\u00f3rica discursiva que emplea la se\u00f1ora Claudia Sheinbaum Pardo \u2014con todo y su estratega medi\u00e1tico extranjero\u2014, pues tan pronto escucha alg\u00fan pronunciamiento presidencial ma\u00f1anero, la jefa de Gobierno lo repite de inmediato en sus conferencias.<\/p>\n<p><strong>DOBLE APOYO-.<\/strong> El secretario de Gobernaci\u00f3n, Ad\u00e1n Augusto L\u00f3pez Hern\u00e1ndez, incluso, en doble partida, dio su apoyo al tabasque\u00f1o, obviamente en temas distintos y de gran actualidad, por lo que se apresur\u00f3 a dejar registro de su fidelidad, por si alguien tuviera duda respecto a la misma.<\/p>\n<p>La primera fidelidad y obediencia de Ad\u00e1n Augusto fue enterarnos, por medio de una filtraci\u00f3n, sobre dejar morir al INAI con\u00a0 el recurso de no proponer a personas para integrar y completar al\u00a0 n\u00famero de miembros del instituto, pues con\u00a0 los actuales cuatro integrantes lo hace inactivo.<\/p>\n<p>No s\u00f3lo no propuso Ad\u00e1n Augusto a nuevos miembros, pues gracias a la filtraci\u00f3n nos enteramos que obedeci\u00f3 la indicaci\u00f3n presidencial de que con dicha medida el INAI se volver\u00eda inoperante y a punto de la extinci\u00f3n. Ad\u00e1n Augusto est\u00e1 plenamente de acuerdo con su jefe.<\/p>\n<p>Hubo tiempos en que el secretario de Gobernaci\u00f3n diverg\u00eda de su jefe, era escuchado y as\u00ed naci\u00f3 la apertura e incorporaci\u00f3n de la oposici\u00f3n a la vida pol\u00edtica.<\/p>\n<p>Fue cuando don Jes\u00fas Reyes Heroles le propuso al presidente Jos\u00e9 Portillo el texto final de la Ley de Organizaciones Pol\u00edticas y Procesos Electorales, LOPPE, previamente consensuada entre el veracruzano y los dirigentes de los partidos de esos tiempos, PRI, PAN PPS y dem\u00e1s, para que con\u00a0 su anuencia enviarlo ya como iniciativa a la C\u00e1mara de Diputados para su an\u00e1lisis y dictamen.<\/p>\n<p>\u201cPero abriremos la puerta a la oposici\u00f3n\u201d, replic\u00f3, palabras m\u00e1s palabras menos, el presidente L\u00f3pez Portillo, a lo que en su cl\u00e1sico tono tuxpe\u00f1o, don Jes\u00fas replic\u00f3 que de no abrirse la puerta a la oposici\u00f3n \u201cpodr\u00edan venir problemas pol\u00edticos m\u00e1s fuertes y L\u00f3pez Portillo acept\u00f3 el punto de vista de su secretario de Gobernaci\u00f3n, divergente.<\/p>\n<p>Alg\u00fan d\u00eda, Ad\u00e1n Augusto asumir\u00e1 un papel de ese tama\u00f1o.<\/p>\n<p>La otra hoja calca del titular de la Segob fue criticar acremente a los ocho integrantes de la Suprema Corte de Justicia de la Naci\u00f3n que aprobaron mando civil a la Guardia Nacional.<\/p>\n<p><em><a href=\"mailto:elefa44@gmail.com\" target=\"_blank\" rel=\"noopener noreferrer\">elefa44@gmail.com<\/a><\/em><\/p>\n","protected":false},"excerpt":{"rendered":"<p><span style=\"color: #005497;\"><strong>Eleazar Flores<\/strong><\/span><\/p>\n","protected":false},"author":3,"featured_media":0,"comment_status":"open","ping_status":"open","sticky":false,"template":"","format":"standard","meta":{"_monsterinsights_skip_tracking":false,"_monsterinsights_sitenote_active":false,"_monsterinsights_sitenote_note":"","_monsterinsights_sitenote_category":0,"footnotes":""},"categories":[81743],"tags":[81744,81776,43674],"class_list":["post-581356","post","type-post","status-publish","format-standard","hentry","category-eleazar-flores","tag-eleazar-flores","tag-espacio-electoral","tag-opinion"],"_links":{"self":[{"href":"https:\/\/www.diarioimagen.net\/index.php?rest_route=\/wp\/v2\/posts\/581356","targetHints":{"allow":["GET"]}}],"collection":[{"href":"https:\/\/www.diarioimagen.net\/index.php?rest_route=\/wp\/v2\/posts"}],"about":[{"href":"https:\/\/www.diarioimagen.net\/index.php?rest_route=\/wp\/v2\/types\/post"}],"author":[{"embeddable":true,"href":"https:\/\/www.diarioimagen.net\/index.php?rest_route=\/wp\/v2\/users\/3"}],"replies":[{"embeddable":true,"href":"https:\/\/www.diarioimagen.net\/index.php?rest_route=%2Fwp%2Fv2%2Fcomments&post=581356"}],"version-history":[{"count":0,"href":"https:\/\/www.diarioimagen.net\/index.php?rest_route=\/wp\/v2\/posts\/581356\/revisions"}],"wp:attachment":[{"href":"https:\/\/www.diarioimagen.net\/index.php?rest_route=%2Fwp%2Fv2%2Fmedia&parent=581356"}],"wp:term":[{"taxonomy":"category","embeddable":true,"href":"https:\/\/www.diarioimagen.net\/index.php?rest_route=%2Fwp%2Fv2%2Fcategories&post=581356"},{"taxonomy":"post_tag","embeddable":true,"href":"https:\/\/www.diarioimagen.net\/index.php?rest_route=%2Fwp%2Fv2%2Ftags&post=581356"}],"curies":[{"name":"wp","href":"https:\/\/api.w.org\/{rel}","templated":true}]}}