{"id":581358,"date":"2023-04-20T00:10:05","date_gmt":"2023-04-20T06:10:05","guid":{"rendered":"https:\/\/www.diarioimagen.net\/?p=581358"},"modified":"2023-04-24T23:42:59","modified_gmt":"2023-04-25T05:42:59","slug":"el-desastre-politico-de-zacatecas","status":"publish","type":"post","link":"https:\/\/www.diarioimagen.net\/?p=581358","title":{"rendered":"El desastre pol\u00edtico de Zacatecas"},"content":{"rendered":"<h2>Triple Erre<\/h2>\n<h5>Francisco Reynoso<\/h5>\n<p>&nbsp;<\/p>\n<p>Mucho se ha dicho que L\u00d3PEZ OBRADOR mand\u00f3 \u201ccalentar\u201d las plazas de Zacatecas para tener m\u00e1s elementos que justifiquen su decisi\u00f3n de dejarlo fuera de la carrera por la Presidencia de la Rep\u00fablica en 2024.<\/p>\n<p>La estrategia, de ser cierta, le ha salido bien a L\u00d3PEZ.<\/p>\n<p>Empero, lo sucedido en las \u00faltimas horas, dir\u00eda \u00e9l mismo, le entran como anillo al dedo.<\/p>\n<p>El gobierno monrealista de Zacatecas entr\u00f3 en una crisis pol\u00edtica de la que pudiera no salir sin perder el poco respaldo social que le queda.<\/p>\n<p>Desde que asumi\u00f3 el poder en septiembre de 2021, DAVID MONREAL ocupa el lugar n\u00famero 32 en las encuestas sobre aceptaci\u00f3n y desempe\u00f1o de los gobernadores de M\u00e9xico. No ha podido salir del \u00faltimo lugar. Otros mandatarios tanto o m\u00e1s desastrosos, como CUAUHT\u00c9MOC BLANCO, LAYDA SANSORES, EVELYN SALGADO, CUITL\u00c1HUAC GARC\u00cdA, RICARDO GALLARDO, SAMUEL GARC\u00cdA y ALFREDO DEL MAZO, han ascendido y ahora andan en media tabla. El cuarto de la dinast\u00eda MONREAL sigue en \u00faltimo lugar, como clavado y pegado con Kola Loka.<\/p>\n<p>Bueno, pues DAVID MONREAL est\u00e1 en riesgo de perder ese \u00faltimo lugar. El involucramiento de su hijo putativo, de su consentido, de su obra pol\u00edtica, de su principal operador, est\u00e1 involucrado en un homicidio doloso y la Fiscal\u00eda General de Justicia solicit\u00f3 a la 64 Legislatura del estado su desafuero. El juicio de procedencia se inici\u00f3 el martes y tardar\u00e1 en resolverse no m\u00e1s de 10 d\u00edas.<\/p>\n<p>En Zacatecas, todo mundo sabe que JULIO \u201cN\u201d es la columna vertebral del proyecto pol\u00edtico de DAVID MONREAL. Y que de resultar culpable lo arrastrar\u00e1, porque nadie creer\u00e1 que no lo ha encubierto y buscar\u00e1 protegerlo cueste lo que cueste.<\/p>\n<p>Y la poca aprobaci\u00f3n que tiene el gobierno de la nueva gobernanza, que no llega a 30% \u2014tres de cada 10 zacatecanos\u2014 se perder\u00e1 sin remedio. Y deber\u00e1 pagar muy altas consecuencias en las elecciones de 2024.<\/p>\n<p>En la nomenclatura de Morena, el desastre administrativo en Zacatecas no se atribuye tanto al gobernador DAVID MONREAL como a su hermano, el senador, coordinador de la bancada morenista y presidente de la Jucopo, RICARDO MONREAL, a quien se le ha recortado de su curr\u00edculum el t\u00edtulo de aspirante a la candidatura de Morena a la Presidencia de la Rep\u00fablica.<\/p>\n<p>En Tabasco, PEP\u00cdN L\u00d3PEZ OBRADOR dijo de AD\u00c1N AUGUSTO L\u00d3PEZ: \u201cSi no pudo con el estado, menos podr\u00e1 con el pa\u00eds\u201d.<\/p>\n<p>Eso mismo gritan los apoyadores de CLAUDIA SHEINBAUM PARDO, \u201ccorcholata\u201d preferida de L\u00d3PEZ OBRADOR en el proceso para encontrar a su sucesor, a RICARDO MONREAL.<\/p>\n<p>Y es que desde el primer d\u00eda de la nueva gobernanza se ha dicho que el verdadero gobernador de Zacatecas es RICARDO, no DAVID MONREAL.<\/p>\n<p>As\u00ed que el desastre pol\u00edtico que se vive en Zacatecas por el posible desafuero y encarcelamiento de JULIO \u201cN\u201d, hijo putativo y operador pol\u00edtico de DAVID MONREAL, se atribuye a RICARDO. Y le gritan los claudistas: \u201cSi no puede con el estado, menos podr\u00e1 con el pa\u00eds\u201d.<\/p>\n<p style=\"text-align: center;\"><strong>Echeverr\u00eda y L\u00f3pez Obrador<\/strong><\/p>\n<p>Mucho se ha dicho \u00faltimamente de la gran semejanza entre el L\u00d3PEZ OBRADOR y LUIS ECHEVERR\u00cdA \u00c1LVAREZ.<\/p>\n<p>A vuelo de p\u00e1jaro, son muchas las similitudes en sus estilos de gobernar. Y en las consecuencias que tuvo que pagar M\u00e9xico despu\u00e9s del sexenio de LEA y las que tendr\u00e1 que pagar cuando AMLO se vaya, si es que se va.<\/p>\n<p>Con ECHEVERR\u00cdA, la inflaci\u00f3n sufri\u00f3 de 4 a 27%; L\u00d3PEZ ya la subi\u00f3 a 12%.<\/p>\n<p>ECHEVERR\u00cdA hizo cuanto pudo para que el gobierno fuera el principal empleador del pa\u00eds y para ello provoc\u00f3 dispendio de recursos p\u00fablicos en programas sociales muy cuestionados y que se justificaban con la frase \u201cGobernar para los pobres\u201d. El gobierno de LUIS ECHEVERR\u00cdA repudiaba tanto a la iniciativa privada, a los ricos corruptos y conservadores, explotadores del pueblo bueno, como a la fiscalizaci\u00f3n de las finanzas p\u00fablicas.<\/p>\n<p>El asco y desprecio que L\u00d3PEZ le manifiesta al Instituto Nacional de Acceso a la Informaci\u00f3n son patol\u00f3gicos. El odio a los comisionados que lo han exhibido como farsante, mentiroso y corrupto, le ha podrido el h\u00ed\u00adgado y no descansar\u00e1 hasta desquitarse. Por ello L\u00d3PEZ busca desaparecer al INAI o por lo menos inutilizarlo.<\/p>\n<p>LUIS ECHEVERR\u00cdA no escatim\u00f3 gastos para hacerse campa\u00f1a como candidato a Premio Nobel y a secretario general de la Organizaci\u00f3n de las Naciones Unidas.<\/p>\n<p>El desastre econ\u00f3mico y pol\u00edtico en el que dej\u00f3 a M\u00e9xico cuando entreg\u00f3 el poder a JOS\u00c9 L\u00d3PEZ PORTILLO lo sepultaron. En octubre de 1975 el periodista CHARLES GREEN escribi\u00f3: \u201cLos mexicanos han perdido la confianza en su gobierno (de LEA)\u201d. Y es que, entre otras cosas, el peso mexicano, del que ECHEVERR\u00cdA presum\u00eda su fortaleza, se devalu\u00f3 de 12 pesos por d\u00f3lar hasta 30 pesos por billete verde.<\/p>\n<p>Bien dicen que el mexicano es el \u00fanico animal que se tropieza dos, tres y hasta media docena de veces con la misma piedra.<\/p>\n<p>&nbsp;<\/p>\n<blockquote>\n<p style=\"text-align: right;\"><em><strong>La verdad es la verdad<br \/>\ny no admite otros datos<\/strong><\/em><\/p>\n<\/blockquote>\n<p>&nbsp;<\/p>\n<p><a href=\"mailto:donrunrun@yahoo.es\" target=\"_blank\" rel=\"noopener\"><em>donrunrun@yahoo.es<\/em><\/a><\/p>\n","protected":false},"excerpt":{"rendered":"<p><span style=\"color: #005497;\"><strong>Francisco Reynoso<\/strong><\/span><\/p>\n","protected":false},"author":3,"featured_media":0,"comment_status":"open","ping_status":"open","sticky":false,"template":"","format":"standard","meta":{"_monsterinsights_skip_tracking":false,"_monsterinsights_sitenote_active":false,"_monsterinsights_sitenote_note":"","_monsterinsights_sitenote_category":0,"footnotes":""},"categories":[94855],"tags":[94857,43674,94856],"class_list":["post-581358","post","type-post","status-publish","format-standard","hentry","category-francisco-reynoso","tag-francisco-reynoso","tag-opinion","tag-triple-erre"],"_links":{"self":[{"href":"https:\/\/www.diarioimagen.net\/index.php?rest_route=\/wp\/v2\/posts\/581358","targetHints":{"allow":["GET"]}}],"collection":[{"href":"https:\/\/www.diarioimagen.net\/index.php?rest_route=\/wp\/v2\/posts"}],"about":[{"href":"https:\/\/www.diarioimagen.net\/index.php?rest_route=\/wp\/v2\/types\/post"}],"author":[{"embeddable":true,"href":"https:\/\/www.diarioimagen.net\/index.php?rest_route=\/wp\/v2\/users\/3"}],"replies":[{"embeddable":true,"href":"https:\/\/www.diarioimagen.net\/index.php?rest_route=%2Fwp%2Fv2%2Fcomments&post=581358"}],"version-history":[{"count":0,"href":"https:\/\/www.diarioimagen.net\/index.php?rest_route=\/wp\/v2\/posts\/581358\/revisions"}],"wp:attachment":[{"href":"https:\/\/www.diarioimagen.net\/index.php?rest_route=%2Fwp%2Fv2%2Fmedia&parent=581358"}],"wp:term":[{"taxonomy":"category","embeddable":true,"href":"https:\/\/www.diarioimagen.net\/index.php?rest_route=%2Fwp%2Fv2%2Fcategories&post=581358"},{"taxonomy":"post_tag","embeddable":true,"href":"https:\/\/www.diarioimagen.net\/index.php?rest_route=%2Fwp%2Fv2%2Ftags&post=581358"}],"curies":[{"name":"wp","href":"https:\/\/api.w.org\/{rel}","templated":true}]}}