{"id":581368,"date":"2023-04-20T00:12:30","date_gmt":"2023-04-20T06:12:30","guid":{"rendered":"https:\/\/www.diarioimagen.net\/?p=581368"},"modified":"2023-04-21T02:16:43","modified_gmt":"2023-04-21T08:16:43","slug":"frente-a-la-estridencia-y-la-sinrazon-de-palacio-la-oposicion-avanza","status":"publish","type":"post","link":"https:\/\/www.diarioimagen.net\/?p=581368","title":{"rendered":"Frente a la estridencia y la sinraz\u00f3n de Palacio, la oposici\u00f3n avanza"},"content":{"rendered":"<h2>Tras la puerta del poder<\/h2>\n<h5>Roberto Vizca\u00edno<\/h5>\n<p>&nbsp;<\/p>\n<p>\u00bfCu\u00e1ntas veces hemos visto a un peleador que, ante la contundencia de los pu\u00f1os de su adversario, sale de entre las cuerdas un tanto noqueado y desorientado, pero tirando golpes al aire.<\/p>\n<p>La escena bien podr\u00eda atribuirse a lo ocurrido en la ma\u00f1anera de ayer. Dolido, con el h\u00edgado desecho por el golpe dado por 8 ministros de la Corte, el presidente Andr\u00e9s Manuel L\u00f3pez Obrador despotric\u00f3, descalific\u00f3 y, evidentemente derrotado, advirti\u00f3 que ir\u00e1 a una revancha que se antoja una simple bufonada:<\/p>\n<p>Que van a ver, conservadores tales por cuales, ministros calderonistas y <em>garc\u00eda luneros<\/em> lo que les tiene reservado para el cierre, las \u00faltimas horas de su mandato, por ello el primero de septiembre de 2024, con nueva legislatura en Senado y Diputados, reenviar\u00e1 a San L\u00e1zaro su iniciativa de traslado de la Guardia Nacional a la Sedena para que sea aprobada por mayor\u00eda constitucional morenista en los siguientes 30 d\u00edas, para que entre en vigor el d\u00eda \u00faltimo de su sexenio, promulgada por \u00e9l mismo.<\/p>\n<p>Un sonoro \u00a1\u00a1\u00a1OOORALES!!! retumb\u00f3 en llanos y praderas, playas y monta\u00f1as de M\u00e9xico.<\/p>\n<p>La verdad es que, m\u00e1s all\u00e1 de la pobre iron\u00eda, <strong>Andr\u00e9s Manuel L\u00f3pez Obrador<\/strong> ayer perdi\u00f3 el piso y el rumbo.<\/p>\n<p><strong>AMLO <\/strong>no fue derrotado por la Suprema Corte, sino por \u00e9l mismo. Su prepotencia y arrogancia de pretender pasar a la Guardia Nacional al control del Ej\u00e9rcito choc\u00f3 con la determinaci\u00f3n de los 8 ministros que vieron en ello un acto claramente inconstitucional. Uno de ellos lleg\u00f3 a calificar esta intentona como un fraude.<\/p>\n<p>Su \u201cplan B\u201d electoral es b\u00e1sicamente lo mismo. Y hay que recordar que a iguales acciones, iguales resultados.<\/p>\n<p style=\"text-align: center;\"><strong>Hay quienes no creen en ellos, pero ya salieron<\/strong><\/p>\n<p>Lo anterior ocurri\u00f3 durante los dos d\u00edas anteriores, lunes y martes, mientras que, convocados por <strong>Claudio X. Gonz\u00e1lez<\/strong>, 6 organizaciones civiles m\u00e1s a quienes ya se han sumado 150 de todo el pa\u00eds, se presentaron en el Polyforum Siqueiros los 13 aspirantes opositores con quienes la alianza Va por M\u00e9xico (PAN, PRI, PRD) pretende derrotar a AMLO y los candidatos de Morena en 2024.<\/p>\n<p>M\u00e1s all\u00e1 de rollos y promesas, an\u00e1lisis y pronunciamientos, la intenci\u00f3n de todos es sacar <em>un candidato com\u00fan<\/em> avalado por los ciudadanos para ganar en 2024, y luego formar el primer Gobierno de Coalici\u00f3n que habr\u00eda en el pa\u00eds.<\/p>\n<p><strong>Se podr\u00e1 decir lo que se quiera de ellos, pero de ah\u00ed saldr\u00eda el candidato de unidad con que la alianza competir\u00eda el a\u00f1o entrante:<\/strong><\/p>\n<p>Los 13 son:<strong> Santiago Creel<\/strong>, <strong>Beatriz Paredes<\/strong>, <strong>Gustavo de Hoyos<\/strong>, <strong>Lilly T\u00e9llez<\/strong>, <strong>Claudia Ruiz Massieu<\/strong>, <strong>Miguel \u00c1ngel Mancera<\/strong>, <strong>Silvano Aureoles<\/strong>, <strong>Jos\u00e9 \u00c1ngel Gurr\u00eda<\/strong>, <strong>Demetrio Sod<\/strong>i, <strong>Enrique de la Madrid<\/strong> y <strong>Juan Carlos Romero Hicks<\/strong>.<\/p>\n<p>La intenci\u00f3n es que, en los siguientes 6 meses, de aqu\u00ed a octubre, mes en que arranca formalmente la contienda del 2024, los 13 \u2014y quienes se pudieran sumar\u2014, se presenten en foros en cada uno de los 32 estados del pa\u00eds con sus propuestas tem\u00e1ticas.<\/p>\n<p>Hoy no vale la pena repetir lo que dijeron cada uno. Ya usted adivinar\u00e1 que se lanzaron contra la administraci\u00f3n de AMLO y su 4T y comenzaron a esbozar sus alternativas.<\/p>\n<p>Esto apenas comienza y lo importante, seg\u00fan yo, es mostrar que como en la canci\u00f3n <strong><em>de esto es lo \u00fanico que hay<\/em><\/strong>, entender que s\u00ed hay oposici\u00f3n y que entre quienes la integran hay al menos 4 o 5 que podr\u00edan ser muy buenos presidentes de M\u00e9xico.<\/p>\n<p style=\"text-align: center;\"><strong>En la misma mesa, los <em>irreconciliables<\/em><\/strong><\/p>\n<p>En un encuentro negociado y planchado por <strong>Ricardo Monreal<\/strong>, ayer se sentaron a la misma mesa a dialogar civilizadamente, sin gritos ni manotazos, el secretario de Gobernaci\u00f3n, <strong>Ad\u00e1n Augusto L\u00f3pez,<\/strong> y el coordinador de los senadores del PAN el veracruzano Julen Rementer\u00eda.<\/p>\n<p>Corto pero productivo, el di\u00e1logo que parec\u00eda imposible, sirvi\u00f3 para avanzar en un acercamiento hacia una agenda legislativa negociada en temas que son del inter\u00e9s de ambas partes.<\/p>\n<p>Ciertamente no fue una reuni\u00f3n amable, pero no r\u00edspida o incivilizada. Al final ambos se despidieron con un apret\u00f3n de manos a sabiendas de que cada uno representaban un mundo distinto y muy lejano uno del otro.<\/p>\n<p><strong>Monreal <\/strong>disfrut\u00f3 ser el punto intermedio, el salero de ese mole.<\/p>\n<p style=\"text-align: center;\"><strong>Arando en el mar<\/strong><\/p>\n<p>Quienes siguen sin encontrar la mesa del di\u00e1logo con el presidente <strong>Andr\u00e9s Manuel L\u00f3pez Obrador<\/strong>, o alguno de sus colaboradores, son los consejeros del INAI a quienes se les mantiene en el congelador del desprecio presidencial.<\/p>\n<p>Los 4 que andan en busca de que el Senado cuando menos designe a uno m\u00e1s para tener el quorum de 5 requerido para sesionar legal y formalmente lanzaron ayer un llamado para buscar un encuentro con el mandatario,<\/p>\n<p>Preocupados por las declaraciones de <strong>AMLO<\/strong>, quien ya anunci\u00f3 su desaparici\u00f3n, el pleno del organismo pidi\u00f3 reconsiderar esa decisi\u00f3n porque se vulnerar\u00eda derechos fundamentales, consagrados en la Constituci\u00f3n.<\/p>\n<p>Recordaron que el INAI trabaja por y para la ciudadan\u00eda a trav\u00e9s del derecho a saber y como la \u00fanica autoridad en el pa\u00eds facultada para velar por el derecho de la sociedad a la protecci\u00f3n de sus datos personales, a nivel nacional, en el sector privado y, en el \u00e1mbito federal, en el sector p\u00fablico.<\/p>\n<p>El pleno del INAI, integrado por <strong>Blanca Lilia Ibarra Cadena<\/strong>, presidenta y <strong>Josefina Rom\u00e1n Vergara<\/strong>, <strong>Norma Julieta del R\u00edo Venegas<\/strong> y <strong>Adri\u00e1n Alcal\u00e1 M\u00e9ndez<\/strong> lament\u00f3 las condiciones de inoperancia a que se les ha llevado por el Gobierno de la 4T.<\/p>\n<p><em><a href=\"mailto:rvizcainoa@gmail.com\" target=\"_blank\" rel=\"noopener noreferrer\">vizcainoa@gmail.com<\/a><a href=\"mailto:rvizcainoa@gmail.com\" target=\"_blank\" rel=\"noopener noreferrer\"><br \/>\n<\/a><a href=\"http:\/\/endirecto.mx\" target=\"_blank\" rel=\"noopener noreferrer\">www.endirecto.mx<\/a><a href=\"mailto:rvizcainoa@gmail.com\" target=\"_blank\" rel=\"noopener noreferrer\"><br \/>\n<\/a><a href=\"https:\/\/twitter.com\/_rvizcaino\" target=\"_blank\" rel=\"noopener noreferrer\">@_RVizcaino<\/a><a href=\"mailto:rvizcainoa@gmail.com\" target=\"_blank\" rel=\"noopener noreferrer\"><br \/>\n<\/a><a href=\"https:\/\/www.facebook.com\/rvizcainoa\" target=\"_blank\" rel=\"noopener noreferrer\">facebook.com\/rvizcainoa<\/a><\/em><\/p>\n","protected":false},"excerpt":{"rendered":"<p><span style=\"color: #005497;\"><strong>Roberto Vizca\u00edno<\/strong><\/span><\/p>\n","protected":false},"author":3,"featured_media":0,"comment_status":"open","ping_status":"open","sticky":false,"template":"","format":"standard","meta":{"_monsterinsights_skip_tracking":false,"_monsterinsights_sitenote_active":false,"_monsterinsights_sitenote_note":"","_monsterinsights_sitenote_category":0,"footnotes":""},"categories":[136],"tags":[43674,93,94],"class_list":["post-581368","post","type-post","status-publish","format-standard","hentry","category-roberto-vizcaino-opinion","tag-opinion","tag-roberto-vizcaino","tag-tras-la-puerta-del-poder"],"_links":{"self":[{"href":"https:\/\/www.diarioimagen.net\/index.php?rest_route=\/wp\/v2\/posts\/581368","targetHints":{"allow":["GET"]}}],"collection":[{"href":"https:\/\/www.diarioimagen.net\/index.php?rest_route=\/wp\/v2\/posts"}],"about":[{"href":"https:\/\/www.diarioimagen.net\/index.php?rest_route=\/wp\/v2\/types\/post"}],"author":[{"embeddable":true,"href":"https:\/\/www.diarioimagen.net\/index.php?rest_route=\/wp\/v2\/users\/3"}],"replies":[{"embeddable":true,"href":"https:\/\/www.diarioimagen.net\/index.php?rest_route=%2Fwp%2Fv2%2Fcomments&post=581368"}],"version-history":[{"count":0,"href":"https:\/\/www.diarioimagen.net\/index.php?rest_route=\/wp\/v2\/posts\/581368\/revisions"}],"wp:attachment":[{"href":"https:\/\/www.diarioimagen.net\/index.php?rest_route=%2Fwp%2Fv2%2Fmedia&parent=581368"}],"wp:term":[{"taxonomy":"category","embeddable":true,"href":"https:\/\/www.diarioimagen.net\/index.php?rest_route=%2Fwp%2Fv2%2Fcategories&post=581368"},{"taxonomy":"post_tag","embeddable":true,"href":"https:\/\/www.diarioimagen.net\/index.php?rest_route=%2Fwp%2Fv2%2Ftags&post=581368"}],"curies":[{"name":"wp","href":"https:\/\/api.w.org\/{rel}","templated":true}]}}