{"id":581370,"date":"2023-04-20T00:10:09","date_gmt":"2023-04-20T06:10:09","guid":{"rendered":"https:\/\/www.diarioimagen.net\/?p=581370"},"modified":"2023-04-20T00:06:46","modified_gmt":"2023-04-20T06:06:46","slug":"las-cuatro-decadas-de-marcelo","status":"publish","type":"post","link":"https:\/\/www.diarioimagen.net\/?p=581370","title":{"rendered":"Las cuatro d\u00e9cadas de Marcelo"},"content":{"rendered":"<h2>De frente y de perfil<\/h2>\n<h5>Ram\u00f3n Zurita Sahag\u00fan<\/h5>\n<p>&nbsp;<\/p>\n<p>Son pocos los que apuestan a que Marcelo Ebrard Casaubon ser\u00e1 el candidato presidencial de Morena.<\/p>\n<p>Lo hacen a pesar de que el secretario de Relaciones Exteriores es, dentro de las \u201ccorcholatas\u201d, el que cuenta con m\u00e1s experiencia y trayectoria pol\u00edtica y que, con excepci\u00f3n, de su paso por la secretar\u00eda de Seguridad P\u00fablica en el entonces Distrito Federal, su recorrido por la estela de puestos es con logros de todo tipo.<\/p>\n<p>Se recuerda que el linchamiento de un par de polic\u00edas en Tl\u00e1huac motiv\u00f3 su destituci\u00f3n del gabinete del gobierno capitalino que encabezaba Andr\u00e9s Manuel L\u00f3pez Obrador, por parte del Presidente Fox y se le intent\u00f3 fincar responsabilidades, aunque fue protegido por el Jefe de gobierno con el nombramiento de secretario de Desarrollo Social.<\/p>\n<p>Antes de eso, Marcelo tuvo otro tropiezo, en sus primeros intentos pol\u00edticos, cuando desde el PRI capitalino fue sembrado como primero en la lista plurinominal a la Asamblea del DF y, para su mala suerte, el PRI gan\u00f3 cada uno de los 40 distritos electorales y no tuvo acceso a los plurinominales.<\/p>\n<p>Marcelo desde siempre ha sido un pol\u00edtico disciplinado y ortodoxo, que privilegia la lealtad antes que todo. As\u00ed sucedi\u00f3 con Manuel Camacho, sin importar el tortuoso camino que sigui\u00f3 el primero, y con \u00e9l fund\u00f3 el partido de Centro Democr\u00e1tico, de ef\u00edmera vida.<\/p>\n<p>Esa misma lealtad la mostr\u00f3 con L\u00f3pez Obrador desde su protesta por el supuesto fraude electoral y seis a\u00f1os despu\u00e9s le propuso al tabasque\u00f1o el levantamiento de encuestas para definir qui\u00e9n de los dos se encontraba mejor posicionado, por lo que al darse los resultados y resultar que AMLO ten\u00eda mayor preferencia, por un peque\u00f1o margen, se hizo a un lado y colabor\u00f3 con \u00e9l en su campa\u00f1a presidencial.<\/p>\n<p>Es precisamente esa disciplina y lealtad que ha mostrado a lo largo de su vida pol\u00edtica, lo que le impide ofertarse a los partidos de oposici\u00f3n y mantenerse dentro de Morena, partido al que se afili\u00f3 recientemente.<\/p>\n<p>Marcelo narra en un detallado libro (<em>El Camino de M\u00e9xico,<\/em> 303 p\u00e1ginas) su paso por la vida y la actividad pol\u00edtica. C\u00f3mo inici\u00f3 su despertar en la preparatoria y hace un amplio reconocimiento a su mam\u00e1 grande (su abuela) que lo llev\u00f3 por la ruta del amor a M\u00e9xico.<\/p>\n<p>El hoy secretario de Relaciones Exteriores es el \u00fanico de las cuatro \u201ccorcholatas\u201d que narra su vida y le pone algo de sentimentalismo y a\u00f1oranza a su recorrido.<\/p>\n<p>Explica sus or\u00edgenes, presenta a su familia y deja en claro el por qu\u00e9 muchos consideran que Marcelo sirve lo mismo para un barrido que para un regado, en el c\u00edrculo pol\u00edtico, dando resultados. Fue director de Gobierno y secretario de Gobierno del DF, secretario de Seguridad P\u00fablica capitalino, secretario de Desarrollo Social, Jefe de gobierno del DF, subsecretario de Relaciones Exteriores y secretario de Relaciones. En el \u00e1mbito partidista fue secretario general del PRI-DF y secretario general y fundador del PCD.<\/p>\n<p>Da cuenta de la persecuci\u00f3n pol\u00edtica que sufri\u00f3 de parte de los gobiernos de Enrique Pe\u00f1a Nieto y Miguel \u00c1ngel Mancera y hace un reconocimiento del presidente L\u00f3pez Obrador del que dice: \u201cAnte todo es un patriota y, sin duda, uno de los mejores Presidentes que M\u00e9xico ha tenido\u201d.<\/p>\n<p style=\"text-align: center;\"><strong>*****<\/strong><\/p>\n<p>La CNDH emiti\u00f3 una recomendaci\u00f3n sobre graves violaciones a los derechos humanos ocurridas entre 1965 y 1990 por agentes del Estado. La presidenta de la CNDH, Rosario Piedra, se\u00f1al\u00f3 que da cumplimiento a una promesa que hizo a su madre\u2026 De santa laica calific\u00f3 el Presidente a Elena Poniatowska, quien ayer recibi\u00f3 de parte del Senado de la Rep\u00fablica la medalla Belisario Dom\u00ednguez, una presea que se ha venido devaluando.<\/p>\n<p><a href=\"mailto:ramonzurita44@hotmail.com\" target=\"_blank\" rel=\"noopener noreferrer\"><em>ramonzurita44@hotmail.com<\/em><\/a><\/p>\n","protected":false},"excerpt":{"rendered":"<p><span style=\"color: #005497;\"><strong>Ram\u00f3n Zurita Sahag\u00fan<\/strong><\/span><\/p>\n","protected":false},"author":3,"featured_media":0,"comment_status":"open","ping_status":"open","sticky":false,"template":"","format":"standard","meta":{"_monsterinsights_skip_tracking":false,"_monsterinsights_sitenote_active":false,"_monsterinsights_sitenote_note":"","_monsterinsights_sitenote_category":0,"footnotes":""},"categories":[234],"tags":[304,43674,43687],"class_list":["post-581370","post","type-post","status-publish","format-standard","hentry","category-ramon-zurita-sahagun","tag-de-frente-y-de-perfil","tag-opinion","tag-ramon-zurita-sahagun"],"_links":{"self":[{"href":"https:\/\/www.diarioimagen.net\/index.php?rest_route=\/wp\/v2\/posts\/581370","targetHints":{"allow":["GET"]}}],"collection":[{"href":"https:\/\/www.diarioimagen.net\/index.php?rest_route=\/wp\/v2\/posts"}],"about":[{"href":"https:\/\/www.diarioimagen.net\/index.php?rest_route=\/wp\/v2\/types\/post"}],"author":[{"embeddable":true,"href":"https:\/\/www.diarioimagen.net\/index.php?rest_route=\/wp\/v2\/users\/3"}],"replies":[{"embeddable":true,"href":"https:\/\/www.diarioimagen.net\/index.php?rest_route=%2Fwp%2Fv2%2Fcomments&post=581370"}],"version-history":[{"count":0,"href":"https:\/\/www.diarioimagen.net\/index.php?rest_route=\/wp\/v2\/posts\/581370\/revisions"}],"wp:attachment":[{"href":"https:\/\/www.diarioimagen.net\/index.php?rest_route=%2Fwp%2Fv2%2Fmedia&parent=581370"}],"wp:term":[{"taxonomy":"category","embeddable":true,"href":"https:\/\/www.diarioimagen.net\/index.php?rest_route=%2Fwp%2Fv2%2Fcategories&post=581370"},{"taxonomy":"post_tag","embeddable":true,"href":"https:\/\/www.diarioimagen.net\/index.php?rest_route=%2Fwp%2Fv2%2Ftags&post=581370"}],"curies":[{"name":"wp","href":"https:\/\/api.w.org\/{rel}","templated":true}]}}