{"id":581446,"date":"2023-04-21T00:01:47","date_gmt":"2023-04-21T06:01:47","guid":{"rendered":"https:\/\/www.diarioimagen.net\/?p=581446"},"modified":"2023-04-21T01:44:46","modified_gmt":"2023-04-21T07:44:46","slug":"unidos-y-organizados-vamos-a-defender-el-triunfo-en-el-edomex-delfina-gomez","status":"publish","type":"post","link":"https:\/\/www.diarioimagen.net\/?p=581446","title":{"rendered":"Unidos y organizados vamos a defender el triunfo en el Edomex: Delfina G\u00f3mez"},"content":{"rendered":"<p>&nbsp;<\/p>\n<ul>\n<li><strong><em>\u201cNo permitiremos ning\u00fan intento de fraude\u201d<\/em><\/strong><\/li>\n<\/ul>\n<p>&nbsp;<\/p>\n<div id=\"attachment_581502\" style=\"width: 470px\" class=\"wp-caption aligncenter\"><a href=\"https:\/\/www.diarioimagen.net\/?attachment_id=581502\" rel=\"attachment wp-att-581502\"><img loading=\"lazy\" decoding=\"async\" aria-describedby=\"caption-attachment-581502\" class=\"size-full wp-image-581502\" src=\"https:\/\/www.diarioimagen.net\/wp-content\/uploads\/2023\/04\/unidos-organizados.jpg\" alt=\"\" width=\"460\" height=\"270\" \/><\/a><p id=\"caption-attachment-581502\" class=\"wp-caption-text\">Delfina G\u00f3mez enemos la oportunidad hist\u00f3rica de transformar la vida de 18 millones de mexiquenses y la vamos a defender\u201d, asegur\u00f3 enf\u00e1tica.<\/p><\/div>\n<p>&nbsp;<\/p>\n<p><strong>Toluca, Estado de M\u00e9xico.\u2014<\/strong> \u201cUnidos y organizados vamos a defender el triunfo el 4 de junio, no permitiremos ning\u00fan intento de fraude en el Estado de M\u00e9xico\u201d, asegur\u00f3 Delfina G\u00f3mez, candidata a gobernadora del Estado de M\u00e9xico por Morena, PT y PVEM.<\/p>\n<p>Ante el llamado a la ilegalidad que hizo la candidata del PRIAN, Alejandra Del Moral, Delfina G\u00f3mez se pronunci\u00f3 a favor de que se escuche la voz del pueblo en un proceso democr\u00e1tico, plural y abierto de renovaci\u00f3n del poder p\u00fablico en el estado. \u201cLa voluntad de cambio del pueblo del Estado de M\u00e9xico no va a ser violentada.<\/p>\n<p>Tenemos la oportunidad hist\u00f3rica de transformar la vida de 18 millones de mexiquenses y la vamos a defender\u201d, asegur\u00f3 enf\u00e1tica la maestra Delfina G\u00f3mez.<\/p>\n<p>La representaci\u00f3n del partido Morena present\u00f3 ante el Instituto Electoral del Estado de M\u00e9xico (IEEM), una queja en contra de Alejandra del Moral, candidata de la coalici\u00f3n integrada por el PRI, PAN, PRD y Nueva Alianza Estado de M\u00e9xico, por incitar al fraude electoral en los comicios que la entidad celebrar\u00e1 el pr\u00f3ximo 4 de junio.<\/p>\n<p>En un video que circula en redes sociales, se escucha a la candidata del PRIAN hacer un llamado a dirigentes, militantes y simpatizantes: \u201cTomen su lugar en la batalla y hagan lo que saben hacer, para bien o para mal. Queremos constancia de mayor\u00eda, no de buena conducta\u201d.<\/p>\n<p>En un documento sellado de recibido por la oficial\u00eda de partes del organismo electoral, el representante propietario de MORENA ante el Consejo General del IEEM, Jos\u00e9 Francisco V\u00e1zquez Rodr\u00edguez solicit\u00f3 se dictaran medidas cautelares por la clara violaci\u00f3n a las obligaciones previstas en la Ley General de Partidos Pol\u00edticos; as\u00ed como a las reglas de Campa\u00f1a Electoral: y por incitar a actos que afectan el voto libre de las personas.<\/p>\n","protected":false},"excerpt":{"rendered":"<p>\u201cUnidos y organizados vamos a defender el triunfo el 4 de junio, no permitiremos ning\u00fan intento de fraude en el Estado de M\u00e9xico\u201d, asegur\u00f3 Delfina G\u00f3mez, candidata a gobernadora del Estado de M\u00e9xico por Morena, PT y PVEM.<\/p>\n","protected":false},"author":3,"featured_media":581502,"comment_status":"open","ping_status":"open","sticky":false,"template":"","format":"standard","meta":{"_monsterinsights_skip_tracking":false,"_monsterinsights_sitenote_active":false,"_monsterinsights_sitenote_note":"","_monsterinsights_sitenote_category":0,"footnotes":""},"categories":[5],"tags":[58665,57859,48496],"class_list":["post-581446","post","type-post","status-publish","format-standard","has-post-thumbnail","hentry","category-estado-de-mexico","tag-defender","tag-delfina-gomez-alvarez","tag-triunfo"],"_links":{"self":[{"href":"https:\/\/www.diarioimagen.net\/index.php?rest_route=\/wp\/v2\/posts\/581446","targetHints":{"allow":["GET"]}}],"collection":[{"href":"https:\/\/www.diarioimagen.net\/index.php?rest_route=\/wp\/v2\/posts"}],"about":[{"href":"https:\/\/www.diarioimagen.net\/index.php?rest_route=\/wp\/v2\/types\/post"}],"author":[{"embeddable":true,"href":"https:\/\/www.diarioimagen.net\/index.php?rest_route=\/wp\/v2\/users\/3"}],"replies":[{"embeddable":true,"href":"https:\/\/www.diarioimagen.net\/index.php?rest_route=%2Fwp%2Fv2%2Fcomments&post=581446"}],"version-history":[{"count":0,"href":"https:\/\/www.diarioimagen.net\/index.php?rest_route=\/wp\/v2\/posts\/581446\/revisions"}],"wp:featuredmedia":[{"embeddable":true,"href":"https:\/\/www.diarioimagen.net\/index.php?rest_route=\/wp\/v2\/media\/581502"}],"wp:attachment":[{"href":"https:\/\/www.diarioimagen.net\/index.php?rest_route=%2Fwp%2Fv2%2Fmedia&parent=581446"}],"wp:term":[{"taxonomy":"category","embeddable":true,"href":"https:\/\/www.diarioimagen.net\/index.php?rest_route=%2Fwp%2Fv2%2Fcategories&post=581446"},{"taxonomy":"post_tag","embeddable":true,"href":"https:\/\/www.diarioimagen.net\/index.php?rest_route=%2Fwp%2Fv2%2Ftags&post=581446"}],"curies":[{"name":"wp","href":"https:\/\/api.w.org\/{rel}","templated":true}]}}