{"id":581448,"date":"2023-04-21T00:02:54","date_gmt":"2023-04-21T06:02:54","guid":{"rendered":"https:\/\/www.diarioimagen.net\/?p=581448"},"modified":"2023-04-21T01:45:10","modified_gmt":"2023-04-21T07:45:10","slug":"impartiran-conferencia-para-concientizacion-del-autismo-en-cuautitlan-izcalli","status":"publish","type":"post","link":"https:\/\/www.diarioimagen.net\/?p=581448","title":{"rendered":"Impartir\u00e1n conferencia para\u00a0concientizaci\u00f3n del autismo, en Cuautitl\u00e1n Izcalli"},"content":{"rendered":"<p>&nbsp;<\/p>\n<p><a href=\"https:\/\/www.diarioimagen.net\/?attachment_id=581504\" rel=\"attachment wp-att-581504\"><img loading=\"lazy\" decoding=\"async\" class=\"aligncenter size-full wp-image-581504\" src=\"https:\/\/www.diarioimagen.net\/wp-content\/uploads\/2023\/04\/impartiran-conferencia.jpg\" alt=\"\" width=\"460\" height=\"270\" \/><\/a><\/p>\n<p>&nbsp;<\/p>\n<p><strong>Cuautitl\u00e1n Izcalli, Estado de M\u00e9xico.\u2014<\/strong> Este 24 de abril, el Centro de Autismo Telet\u00f3n, en conjunto con el DIF municipal, llevar\u00e1n a cabo la conferencia Concientizaci\u00f3n sobre el Autismo, esto como parte del mes alusivo a este trastorno.<\/p>\n<p>Esta conferencia est\u00e1 dirigida a la poblaci\u00f3n en general con la finalidad de informar sobre el Trastorno de Espectro Autista con conocimientos concretos y ver\u00eddicos y ser\u00e1 impartida por personal del mismo Centro de Autismo Telet\u00f3n (CAT). Dicha conferencia tendr\u00e1 un cupo para 100 personas y la cita ser\u00e1 el pr\u00f3ximo 24 de abril a las 15:30 horas en el Sal\u00f3n Candiles, ubicado en Avenida Constituci\u00f3n 1000, colonia Cumbria.<\/p>\n","protected":false},"excerpt":{"rendered":"<p>Este 24 de abril, el Centro de Autismo Telet\u00f3n, en conjunto con el DIF municipal, llevar\u00e1n a cabo la conferencia Concientizaci\u00f3n sobre el Autismo, esto como parte del mes alusivo a este trastorno.<\/p>\n","protected":false},"author":3,"featured_media":581504,"comment_status":"open","ping_status":"open","sticky":false,"template":"","format":"standard","meta":{"_monsterinsights_skip_tracking":false,"_monsterinsights_sitenote_active":false,"_monsterinsights_sitenote_note":"","_monsterinsights_sitenote_category":0,"footnotes":""},"categories":[5],"tags":[87663,971],"class_list":["post-581448","post","type-post","status-publish","format-standard","has-post-thumbnail","hentry","category-estado-de-mexico","tag-concientizacion","tag-cuautitlan-izcalli"],"_links":{"self":[{"href":"https:\/\/www.diarioimagen.net\/index.php?rest_route=\/wp\/v2\/posts\/581448","targetHints":{"allow":["GET"]}}],"collection":[{"href":"https:\/\/www.diarioimagen.net\/index.php?rest_route=\/wp\/v2\/posts"}],"about":[{"href":"https:\/\/www.diarioimagen.net\/index.php?rest_route=\/wp\/v2\/types\/post"}],"author":[{"embeddable":true,"href":"https:\/\/www.diarioimagen.net\/index.php?rest_route=\/wp\/v2\/users\/3"}],"replies":[{"embeddable":true,"href":"https:\/\/www.diarioimagen.net\/index.php?rest_route=%2Fwp%2Fv2%2Fcomments&post=581448"}],"version-history":[{"count":0,"href":"https:\/\/www.diarioimagen.net\/index.php?rest_route=\/wp\/v2\/posts\/581448\/revisions"}],"wp:featuredmedia":[{"embeddable":true,"href":"https:\/\/www.diarioimagen.net\/index.php?rest_route=\/wp\/v2\/media\/581504"}],"wp:attachment":[{"href":"https:\/\/www.diarioimagen.net\/index.php?rest_route=%2Fwp%2Fv2%2Fmedia&parent=581448"}],"wp:term":[{"taxonomy":"category","embeddable":true,"href":"https:\/\/www.diarioimagen.net\/index.php?rest_route=%2Fwp%2Fv2%2Fcategories&post=581448"},{"taxonomy":"post_tag","embeddable":true,"href":"https:\/\/www.diarioimagen.net\/index.php?rest_route=%2Fwp%2Fv2%2Ftags&post=581448"}],"curies":[{"name":"wp","href":"https:\/\/api.w.org\/{rel}","templated":true}]}}