{"id":581456,"date":"2023-04-21T00:01:18","date_gmt":"2023-04-21T06:01:18","guid":{"rendered":"https:\/\/www.diarioimagen.net\/?p=581456"},"modified":"2023-04-24T23:03:11","modified_gmt":"2023-04-25T05:03:11","slug":"servicios-moviles-de-atencion-medica-salud-para-tods-benefician-a-miles-de-quintanarroenses","status":"publish","type":"post","link":"https:\/\/www.diarioimagen.net\/?p=581456","title":{"rendered":"Servicios M\u00f3viles de Atenci\u00f3n M\u00e9dica \u201cSalud para Tod@s\u201d benefician a miles de quintanarroenses"},"content":{"rendered":"<h2>Derecho de r\u00e9plica<\/h2>\n<h5>Jos\u00e9 Luis Monta\u00f1ez<\/h5>\n<p>&nbsp;<\/p>\n<ul>\n<li><strong><em>Con estas acciones, el gobierno de la transformaci\u00f3n aumenta la cantidad, la calidad y calidez de los servicios de atenci\u00f3n m\u00e9dica a las y los quintanarroenses: <\/em><\/strong><strong><em>Flavio Carlos Rosado<\/em><\/strong><\/li>\n<\/ul>\n<p>&nbsp;<\/p>\n<div id=\"attachment_581496\" style=\"width: 470px\" class=\"wp-caption aligncenter\"><a href=\"https:\/\/www.diarioimagen.net\/?attachment_id=581496\" rel=\"attachment wp-att-581496\"><img loading=\"lazy\" decoding=\"async\" aria-describedby=\"caption-attachment-581496\" class=\"size-full wp-image-581496\" src=\"https:\/\/www.diarioimagen.net\/wp-content\/uploads\/2023\/04\/derecho-4.jpg\" alt=\"\" width=\"460\" height=\"270\" \/><\/a><p id=\"caption-attachment-581496\" class=\"wp-caption-text\">Servicios M\u00f3viles de Atenci\u00f3n M\u00e9dica \u201cSalud para Tod@s\u201d han beneficiado a miles de quintanarroenses de seis comunidades en cuatro municipios del estado.<\/p><\/div>\n<p>&nbsp;<\/p>\n<p>A una semana de haber iniciado los Servicios M\u00f3viles de Atenci\u00f3n M\u00e9dica \u201cSalud para Tod@s\u201d han beneficiado a miles de quintanarroenses de seis comunidades en cuatro municipios de la entidad, inform\u00f3 el secretario de Salud, Flavio Carlos Rosado.<\/p>\n<p>Precis\u00f3 que del 12 al 19 de abril del a\u00f1o en curso, se han realizado cinco mil 996 atenciones a habitantes de Chump\u00f3n, Candelaria, Caobas, Nicol\u00e1s Bravo, Se\u00f1or, Tihosuco y Cob\u00e1.<\/p>\n<p>Flavio Carlos Rosado, record\u00f3 que uno de los objetivos principales de estos servicios m\u00f3viles es aumentar la cantidad, la calidad y calidez de los servicios de atenci\u00f3n m\u00e9dica a las y los quintanarroenses.<\/p>\n<p>Con estos servicios se busca tambi\u00e9n fomentar acciones de prevenci\u00f3n de enfermedades y, con ello, contribuir a la disminuci\u00f3n de la demanda de servicios en los hospitales generales e integrales de Quintana Roo.<\/p>\n<p>Trabajando en unidad, en equipo con la gente, el gobierno de la transformaci\u00f3n, brinda servicios cercanos, integrales y de calidad, con la puesta en marcha de estas 42 unidades m\u00f3viles, que se dividen en tres convoyes, para dar servicio de manera simult\u00e1nea y \u00e1gil en todo el territorio estatal.<\/p>\n<p>Detall\u00f3 que estas unidades llevan a las comunidades, consultas integrales, estudios de laboratorio cl\u00ednico, mastograf\u00edas, teles de t\u00f3rax o radiograf\u00edas, estudios de densitometr\u00eda, electrocardiogramas, ultrasonidos obst\u00e9tricos y p\u00e9lvicos, atenciones de salud dental, psicol\u00f3gicas, orientaciones nutricionales, farmacia, pediculosis y cortes de cabello, promoci\u00f3n de la salud y prevenci\u00f3n de enfermedades, y ex\u00e1menes de o\u00eddo y de la vista.<\/p>\n<p>Igualmente, dijo, las unidades m\u00f3viles incluyen la detecci\u00f3n de enfermedades y de apoyo diagn\u00f3stico, insumos m\u00e9dicos (medicamentos del cuadro b\u00e1sico y general), recurso humano para otorgar los servicios, equipo m\u00e9dico, de laboratorio y gabinete de \u00faltima generaci\u00f3n.<\/p>\n<p>Especific\u00f3 que, en la zona sur, correspondiente a la Jurisdicci\u00f3n Sanitaria 1, se atendieron las comunidades de Caobas y Nicol\u00e1s Bravo. Posteriormente se atender\u00e1n Rojo G\u00f3mez, Otilio Monta\u00f1o, Altos de Sevilla, Miguel Hidalgo, Pantera y Mahahual.<\/p>\n<p>En la zona norte, agreg\u00f3, correspondiente a la Jurisdicci\u00f3n Sanitaria 2 se atendi\u00f3 a los habitantes de Cob\u00e1. Tambi\u00e9n se atender\u00e1n a los habitantes de Solferino, Kantunilk\u00edn, Ignacio Zaragoza, Leona Vicario, Canc\u00fan (Tres Reyes Avante y Villas Otoch), Playa del Carmen y Puerto Morelos.<\/p>\n<p>Tambi\u00e9n, indic\u00f3 que en la zona centro, correspondiente a la Jurisdicci\u00f3n Sanitaria 3, se atendieron las comunidades de Se\u00f1or y Chump\u00f3n del municipio de Felipe Carrillo Puerto y Candelaria de Jos\u00e9 Mar\u00eda Morelos. Posteriormente se atender\u00e1n las poblaciones de Tihosuco, Sab\u00e1n, Candelaria, Chunhuhub, Nuevo Israel y Uh May.<\/p>\n<p><em>Escr\u00edbame a mi mail: <a href=\"mailto:montanezaguilar@gmail.com\" target=\"_blank\" rel=\"noopener noreferrer\">montanezaguilar@gmail.com<\/a><\/em><\/p>\n","protected":false},"excerpt":{"rendered":"<p><span style=\"color: #005497;\"><strong>Jos\u00e9 Luis Monta\u00f1ez<\/strong><\/span><br \/>\n<br \/>\nA una semana de haber iniciado los Servicios M\u00f3viles de Atenci\u00f3n M\u00e9dica \u201cSalud para Tod@s\u201d han beneficiado a miles de quintanarroenses de seis comunidades en cuatro municipios de la entidad, inform\u00f3 el secretario de Salud, Flavio Carlos Rosado.<\/p>\n","protected":false},"author":3,"featured_media":581496,"comment_status":"open","ping_status":"open","sticky":false,"template":"","format":"standard","meta":{"_monsterinsights_skip_tracking":false,"_monsterinsights_sitenote_active":false,"_monsterinsights_sitenote_note":"","_monsterinsights_sitenote_category":0,"footnotes":""},"categories":[11622,25512],"tags":[47840,54579,43674],"class_list":["post-581456","post","type-post","status-publish","format-standard","has-post-thumbnail","hentry","category-jose-luis-montanez-aguilar","category-nacional-nacional","tag-derecho-de-replica","tag-jose-luis-montanez","tag-opinion"],"_links":{"self":[{"href":"https:\/\/www.diarioimagen.net\/index.php?rest_route=\/wp\/v2\/posts\/581456","targetHints":{"allow":["GET"]}}],"collection":[{"href":"https:\/\/www.diarioimagen.net\/index.php?rest_route=\/wp\/v2\/posts"}],"about":[{"href":"https:\/\/www.diarioimagen.net\/index.php?rest_route=\/wp\/v2\/types\/post"}],"author":[{"embeddable":true,"href":"https:\/\/www.diarioimagen.net\/index.php?rest_route=\/wp\/v2\/users\/3"}],"replies":[{"embeddable":true,"href":"https:\/\/www.diarioimagen.net\/index.php?rest_route=%2Fwp%2Fv2%2Fcomments&post=581456"}],"version-history":[{"count":0,"href":"https:\/\/www.diarioimagen.net\/index.php?rest_route=\/wp\/v2\/posts\/581456\/revisions"}],"wp:featuredmedia":[{"embeddable":true,"href":"https:\/\/www.diarioimagen.net\/index.php?rest_route=\/wp\/v2\/media\/581496"}],"wp:attachment":[{"href":"https:\/\/www.diarioimagen.net\/index.php?rest_route=%2Fwp%2Fv2%2Fmedia&parent=581456"}],"wp:term":[{"taxonomy":"category","embeddable":true,"href":"https:\/\/www.diarioimagen.net\/index.php?rest_route=%2Fwp%2Fv2%2Fcategories&post=581456"},{"taxonomy":"post_tag","embeddable":true,"href":"https:\/\/www.diarioimagen.net\/index.php?rest_route=%2Fwp%2Fv2%2Ftags&post=581456"}],"curies":[{"name":"wp","href":"https:\/\/api.w.org\/{rel}","templated":true}]}}