{"id":581520,"date":"2023-04-21T00:04:38","date_gmt":"2023-04-21T06:04:38","guid":{"rendered":"https:\/\/www.diarioimagen.net\/?p=581520"},"modified":"2023-04-21T01:55:50","modified_gmt":"2023-04-21T07:55:50","slug":"magnates-y-recursos-publicos","status":"publish","type":"post","link":"https:\/\/www.diarioimagen.net\/?p=581520","title":{"rendered":"Magnates y recursos p\u00fablicos"},"content":{"rendered":"<h2>Desde el portal<\/h2>\n<h5>\u00c1ngel Soriano<\/h5>\n<p>&nbsp;<\/p>\n<p>El presidente Andr\u00e9s Manuel L\u00f3pez Obrador indic\u00f3 que los grandes magnates de los medios de comunicaci\u00f3n tambi\u00e9n viajan a todo lujo con recursos p\u00fablicos, porque venden publicidad y protecci\u00f3n, sin embargo, nadie los cuestiona como ocurre ahora con la familia del secretario de la Defensa Nacional, Luis Cresencio Sandoval Gonz\u00e1lez.<\/p>\n<p>Y pese a que el militar de elevado rango aparece todos los d\u00edas en las ma\u00f1aneras -salvo excepciones-, y se le encuentra en los lugares donde ocurren desastres o hechos delictuosos, se afirma que ha estado en Italia en hoteles de lujo hasta por 15 d\u00edas, lo cual puso en duda el Presidente, no as\u00ed la de la familia del militar que puede que s\u00ed. \u00bfY eso qu\u00e9?, dijo.<\/p>\n<p>Tanto magnates de los medios, como altos -medios y de bajo nivel- funcionarios, sin duda que utilizan recursos p\u00fablicos para placeres personales, familiares o de allegados, lo cual deber\u00e1 esclarecerse para la salud p\u00fablica, pues esto permite tener la certeza de que nuestros impuestos permiten la buena vida de los que tienen acceso a las arcas p\u00fablicas.<\/p>\n<p>Por eso, la misma Presidencia o el Congreso de la Uni\u00f3n, deber\u00edan exigir cuentas a los poderosos magnates de los medios de comunicaci\u00f3n que, mediante el despojo de empresas editoriales a los trabajadores, siguen en la industria del chantaje y de la venta de protecci\u00f3n al poder p\u00fablico para viajar como sultanes por el mundo a costa del sacrificio de los menos favorecidos.<\/p>\n<p style=\"text-align: center;\"><strong>TURBULENCIAS<br \/>\nCae medio centenar de \u00e1rboles en Oaxaca<\/strong><\/p>\n<p>Una tormenta el\u00e9ctrica que cay\u00f3 ayer por la tarde sobre los valles centrales de Oaxaca, arras\u00f3 con medio centenar de \u00e1rboles y causando destrozos a veh\u00edculos y casas particulares, lo cual se suma a la negligencia o complicidad de las autoridades municipales con los destructores de la ciudad. La capital oaxaque\u00f1a no s\u00f3lo es v\u00edctima de quienes se han apoderado de su belleza colonial, incluyendo el despojo de vetustas casonas coloniales, sino de la incapacidad de las autoridades para el cuidado de la ciudad que este mes cumple 491 a\u00f1os de su fundaci\u00f3n\u2026 Como un af\u00e1n enfermizo de figurar y escalar posiciones pol\u00edticas con esc\u00e1ndalos se ha visto a la senadora panista, la sonorense -l\u00e1stima de Sonora-, Lilly T\u00e9llez, que en su af\u00e1n protag\u00f3nico arremete contra figuras p\u00fablicas para alcanzar notoriedad para sus aspiraciones pol\u00edticas desatadas. Nadie en su sano juicio podr\u00eda votar por una persona con evidente desequilibrio emocional\u2026 El ex subprocurador de Justicia de Oaxaca, Enrique Toro Ferrer, hizo serios se\u00f1alamientos a ex funcionarios p\u00fablicos como integrantes del \u201cc\u00e1rtel del despojo\u201d, lo cual deber\u00e1 ser investigado y sustentado con pruebas a efecto de que este hecho delictuoso no se convierta en una cacer\u00eda de brujas o de ataques a pol\u00edticos en desgracia\u2026 Rosa Icela Rodr\u00edguez sum\u00f3 a sus filas a la Guardia Nacional, teniendo as\u00ed, cuando menos de manera formal, el control total de las fuerzas armadas del pa\u00eds y, de continuar en el \u00e1nimo de quien decide en la Naci\u00f3n, podr\u00eda convertirse en candidata de Morena a la jefatura de Gobierno de la Ciudad de M\u00e9xico, en donde ha realizado su trayectoria pol\u00edtica\u2026 Incuestionable habilidad pol\u00edtica del presidente L\u00f3pez Obrador: De severa cr\u00edtica, la laureada escritora Elena Poniatowka volvi\u00f3 a ser admiradora del Presidente. Hubo un distanciamiento entre ambos que hizo que la galardonada se convirtiera en cr\u00edtica de AMLO, el Senado le concedi\u00f3 la Medalla Belisario Dom\u00ednguez, el Presidente la llam\u00f3 a Palacio Nacional para felicitarla y sali\u00f3 como una admiradora m\u00e1s a pronunciar elogioso discurso en la tribuna de la vieja Casona de Xicot\u00e9ncatl. Y todav\u00eda hay quienes dudan de la pericia del tabasque\u00f1o en la conducci\u00f3n de los destinos de la Naci\u00f3n.<\/p>\n<p><u><a href=\"mailto:asorianocarrasco@yahoo.com\" target=\"_blank\" rel=\"noopener noreferrer\"><em>asorianocarrasco@yahoo.com<\/em><\/a><br \/>\n<em><a href=\"https:\/\/revistabrecha.com\" target=\"_blank\" rel=\"noopener noreferrer\">www.revistabrecha.com<\/a><br \/>\n<\/em><\/u><em>facebook oficial <a href=\"https:\/\/es-la.facebook.com\/RevistaBrecha.Oficial\" target=\"_blank\" rel=\"noopener\">@BrechaRevista<\/a><\/em><\/p>\n","protected":false},"excerpt":{"rendered":"<p><span style=\"color: #005497;\"><strong>\u00c1ngel Soriano<\/strong><\/span><\/p>\n","protected":false},"author":3,"featured_media":0,"comment_status":"open","ping_status":"open","sticky":false,"template":"","format":"standard","meta":{"_monsterinsights_skip_tracking":false,"_monsterinsights_sitenote_active":false,"_monsterinsights_sitenote_note":"","_monsterinsights_sitenote_category":0,"footnotes":""},"categories":[135],"tags":[43674],"class_list":["post-581520","post","type-post","status-publish","format-standard","hentry","category-angel-soriano-opinion","tag-opinion"],"_links":{"self":[{"href":"https:\/\/www.diarioimagen.net\/index.php?rest_route=\/wp\/v2\/posts\/581520","targetHints":{"allow":["GET"]}}],"collection":[{"href":"https:\/\/www.diarioimagen.net\/index.php?rest_route=\/wp\/v2\/posts"}],"about":[{"href":"https:\/\/www.diarioimagen.net\/index.php?rest_route=\/wp\/v2\/types\/post"}],"author":[{"embeddable":true,"href":"https:\/\/www.diarioimagen.net\/index.php?rest_route=\/wp\/v2\/users\/3"}],"replies":[{"embeddable":true,"href":"https:\/\/www.diarioimagen.net\/index.php?rest_route=%2Fwp%2Fv2%2Fcomments&post=581520"}],"version-history":[{"count":0,"href":"https:\/\/www.diarioimagen.net\/index.php?rest_route=\/wp\/v2\/posts\/581520\/revisions"}],"wp:attachment":[{"href":"https:\/\/www.diarioimagen.net\/index.php?rest_route=%2Fwp%2Fv2%2Fmedia&parent=581520"}],"wp:term":[{"taxonomy":"category","embeddable":true,"href":"https:\/\/www.diarioimagen.net\/index.php?rest_route=%2Fwp%2Fv2%2Fcategories&post=581520"},{"taxonomy":"post_tag","embeddable":true,"href":"https:\/\/www.diarioimagen.net\/index.php?rest_route=%2Fwp%2Fv2%2Ftags&post=581520"}],"curies":[{"name":"wp","href":"https:\/\/api.w.org\/{rel}","templated":true}]}}