{"id":581589,"date":"2023-04-24T00:04:08","date_gmt":"2023-04-24T06:04:08","guid":{"rendered":"https:\/\/www.diarioimagen.net\/?p=581589"},"modified":"2023-04-24T02:40:05","modified_gmt":"2023-04-24T08:40:05","slug":"satisfecho-el-ieem-de-la-confrontacion-de-ideas-entre-candidatas","status":"publish","type":"post","link":"https:\/\/www.diarioimagen.net\/?p=581589","title":{"rendered":"Satisfecho el IEEM de la confrontaci\u00f3n de\u00a0ideas entre candidatas"},"content":{"rendered":"<p>&nbsp;<\/p>\n<p><a href=\"https:\/\/www.diarioimagen.net\/?attachment_id=581664\" rel=\"attachment wp-att-581664\"><img loading=\"lazy\" decoding=\"async\" class=\"aligncenter size-full wp-image-581664\" src=\"https:\/\/www.diarioimagen.net\/wp-content\/uploads\/2023\/04\/satisfecho-ieem.jpg\" alt=\"\" width=\"460\" height=\"270\" \/><\/a><\/p>\n<p>&nbsp;<\/p>\n<p><strong>Toluca, Estado de M\u00e9xico.\u2014 <\/strong>El Instituto Electoral del Estado de M\u00e9xico (IEEM) celebr\u00f3 el primer debate p\u00fablico entre las candidatas a la gubernatura, Paulina Alejandra Del Moral Vela, de la \u201cCoalici\u00f3n Va por M\u00e9xico\u201d; y Delfina G\u00f3mez \u00c1lvarez, de la \u201cJuntos Hacemos Historia\u201d en un ejercicio de apertura con la ciudadan\u00eda y promover el voto informado.<\/p>\n<p>En la Sala del Consejo General del IEEM, ambas contendientes expusieron sus propuestas en torno al Combate a la corrupci\u00f3n, Violencia de g\u00e9nero, Servicios p\u00fablicos y Cultura y recreaci\u00f3n. Dicho encuentro fue moderado de forma activa por Ana Paula Ordorica y transmitido en se\u00f1al abierta por Radio y Televisi\u00f3n Mexiquense, as\u00ed como por el Sistema P\u00fablico de Radiodifusi\u00f3n del Estado Mexicano.<\/p>\n","protected":false},"excerpt":{"rendered":"<p>El Instituto Electoral del Estado de M\u00e9xico (IEEM) celebr\u00f3 el primer debate p\u00fablico entre las candidatas a la gubernatura, Paulina Alejandra Del Moral Vela, de la \u201cCoalici\u00f3n Va por M\u00e9xico\u201d; y Delfina G\u00f3mez \u00c1lvarez, de la \u201cJuntos Hacemos Historia\u201d en un ejercicio de apertura con la ciudadan\u00eda y promover el voto informado.<\/p>\n","protected":false},"author":3,"featured_media":581664,"comment_status":"open","ping_status":"open","sticky":false,"template":"","format":"standard","meta":{"_monsterinsights_skip_tracking":false,"_monsterinsights_sitenote_active":false,"_monsterinsights_sitenote_note":"","_monsterinsights_sitenote_category":0,"footnotes":""},"categories":[5],"tags":[694,97760],"class_list":["post-581589","post","type-post","status-publish","format-standard","has-post-thumbnail","hentry","category-estado-de-mexico","tag-ieem","tag-paulina-alejandra-del-moral-vela"],"_links":{"self":[{"href":"https:\/\/www.diarioimagen.net\/index.php?rest_route=\/wp\/v2\/posts\/581589","targetHints":{"allow":["GET"]}}],"collection":[{"href":"https:\/\/www.diarioimagen.net\/index.php?rest_route=\/wp\/v2\/posts"}],"about":[{"href":"https:\/\/www.diarioimagen.net\/index.php?rest_route=\/wp\/v2\/types\/post"}],"author":[{"embeddable":true,"href":"https:\/\/www.diarioimagen.net\/index.php?rest_route=\/wp\/v2\/users\/3"}],"replies":[{"embeddable":true,"href":"https:\/\/www.diarioimagen.net\/index.php?rest_route=%2Fwp%2Fv2%2Fcomments&post=581589"}],"version-history":[{"count":0,"href":"https:\/\/www.diarioimagen.net\/index.php?rest_route=\/wp\/v2\/posts\/581589\/revisions"}],"wp:featuredmedia":[{"embeddable":true,"href":"https:\/\/www.diarioimagen.net\/index.php?rest_route=\/wp\/v2\/media\/581664"}],"wp:attachment":[{"href":"https:\/\/www.diarioimagen.net\/index.php?rest_route=%2Fwp%2Fv2%2Fmedia&parent=581589"}],"wp:term":[{"taxonomy":"category","embeddable":true,"href":"https:\/\/www.diarioimagen.net\/index.php?rest_route=%2Fwp%2Fv2%2Fcategories&post=581589"},{"taxonomy":"post_tag","embeddable":true,"href":"https:\/\/www.diarioimagen.net\/index.php?rest_route=%2Fwp%2Fv2%2Ftags&post=581589"}],"curies":[{"name":"wp","href":"https:\/\/api.w.org\/{rel}","templated":true}]}}